{"id":2459,"date":"2020-07-24T17:21:38","date_gmt":"2020-07-24T20:21:38","guid":{"rendered":"https:\/\/www.naturafrig.com.br\/?p=2459"},"modified":"2020-07-24T17:21:38","modified_gmt":"2020-07-24T20:21:38","slug":"trabalhadores-naturafrig-rochedo-respeitam-quarentena-e-testam-negativo-para-covid-19","status":"publish","type":"post","link":"https:\/\/www.naturafrig.com.br\/en\/trabalhadores-naturafrig-rochedo-respeitam-quarentena-e-testam-negativo-para-covid-19\/","title":{"rendered":"Trabalhadores Naturafrig Rochedo respeitam quarentena  e testam negativo para COVID-19"},"content":{"rendered":"<p>Desde o \u00faltimo dia 14 de julho a unidade de Rochedo retomou as atividades ap\u00f3s ter concedido f\u00e9rias coletivas. No dia 10 de julho os funcion\u00e1rios passaram por testagem de detec\u00e7\u00e3o do COVID 19 em pontos em Rochedo e tamb\u00e9m em Corguinho. Todos testaram negativo para o novo coronav\u00edrus. Tamb\u00e9m realizaram o teste, trabalhadores que pertencem a empresas terceirizadas que prestam servi\u00e7os dentro da unidade, e tamb\u00e9m testaram negativo para o v\u00edrus.\u00a0 O levantamento com 743 testagens foi recebido com extrema alegria pela dire\u00e7\u00e3o da empresa.<\/p>\n<p>A previs\u00e3o era retomar dia 13 de julho, mas a dire\u00e7\u00e3o, como mais uma medida preventiva fez nova desinfec\u00e7\u00e3o em todos os departamentos do frigor\u00edfico. A testagem foi realizada pela prefeitura municipal de Rochedo e de Corguinho, atrav\u00e9s das suas respectivas secretarias de sa\u00fade, acompanhada pelo m\u00e9dico do trabalho e pela m\u00e9dica infectologista da empresa, organizadas por grupos de trabalhadores separados por ordem alfab\u00e9tica, e para evitar aglomera\u00e7\u00e3o, cada profissional recebeu o hor\u00e1rio para comparecer.<\/p>\n<p>Tanto a empresa, quanto os executivos municipais de cada munic\u00edpio (Rochedo e Corguinho), \u00a0acreditam que o sucesso se deu por conta das medidas adotadas em conjunto: antecipa\u00e7\u00e3o das f\u00e9rias coletivas e medidas mais restritivas nos munic\u00edpios, sobretudo, a ades\u00e3o ao isolamento social respeitado pelos colaboradores da empresa e pela sociedade em geral. Para o secret\u00e1rio de Sa\u00fade de Rochedo, Carlos Roberto da Silva, ressaltou que as medidas preventivas v\u00eam sendo tomadas desde mar\u00e7o. \u201cEstamos dando todo o suporte necess\u00e1rio, com os pontos e trabalhadores e esse \u00e9 o resultado das a\u00e7\u00f5es em conjunto\u201d.<\/p>\n<p><strong>Medidas de preven\u00e7\u00e3o<\/strong><\/p>\n<p>A empresa refor\u00e7a que manter\u00e1 e ampliar\u00e1 as medidas de preven\u00e7\u00e3o.<\/p>\n<p><strong>Seguran\u00e7a e Qualidade dos Produtos<\/strong><\/p>\n<p>Todos os insumos utilizados para produ\u00e7\u00e3o (etiquetas, embalagens, etc.) passam por desinfec\u00e7\u00e3o, inclusive nos locais de armazenagem.<\/p>\n<p>Os caminh\u00f5es containers tamb\u00e9m s\u00e3o desinfetados, mediante a aplica\u00e7\u00e3o de produtos espec\u00edficos para ind\u00fastria aliment\u00edcia; o setor de Garantia da Qualidade est\u00e1 fortemente estruturado para garantir a seguran\u00e7a do produto at\u00e9 o consumidor final.<\/p>\n<p><strong>Preven\u00e7\u00e3o permanente<\/strong><\/p>\n<p>A unidade passa ainda por mais adapta\u00e7\u00f5es, como refor\u00e7o no t\u00fanel de desinfec\u00e7\u00e3o que j\u00e1 existia, sanitiza\u00e7\u00e3o nos ve\u00edculos que entram na unidade, mais dispenses com \u00e1lcool em gel, al\u00e9m dos EPIs para os trabalhadores e estrutura\u00e7\u00e3o do polo industrial com v\u00e1rias barreias que j\u00e1 est\u00e3o sendo instaladas. A condu\u00e7\u00e3o da Naturafrig transforma a unidade em um caso diferenciado no pa\u00eds, devido a r\u00e1pida a\u00e7\u00e3o feita na unidade.<\/p>\n<p>A empresa seguir\u00e1 com o refor\u00e7o da equipe de sa\u00fade e permanecer\u00e1 avaliando funcion\u00e1rios.\u00a0 Caso sejam apresentados sintomas, novas testagens ser\u00e3o realizadas.<\/p>\n<p>Nesse per\u00edodo, a unidade remanejou seu abate para a Nova Andradina e seguiu com os compromissos com toda a cadeia produtiva. A unidade tamb\u00e9m segue com todas as habilita\u00e7\u00f5es j\u00e1 adquiridas.<\/p>\n<p>&nbsp;<\/p>\n<p><strong><em>Informa\u00e7\u00f5es para a imprensa: <\/em><\/strong><\/p>\n<p><em>Contexto M\u00eddia <br \/>\n<\/em><em>www.contextomidia.com.br <\/em><\/p>\n<p><em>Dilma Bernardes \u2013 <\/em><a href=\"mailto:dilma@contextomidia.com.br\"><em>dilma@contextomidia.com.br<\/em><\/a><br \/>\n<em>67-992074496 <\/em><\/p>\n<p><em>Luciane Mamor\u00e9 \u2013 <\/em><a href=\"mailto:mamore@contextomidia.com.br\"><em>mamore@contextomidia.com.br<\/em><\/a><br \/>\n<em>67-992074497<\/em><\/p>","protected":false},"excerpt":{"rendered":"<p>Desde o \u00faltimo dia 14 de julho a unidade de Rochedo retomou as atividades ap\u00f3s ter concedido f\u00e9rias coletivas. No dia 10 de julho os funcion\u00e1rios passaram por testagem de detec\u00e7\u00e3o do COVID 19 em pontos em Rochedo e tamb\u00e9m em Corguinho. Todos testaram negativo para o novo coronav\u00edrus. Tamb\u00e9m realizaram o teste, trabalhadores que [&hellip;]<\/p>\n","protected":false},"author":1,"featured_media":6156,"comment_status":"open","ping_status":"open","sticky":false,"template":"","format":"standard","meta":{"_acf_changed":false,"inline_featured_image":false,"footnotes":""},"categories":[1],"tags":[],"class_list":["post-2459","post","type-post","status-publish","format-standard","has-post-thumbnail","hentry","category-noticias"],"acf":[],"yoast_head":"<!-- This site is optimized with the Yoast SEO plugin v27.5 - https:\/\/yoast.com\/product\/yoast-seo-wordpress\/ -->\n<title>Trabalhadores Naturafrig Rochedo respeitam quarentena e testam negativo para COVID-19 - Naturafrig Alimentos<\/title>\n<meta name=\"robots\" content=\"index, follow, max-snippet:-1, max-image-preview:large, max-video-preview:-1\" \/>\n<link rel=\"canonical\" href=\"https:\/\/www.naturafrig.com.br\/en\/trabalhadores-naturafrig-rochedo-respeitam-quarentena-e-testam-negativo-para-covid-19\/\" \/>\n<meta property=\"og:locale\" content=\"en_US\" \/>\n<meta property=\"og:type\" content=\"article\" \/>\n<meta property=\"og:title\" content=\"Trabalhadores Naturafrig Rochedo respeitam quarentena e testam negativo para COVID-19 - Naturafrig Alimentos\" \/>\n<meta property=\"og:description\" content=\"Desde o \u00faltimo dia 14 de julho a unidade de Rochedo retomou as atividades ap\u00f3s ter concedido f\u00e9rias coletivas. No dia 10 de julho os funcion\u00e1rios passaram por testagem de detec\u00e7\u00e3o do COVID 19 em pontos em Rochedo e tamb\u00e9m em Corguinho. Todos testaram negativo para o novo coronav\u00edrus. Tamb\u00e9m realizaram o teste, trabalhadores que [&hellip;]\" \/>\n<meta property=\"og:url\" content=\"https:\/\/www.naturafrig.com.br\/en\/trabalhadores-naturafrig-rochedo-respeitam-quarentena-e-testam-negativo-para-covid-19\/\" \/>\n<meta property=\"og:site_name\" content=\"Naturafrig Alimentos\" \/>\n<meta property=\"article:publisher\" content=\"https:\/\/www.facebook.com\/naturafrig\/\" \/>\n<meta property=\"article:published_time\" content=\"2020-07-24T20:21:38+00:00\" \/>\n<meta property=\"og:image\" content=\"https:\/\/www.naturafrig.com.br\/wp-content\/uploads\/2020\/07\/TRABALHADORES-NATURAFRIG-ROCHEDO-RESPEITAM-QUARENTENA-E-TESTAM-NEGATIVO-PARA-COVID-19.jpeg\" \/>\n\t<meta property=\"og:image:width\" content=\"770\" \/>\n\t<meta property=\"og:image:height\" content=\"530\" \/>\n\t<meta property=\"og:image:type\" content=\"image\/jpeg\" \/>\n<meta name=\"author\" content=\"naturafrig\" \/>\n<meta name=\"twitter:card\" content=\"summary_large_image\" \/>\n<meta name=\"twitter:label1\" content=\"Written by\" \/>\n\t<meta name=\"twitter:data1\" content=\"naturafrig\" \/>\n\t<meta name=\"twitter:label2\" content=\"Est. reading time\" \/>\n\t<meta name=\"twitter:data2\" content=\"3 minutes\" \/>\n<script type=\"application\/ld+json\" class=\"yoast-schema-graph\">{\"@context\":\"https:\\\/\\\/schema.org\",\"@graph\":[{\"@type\":\"Article\",\"@id\":\"https:\\\/\\\/www.naturafrig.com.br\\\/trabalhadores-naturafrig-rochedo-respeitam-quarentena-e-testam-negativo-para-covid-19\\\/#article\",\"isPartOf\":{\"@id\":\"https:\\\/\\\/www.naturafrig.com.br\\\/trabalhadores-naturafrig-rochedo-respeitam-quarentena-e-testam-negativo-para-covid-19\\\/\"},\"author\":{\"name\":\"naturafrig\",\"@id\":\"https:\\\/\\\/www.naturafrig.com.br\\\/#\\\/schema\\\/person\\\/2236af56dd336b8153c73d7ce6952ffa\"},\"headline\":\"Trabalhadores Naturafrig Rochedo respeitam quarentena e testam negativo para COVID-19\",\"datePublished\":\"2020-07-24T20:21:38+00:00\",\"mainEntityOfPage\":{\"@id\":\"https:\\\/\\\/www.naturafrig.com.br\\\/trabalhadores-naturafrig-rochedo-respeitam-quarentena-e-testam-negativo-para-covid-19\\\/\"},\"wordCount\":547,\"commentCount\":0,\"publisher\":{\"@id\":\"https:\\\/\\\/www.naturafrig.com.br\\\/#organization\"},\"image\":{\"@id\":\"https:\\\/\\\/www.naturafrig.com.br\\\/trabalhadores-naturafrig-rochedo-respeitam-quarentena-e-testam-negativo-para-covid-19\\\/#primaryimage\"},\"thumbnailUrl\":\"https:\\\/\\\/www.naturafrig.com.br\\\/wp-content\\\/uploads\\\/2020\\\/07\\\/TRABALHADORES-NATURAFRIG-ROCHEDO-RESPEITAM-QUARENTENA-E-TESTAM-NEGATIVO-PARA-COVID-19.jpeg\",\"articleSection\":[\"Not\u00edcias\"],\"inLanguage\":\"en-US\"},{\"@type\":\"WebPage\",\"@id\":\"https:\\\/\\\/www.naturafrig.com.br\\\/trabalhadores-naturafrig-rochedo-respeitam-quarentena-e-testam-negativo-para-covid-19\\\/\",\"url\":\"https:\\\/\\\/www.naturafrig.com.br\\\/trabalhadores-naturafrig-rochedo-respeitam-quarentena-e-testam-negativo-para-covid-19\\\/\",\"name\":\"Trabalhadores Naturafrig Rochedo respeitam quarentena e testam negativo para COVID-19 - Naturafrig Alimentos\",\"isPartOf\":{\"@id\":\"https:\\\/\\\/www.naturafrig.com.br\\\/#website\"},\"primaryImageOfPage\":{\"@id\":\"https:\\\/\\\/www.naturafrig.com.br\\\/trabalhadores-naturafrig-rochedo-respeitam-quarentena-e-testam-negativo-para-covid-19\\\/#primaryimage\"},\"image\":{\"@id\":\"https:\\\/\\\/www.naturafrig.com.br\\\/trabalhadores-naturafrig-rochedo-respeitam-quarentena-e-testam-negativo-para-covid-19\\\/#primaryimage\"},\"thumbnailUrl\":\"https:\\\/\\\/www.naturafrig.com.br\\\/wp-content\\\/uploads\\\/2020\\\/07\\\/TRABALHADORES-NATURAFRIG-ROCHEDO-RESPEITAM-QUARENTENA-E-TESTAM-NEGATIVO-PARA-COVID-19.jpeg\",\"datePublished\":\"2020-07-24T20:21:38+00:00\",\"breadcrumb\":{\"@id\":\"https:\\\/\\\/www.naturafrig.com.br\\\/trabalhadores-naturafrig-rochedo-respeitam-quarentena-e-testam-negativo-para-covid-19\\\/#breadcrumb\"},\"inLanguage\":\"en-US\",\"potentialAction\":[{\"@type\":\"ReadAction\",\"target\":[\"https:\\\/\\\/www.naturafrig.com.br\\\/trabalhadores-naturafrig-rochedo-respeitam-quarentena-e-testam-negativo-para-covid-19\\\/\"]}]},{\"@type\":\"ImageObject\",\"inLanguage\":\"en-US\",\"@id\":\"https:\\\/\\\/www.naturafrig.com.br\\\/trabalhadores-naturafrig-rochedo-respeitam-quarentena-e-testam-negativo-para-covid-19\\\/#primaryimage\",\"url\":\"https:\\\/\\\/www.naturafrig.com.br\\\/wp-content\\\/uploads\\\/2020\\\/07\\\/TRABALHADORES-NATURAFRIG-ROCHEDO-RESPEITAM-QUARENTENA-E-TESTAM-NEGATIVO-PARA-COVID-19.jpeg\",\"contentUrl\":\"https:\\\/\\\/www.naturafrig.com.br\\\/wp-content\\\/uploads\\\/2020\\\/07\\\/TRABALHADORES-NATURAFRIG-ROCHEDO-RESPEITAM-QUARENTENA-E-TESTAM-NEGATIVO-PARA-COVID-19.jpeg\",\"width\":770,\"height\":530},{\"@type\":\"BreadcrumbList\",\"@id\":\"https:\\\/\\\/www.naturafrig.com.br\\\/trabalhadores-naturafrig-rochedo-respeitam-quarentena-e-testam-negativo-para-covid-19\\\/#breadcrumb\",\"itemListElement\":[{\"@type\":\"ListItem\",\"position\":1,\"name\":\"In\u00edcio\",\"item\":\"https:\\\/\\\/www.naturafrig.com.br\\\/\"},{\"@type\":\"ListItem\",\"position\":2,\"name\":\"Trabalhadores Naturafrig Rochedo respeitam quarentena e testam negativo para COVID-19\"}]},{\"@type\":\"WebSite\",\"@id\":\"https:\\\/\\\/www.naturafrig.com.br\\\/#website\",\"url\":\"https:\\\/\\\/www.naturafrig.com.br\\\/\",\"name\":\"Naturafrig Alimentos\",\"description\":\"Qualidade em cada corte!\",\"publisher\":{\"@id\":\"https:\\\/\\\/www.naturafrig.com.br\\\/#organization\"},\"potentialAction\":[{\"@type\":\"SearchAction\",\"target\":{\"@type\":\"EntryPoint\",\"urlTemplate\":\"https:\\\/\\\/www.naturafrig.com.br\\\/?s={search_term_string}\"},\"query-input\":{\"@type\":\"PropertyValueSpecification\",\"valueRequired\":true,\"valueName\":\"search_term_string\"}}],\"inLanguage\":\"en-US\"},{\"@type\":\"Organization\",\"@id\":\"https:\\\/\\\/www.naturafrig.com.br\\\/#organization\",\"name\":\"Naturafrig Alimentos\",\"url\":\"https:\\\/\\\/www.naturafrig.com.br\\\/\",\"logo\":{\"@type\":\"ImageObject\",\"inLanguage\":\"en-US\",\"@id\":\"https:\\\/\\\/www.naturafrig.com.br\\\/#\\\/schema\\\/logo\\\/image\\\/\",\"url\":\"https:\\\/\\\/www.naturafrig.com.br\\\/wp-content\\\/uploads\\\/2025\\\/11\\\/logo_naturafrig.png\",\"contentUrl\":\"https:\\\/\\\/www.naturafrig.com.br\\\/wp-content\\\/uploads\\\/2025\\\/11\\\/logo_naturafrig.png\",\"width\":450,\"height\":220,\"caption\":\"Naturafrig Alimentos\"},\"image\":{\"@id\":\"https:\\\/\\\/www.naturafrig.com.br\\\/#\\\/schema\\\/logo\\\/image\\\/\"},\"sameAs\":[\"https:\\\/\\\/www.facebook.com\\\/naturafrig\\\/\"]},{\"@type\":\"Person\",\"@id\":\"https:\\\/\\\/www.naturafrig.com.br\\\/#\\\/schema\\\/person\\\/2236af56dd336b8153c73d7ce6952ffa\",\"name\":\"naturafrig\",\"image\":{\"@type\":\"ImageObject\",\"inLanguage\":\"en-US\",\"@id\":\"https:\\\/\\\/secure.gravatar.com\\\/avatar\\\/bf850200d24c8ad5ac328f455ea5424b4aab297cbdf824ea4518f2b240d94a64?s=96&d=mm&r=g\",\"url\":\"https:\\\/\\\/secure.gravatar.com\\\/avatar\\\/bf850200d24c8ad5ac328f455ea5424b4aab297cbdf824ea4518f2b240d94a64?s=96&d=mm&r=g\",\"contentUrl\":\"https:\\\/\\\/secure.gravatar.com\\\/avatar\\\/bf850200d24c8ad5ac328f455ea5424b4aab297cbdf824ea4518f2b240d94a64?s=96&d=mm&r=g\",\"caption\":\"naturafrig\"},\"sameAs\":[\"https:\\\/\\\/www.naturafrig.com.br\"],\"url\":\"https:\\\/\\\/www.naturafrig.com.br\\\/en\\\/author\\\/naturafrig\\\/\"}]}<\/script>\n<!-- \/ Yoast SEO plugin. -->","yoast_head_json":{"title":"Trabalhadores Naturafrig Rochedo respeitam quarentena e testam negativo para COVID-19 - Naturafrig Alimentos","robots":{"index":"index","follow":"follow","max-snippet":"max-snippet:-1","max-image-preview":"max-image-preview:large","max-video-preview":"max-video-preview:-1"},"canonical":"https:\/\/www.naturafrig.com.br\/en\/trabalhadores-naturafrig-rochedo-respeitam-quarentena-e-testam-negativo-para-covid-19\/","og_locale":"en_US","og_type":"article","og_title":"Trabalhadores Naturafrig Rochedo respeitam quarentena e testam negativo para COVID-19 - Naturafrig Alimentos","og_description":"Desde o \u00faltimo dia 14 de julho a unidade de Rochedo retomou as atividades ap\u00f3s ter concedido f\u00e9rias coletivas. No dia 10 de julho os funcion\u00e1rios passaram por testagem de detec\u00e7\u00e3o do COVID 19 em pontos em Rochedo e tamb\u00e9m em Corguinho. Todos testaram negativo para o novo coronav\u00edrus. Tamb\u00e9m realizaram o teste, trabalhadores que [&hellip;]","og_url":"https:\/\/www.naturafrig.com.br\/en\/trabalhadores-naturafrig-rochedo-respeitam-quarentena-e-testam-negativo-para-covid-19\/","og_site_name":"Naturafrig Alimentos","article_publisher":"https:\/\/www.facebook.com\/naturafrig\/","article_published_time":"2020-07-24T20:21:38+00:00","og_image":[{"width":770,"height":530,"url":"https:\/\/www.naturafrig.com.br\/wp-content\/uploads\/2020\/07\/TRABALHADORES-NATURAFRIG-ROCHEDO-RESPEITAM-QUARENTENA-E-TESTAM-NEGATIVO-PARA-COVID-19.jpeg","type":"image\/jpeg"}],"author":"naturafrig","twitter_card":"summary_large_image","twitter_misc":{"Written by":"naturafrig","Est. reading time":"3 minutes"},"schema":{"@context":"https:\/\/schema.org","@graph":[{"@type":"Article","@id":"https:\/\/www.naturafrig.com.br\/trabalhadores-naturafrig-rochedo-respeitam-quarentena-e-testam-negativo-para-covid-19\/#article","isPartOf":{"@id":"https:\/\/www.naturafrig.com.br\/trabalhadores-naturafrig-rochedo-respeitam-quarentena-e-testam-negativo-para-covid-19\/"},"author":{"name":"naturafrig","@id":"https:\/\/www.naturafrig.com.br\/#\/schema\/person\/2236af56dd336b8153c73d7ce6952ffa"},"headline":"Trabalhadores Naturafrig Rochedo respeitam quarentena e testam negativo para COVID-19","datePublished":"2020-07-24T20:21:38+00:00","mainEntityOfPage":{"@id":"https:\/\/www.naturafrig.com.br\/trabalhadores-naturafrig-rochedo-respeitam-quarentena-e-testam-negativo-para-covid-19\/"},"wordCount":547,"commentCount":0,"publisher":{"@id":"https:\/\/www.naturafrig.com.br\/#organization"},"image":{"@id":"https:\/\/www.naturafrig.com.br\/trabalhadores-naturafrig-rochedo-respeitam-quarentena-e-testam-negativo-para-covid-19\/#primaryimage"},"thumbnailUrl":"https:\/\/www.naturafrig.com.br\/wp-content\/uploads\/2020\/07\/TRABALHADORES-NATURAFRIG-ROCHEDO-RESPEITAM-QUARENTENA-E-TESTAM-NEGATIVO-PARA-COVID-19.jpeg","articleSection":["Not\u00edcias"],"inLanguage":"en-US"},{"@type":"WebPage","@id":"https:\/\/www.naturafrig.com.br\/trabalhadores-naturafrig-rochedo-respeitam-quarentena-e-testam-negativo-para-covid-19\/","url":"https:\/\/www.naturafrig.com.br\/trabalhadores-naturafrig-rochedo-respeitam-quarentena-e-testam-negativo-para-covid-19\/","name":"Trabalhadores Naturafrig Rochedo respeitam quarentena e testam negativo para COVID-19 - Naturafrig Alimentos","isPartOf":{"@id":"https:\/\/www.naturafrig.com.br\/#website"},"primaryImageOfPage":{"@id":"https:\/\/www.naturafrig.com.br\/trabalhadores-naturafrig-rochedo-respeitam-quarentena-e-testam-negativo-para-covid-19\/#primaryimage"},"image":{"@id":"https:\/\/www.naturafrig.com.br\/trabalhadores-naturafrig-rochedo-respeitam-quarentena-e-testam-negativo-para-covid-19\/#primaryimage"},"thumbnailUrl":"https:\/\/www.naturafrig.com.br\/wp-content\/uploads\/2020\/07\/TRABALHADORES-NATURAFRIG-ROCHEDO-RESPEITAM-QUARENTENA-E-TESTAM-NEGATIVO-PARA-COVID-19.jpeg","datePublished":"2020-07-24T20:21:38+00:00","breadcrumb":{"@id":"https:\/\/www.naturafrig.com.br\/trabalhadores-naturafrig-rochedo-respeitam-quarentena-e-testam-negativo-para-covid-19\/#breadcrumb"},"inLanguage":"en-US","potentialAction":[{"@type":"ReadAction","target":["https:\/\/www.naturafrig.com.br\/trabalhadores-naturafrig-rochedo-respeitam-quarentena-e-testam-negativo-para-covid-19\/"]}]},{"@type":"ImageObject","inLanguage":"en-US","@id":"https:\/\/www.naturafrig.com.br\/trabalhadores-naturafrig-rochedo-respeitam-quarentena-e-testam-negativo-para-covid-19\/#primaryimage","url":"https:\/\/www.naturafrig.com.br\/wp-content\/uploads\/2020\/07\/TRABALHADORES-NATURAFRIG-ROCHEDO-RESPEITAM-QUARENTENA-E-TESTAM-NEGATIVO-PARA-COVID-19.jpeg","contentUrl":"https:\/\/www.naturafrig.com.br\/wp-content\/uploads\/2020\/07\/TRABALHADORES-NATURAFRIG-ROCHEDO-RESPEITAM-QUARENTENA-E-TESTAM-NEGATIVO-PARA-COVID-19.jpeg","width":770,"height":530},{"@type":"BreadcrumbList","@id":"https:\/\/www.naturafrig.com.br\/trabalhadores-naturafrig-rochedo-respeitam-quarentena-e-testam-negativo-para-covid-19\/#breadcrumb","itemListElement":[{"@type":"ListItem","position":1,"name":"In\u00edcio","item":"https:\/\/www.naturafrig.com.br\/"},{"@type":"ListItem","position":2,"name":"Trabalhadores Naturafrig Rochedo respeitam quarentena e testam negativo para COVID-19"}]},{"@type":"WebSite","@id":"https:\/\/www.naturafrig.com.br\/#website","url":"https:\/\/www.naturafrig.com.br\/","name":"Naturafrig Alimentos","description":"Qualidade em cada corte!","publisher":{"@id":"https:\/\/www.naturafrig.com.br\/#organization"},"potentialAction":[{"@type":"SearchAction","target":{"@type":"EntryPoint","urlTemplate":"https:\/\/www.naturafrig.com.br\/?s={search_term_string}"},"query-input":{"@type":"PropertyValueSpecification","valueRequired":true,"valueName":"search_term_string"}}],"inLanguage":"en-US"},{"@type":"Organization","@id":"https:\/\/www.naturafrig.com.br\/#organization","name":"Naturafrig Alimentos","url":"https:\/\/www.naturafrig.com.br\/","logo":{"@type":"ImageObject","inLanguage":"en-US","@id":"https:\/\/www.naturafrig.com.br\/#\/schema\/logo\/image\/","url":"https:\/\/www.naturafrig.com.br\/wp-content\/uploads\/2025\/11\/logo_naturafrig.png","contentUrl":"https:\/\/www.naturafrig.com.br\/wp-content\/uploads\/2025\/11\/logo_naturafrig.png","width":450,"height":220,"caption":"Naturafrig Alimentos"},"image":{"@id":"https:\/\/www.naturafrig.com.br\/#\/schema\/logo\/image\/"},"sameAs":["https:\/\/www.facebook.com\/naturafrig\/"]},{"@type":"Person","@id":"https:\/\/www.naturafrig.com.br\/#\/schema\/person\/2236af56dd336b8153c73d7ce6952ffa","name":"naturafrig","image":{"@type":"ImageObject","inLanguage":"en-US","@id":"https:\/\/secure.gravatar.com\/avatar\/bf850200d24c8ad5ac328f455ea5424b4aab297cbdf824ea4518f2b240d94a64?s=96&d=mm&r=g","url":"https:\/\/secure.gravatar.com\/avatar\/bf850200d24c8ad5ac328f455ea5424b4aab297cbdf824ea4518f2b240d94a64?s=96&d=mm&r=g","contentUrl":"https:\/\/secure.gravatar.com\/avatar\/bf850200d24c8ad5ac328f455ea5424b4aab297cbdf824ea4518f2b240d94a64?s=96&d=mm&r=g","caption":"naturafrig"},"sameAs":["https:\/\/www.naturafrig.com.br"],"url":"https:\/\/www.naturafrig.com.br\/en\/author\/naturafrig\/"}]}},"_links":{"self":[{"href":"https:\/\/www.naturafrig.com.br\/en\/wp-json\/wp\/v2\/posts\/2459","targetHints":{"allow":["GET"]}}],"collection":[{"href":"https:\/\/www.naturafrig.com.br\/en\/wp-json\/wp\/v2\/posts"}],"about":[{"href":"https:\/\/www.naturafrig.com.br\/en\/wp-json\/wp\/v2\/types\/post"}],"author":[{"embeddable":true,"href":"https:\/\/www.naturafrig.com.br\/en\/wp-json\/wp\/v2\/users\/1"}],"replies":[{"embeddable":true,"href":"https:\/\/www.naturafrig.com.br\/en\/wp-json\/wp\/v2\/comments?post=2459"}],"version-history":[{"count":0,"href":"https:\/\/www.naturafrig.com.br\/en\/wp-json\/wp\/v2\/posts\/2459\/revisions"}],"wp:featuredmedia":[{"embeddable":true,"href":"https:\/\/www.naturafrig.com.br\/en\/wp-json\/wp\/v2\/media\/6156"}],"wp:attachment":[{"href":"https:\/\/www.naturafrig.com.br\/en\/wp-json\/wp\/v2\/media?parent=2459"}],"wp:term":[{"taxonomy":"category","embeddable":true,"href":"https:\/\/www.naturafrig.com.br\/en\/wp-json\/wp\/v2\/categories?post=2459"},{"taxonomy":"post_tag","embeddable":true,"href":"https:\/\/www.naturafrig.com.br\/en\/wp-json\/wp\/v2\/tags?post=2459"}],"curies":[{"name":"wp","href":"https:\/\/api.w.org\/{rel}","templated":true}]}}