{"id":465,"date":"2017-03-31T17:12:35","date_gmt":"2017-03-31T20:12:35","guid":{"rendered":"http:\/\/www.naturafrig.com.br\/site\/?p=465"},"modified":"2017-03-31T17:12:35","modified_gmt":"2017-03-31T20:12:35","slug":"nota-sobre-a-operacao-carne-fraca","status":"publish","type":"post","link":"https:\/\/www.naturafrig.com.br\/en\/nota-sobre-a-operacao-carne-fraca\/","title":{"rendered":"NOTA SOBRE A OPERA\u00c7\u00c3O \u201cCARNE FRACA\u201d"},"content":{"rendered":"<p>Com rela\u00e7\u00e3o \u00e0 Opera\u00e7\u00e3o Carne Fraca, deflagrada pela Pol\u00edcia Federal em 17 de mar\u00e7o, a Naturafrig Alimentos Ltda vem, por meio desta, informar seus clientes e fornecedores que nenhuma de suas quatro unidades produtoras foram citadas na den\u00fancia, que teve como fundamento atos de corrup\u00e7\u00e3o de alguns fiscais federais agropecu\u00e1rios. Tampouco consta na lista dos 21 estabelecimentos que est\u00e3o sendo investigados.<\/p>\n<p>Nossas plantas segue r\u00edgidas normas e padr\u00f5es internacionais de seguran\u00e7a de alimentos para produ\u00e7\u00e3o e comercializa\u00e7\u00e3o de \u00a0carne bovina de qualidade destinada tanto ao mercado interno quanto aos pa\u00edses para os quais exportamos.\u00a0<\/p>\n<p>Os casos que vieram a p\u00fablico por meio da Opera\u00e7\u00e3o supracitada s\u00e3o isolados e n\u00e3o representam a imensa cadeia produtiva de carne bovina no Brasil.<\/p>\n<p>A empresa repudia veementemente a ado\u00e7\u00e3o de pr\u00e1ticas que n\u00e3o condizem com a legisla\u00e7\u00e3o e coma garantia da qualidade dos alimentos, e refor\u00e7a seu comprometimento em fornecer produtos da mais alta qualidade e seguran\u00e7a aos seus clientes e consumidores\u00a0<\/p>\n<p>&nbsp;<\/p>\n<p>Atenciosamente,\u00a0<\/p>\n<p>&nbsp;<\/p>\n<p>Tatiane Ganda &#8211; Gestora de Qualidade\u00a0<\/p>","protected":false},"excerpt":{"rendered":"<p>Com rela\u00e7\u00e3o \u00e0 Opera\u00e7\u00e3o Carne Fraca, deflagrada pela Pol\u00edcia Federal em 17 de mar\u00e7o, a Naturafrig Alimentos Ltda vem, por meio desta, informar seus clientes e fornecedores que nenhuma de suas quatro unidades produtoras foram citadas na den\u00fancia, que teve como fundamento atos de corrup\u00e7\u00e3o de alguns fiscais federais agropecu\u00e1rios. Tampouco consta na lista dos [&hellip;]<\/p>\n","protected":false},"author":1,"featured_media":6355,"comment_status":"open","ping_status":"open","sticky":false,"template":"","format":"standard","meta":{"_acf_changed":false,"inline_featured_image":false,"footnotes":""},"categories":[1],"tags":[],"class_list":["post-465","post","type-post","status-publish","format-standard","has-post-thumbnail","hentry","category-noticias"],"acf":[],"yoast_head":"<!-- This site is optimized with the Yoast SEO plugin v27.5 - https:\/\/yoast.com\/product\/yoast-seo-wordpress\/ -->\n<title>NOTA SOBRE A OPERA\u00c7\u00c3O \u201cCARNE FRACA\u201d - Naturafrig Alimentos<\/title>\n<meta name=\"robots\" content=\"index, follow, max-snippet:-1, max-image-preview:large, max-video-preview:-1\" \/>\n<link rel=\"canonical\" href=\"https:\/\/www.naturafrig.com.br\/en\/nota-sobre-a-operacao-carne-fraca\/\" \/>\n<meta property=\"og:locale\" content=\"en_US\" \/>\n<meta property=\"og:type\" content=\"article\" \/>\n<meta property=\"og:title\" content=\"NOTA SOBRE A OPERA\u00c7\u00c3O \u201cCARNE FRACA\u201d - Naturafrig Alimentos\" \/>\n<meta property=\"og:description\" content=\"Com rela\u00e7\u00e3o \u00e0 Opera\u00e7\u00e3o Carne Fraca, deflagrada pela Pol\u00edcia Federal em 17 de mar\u00e7o, a Naturafrig Alimentos Ltda vem, por meio desta, informar seus clientes e fornecedores que nenhuma de suas quatro unidades produtoras foram citadas na den\u00fancia, que teve como fundamento atos de corrup\u00e7\u00e3o de alguns fiscais federais agropecu\u00e1rios. Tampouco consta na lista dos [&hellip;]\" \/>\n<meta property=\"og:url\" content=\"https:\/\/www.naturafrig.com.br\/en\/nota-sobre-a-operacao-carne-fraca\/\" \/>\n<meta property=\"og:site_name\" content=\"Naturafrig Alimentos\" \/>\n<meta property=\"article:publisher\" content=\"https:\/\/www.facebook.com\/naturafrig\/\" \/>\n<meta property=\"article:published_time\" content=\"2017-03-31T20:12:35+00:00\" \/>\n<meta property=\"og:image\" content=\"https:\/\/www.naturafrig.com.br\/wp-content\/uploads\/2017\/03\/06_NOTA-SOBRE-A-OPERACAO-CARNE-FRACA.jpg\" \/>\n\t<meta property=\"og:image:width\" content=\"770\" \/>\n\t<meta property=\"og:image:height\" content=\"530\" \/>\n\t<meta property=\"og:image:type\" content=\"image\/jpeg\" \/>\n<meta name=\"author\" content=\"naturafrig\" \/>\n<meta name=\"twitter:card\" content=\"summary_large_image\" \/>\n<meta name=\"twitter:label1\" content=\"Written by\" \/>\n\t<meta name=\"twitter:data1\" content=\"naturafrig\" \/>\n\t<meta name=\"twitter:label2\" content=\"Est. reading time\" \/>\n\t<meta name=\"twitter:data2\" content=\"1 minute\" \/>\n<script type=\"application\/ld+json\" class=\"yoast-schema-graph\">{\"@context\":\"https:\\\/\\\/schema.org\",\"@graph\":[{\"@type\":\"Article\",\"@id\":\"https:\\\/\\\/www.naturafrig.com.br\\\/nota-sobre-a-operacao-carne-fraca\\\/#article\",\"isPartOf\":{\"@id\":\"https:\\\/\\\/www.naturafrig.com.br\\\/nota-sobre-a-operacao-carne-fraca\\\/\"},\"author\":{\"name\":\"naturafrig\",\"@id\":\"https:\\\/\\\/www.naturafrig.com.br\\\/#\\\/schema\\\/person\\\/2236af56dd336b8153c73d7ce6952ffa\"},\"headline\":\"NOTA SOBRE A OPERA\u00c7\u00c3O \u201cCARNE FRACA\u201d\",\"datePublished\":\"2017-03-31T20:12:35+00:00\",\"mainEntityOfPage\":{\"@id\":\"https:\\\/\\\/www.naturafrig.com.br\\\/nota-sobre-a-operacao-carne-fraca\\\/\"},\"wordCount\":195,\"commentCount\":0,\"publisher\":{\"@id\":\"https:\\\/\\\/www.naturafrig.com.br\\\/#organization\"},\"image\":{\"@id\":\"https:\\\/\\\/www.naturafrig.com.br\\\/nota-sobre-a-operacao-carne-fraca\\\/#primaryimage\"},\"thumbnailUrl\":\"https:\\\/\\\/www.naturafrig.com.br\\\/wp-content\\\/uploads\\\/2017\\\/03\\\/06_NOTA-SOBRE-A-OPERACAO-CARNE-FRACA.jpg\",\"articleSection\":[\"Not\u00edcias\"],\"inLanguage\":\"en-US\"},{\"@type\":\"WebPage\",\"@id\":\"https:\\\/\\\/www.naturafrig.com.br\\\/nota-sobre-a-operacao-carne-fraca\\\/\",\"url\":\"https:\\\/\\\/www.naturafrig.com.br\\\/nota-sobre-a-operacao-carne-fraca\\\/\",\"name\":\"NOTA SOBRE A OPERA\u00c7\u00c3O \u201cCARNE FRACA\u201d - Naturafrig Alimentos\",\"isPartOf\":{\"@id\":\"https:\\\/\\\/www.naturafrig.com.br\\\/#website\"},\"primaryImageOfPage\":{\"@id\":\"https:\\\/\\\/www.naturafrig.com.br\\\/nota-sobre-a-operacao-carne-fraca\\\/#primaryimage\"},\"image\":{\"@id\":\"https:\\\/\\\/www.naturafrig.com.br\\\/nota-sobre-a-operacao-carne-fraca\\\/#primaryimage\"},\"thumbnailUrl\":\"https:\\\/\\\/www.naturafrig.com.br\\\/wp-content\\\/uploads\\\/2017\\\/03\\\/06_NOTA-SOBRE-A-OPERACAO-CARNE-FRACA.jpg\",\"datePublished\":\"2017-03-31T20:12:35+00:00\",\"breadcrumb\":{\"@id\":\"https:\\\/\\\/www.naturafrig.com.br\\\/nota-sobre-a-operacao-carne-fraca\\\/#breadcrumb\"},\"inLanguage\":\"en-US\",\"potentialAction\":[{\"@type\":\"ReadAction\",\"target\":[\"https:\\\/\\\/www.naturafrig.com.br\\\/nota-sobre-a-operacao-carne-fraca\\\/\"]}]},{\"@type\":\"ImageObject\",\"inLanguage\":\"en-US\",\"@id\":\"https:\\\/\\\/www.naturafrig.com.br\\\/nota-sobre-a-operacao-carne-fraca\\\/#primaryimage\",\"url\":\"https:\\\/\\\/www.naturafrig.com.br\\\/wp-content\\\/uploads\\\/2017\\\/03\\\/06_NOTA-SOBRE-A-OPERACAO-CARNE-FRACA.jpg\",\"contentUrl\":\"https:\\\/\\\/www.naturafrig.com.br\\\/wp-content\\\/uploads\\\/2017\\\/03\\\/06_NOTA-SOBRE-A-OPERACAO-CARNE-FRACA.jpg\",\"width\":770,\"height\":530},{\"@type\":\"BreadcrumbList\",\"@id\":\"https:\\\/\\\/www.naturafrig.com.br\\\/nota-sobre-a-operacao-carne-fraca\\\/#breadcrumb\",\"itemListElement\":[{\"@type\":\"ListItem\",\"position\":1,\"name\":\"In\u00edcio\",\"item\":\"https:\\\/\\\/www.naturafrig.com.br\\\/\"},{\"@type\":\"ListItem\",\"position\":2,\"name\":\"NOTA SOBRE A OPERA\u00c7\u00c3O \u201cCARNE FRACA\u201d\"}]},{\"@type\":\"WebSite\",\"@id\":\"https:\\\/\\\/www.naturafrig.com.br\\\/#website\",\"url\":\"https:\\\/\\\/www.naturafrig.com.br\\\/\",\"name\":\"Naturafrig Alimentos\",\"description\":\"Qualidade em cada corte!\",\"publisher\":{\"@id\":\"https:\\\/\\\/www.naturafrig.com.br\\\/#organization\"},\"potentialAction\":[{\"@type\":\"SearchAction\",\"target\":{\"@type\":\"EntryPoint\",\"urlTemplate\":\"https:\\\/\\\/www.naturafrig.com.br\\\/?s={search_term_string}\"},\"query-input\":{\"@type\":\"PropertyValueSpecification\",\"valueRequired\":true,\"valueName\":\"search_term_string\"}}],\"inLanguage\":\"en-US\"},{\"@type\":\"Organization\",\"@id\":\"https:\\\/\\\/www.naturafrig.com.br\\\/#organization\",\"name\":\"Naturafrig Alimentos\",\"url\":\"https:\\\/\\\/www.naturafrig.com.br\\\/\",\"logo\":{\"@type\":\"ImageObject\",\"inLanguage\":\"en-US\",\"@id\":\"https:\\\/\\\/www.naturafrig.com.br\\\/#\\\/schema\\\/logo\\\/image\\\/\",\"url\":\"https:\\\/\\\/www.naturafrig.com.br\\\/wp-content\\\/uploads\\\/2025\\\/11\\\/logo_naturafrig.png\",\"contentUrl\":\"https:\\\/\\\/www.naturafrig.com.br\\\/wp-content\\\/uploads\\\/2025\\\/11\\\/logo_naturafrig.png\",\"width\":450,\"height\":220,\"caption\":\"Naturafrig Alimentos\"},\"image\":{\"@id\":\"https:\\\/\\\/www.naturafrig.com.br\\\/#\\\/schema\\\/logo\\\/image\\\/\"},\"sameAs\":[\"https:\\\/\\\/www.facebook.com\\\/naturafrig\\\/\"]},{\"@type\":\"Person\",\"@id\":\"https:\\\/\\\/www.naturafrig.com.br\\\/#\\\/schema\\\/person\\\/2236af56dd336b8153c73d7ce6952ffa\",\"name\":\"naturafrig\",\"image\":{\"@type\":\"ImageObject\",\"inLanguage\":\"en-US\",\"@id\":\"https:\\\/\\\/secure.gravatar.com\\\/avatar\\\/bf850200d24c8ad5ac328f455ea5424b4aab297cbdf824ea4518f2b240d94a64?s=96&d=mm&r=g\",\"url\":\"https:\\\/\\\/secure.gravatar.com\\\/avatar\\\/bf850200d24c8ad5ac328f455ea5424b4aab297cbdf824ea4518f2b240d94a64?s=96&d=mm&r=g\",\"contentUrl\":\"https:\\\/\\\/secure.gravatar.com\\\/avatar\\\/bf850200d24c8ad5ac328f455ea5424b4aab297cbdf824ea4518f2b240d94a64?s=96&d=mm&r=g\",\"caption\":\"naturafrig\"},\"sameAs\":[\"https:\\\/\\\/www.naturafrig.com.br\"],\"url\":\"https:\\\/\\\/www.naturafrig.com.br\\\/en\\\/author\\\/naturafrig\\\/\"}]}<\/script>\n<!-- \/ Yoast SEO plugin. -->","yoast_head_json":{"title":"NOTA SOBRE A OPERA\u00c7\u00c3O \u201cCARNE FRACA\u201d - Naturafrig Alimentos","robots":{"index":"index","follow":"follow","max-snippet":"max-snippet:-1","max-image-preview":"max-image-preview:large","max-video-preview":"max-video-preview:-1"},"canonical":"https:\/\/www.naturafrig.com.br\/en\/nota-sobre-a-operacao-carne-fraca\/","og_locale":"en_US","og_type":"article","og_title":"NOTA SOBRE A OPERA\u00c7\u00c3O \u201cCARNE FRACA\u201d - Naturafrig Alimentos","og_description":"Com rela\u00e7\u00e3o \u00e0 Opera\u00e7\u00e3o Carne Fraca, deflagrada pela Pol\u00edcia Federal em 17 de mar\u00e7o, a Naturafrig Alimentos Ltda vem, por meio desta, informar seus clientes e fornecedores que nenhuma de suas quatro unidades produtoras foram citadas na den\u00fancia, que teve como fundamento atos de corrup\u00e7\u00e3o de alguns fiscais federais agropecu\u00e1rios. Tampouco consta na lista dos [&hellip;]","og_url":"https:\/\/www.naturafrig.com.br\/en\/nota-sobre-a-operacao-carne-fraca\/","og_site_name":"Naturafrig Alimentos","article_publisher":"https:\/\/www.facebook.com\/naturafrig\/","article_published_time":"2017-03-31T20:12:35+00:00","og_image":[{"width":770,"height":530,"url":"https:\/\/www.naturafrig.com.br\/wp-content\/uploads\/2017\/03\/06_NOTA-SOBRE-A-OPERACAO-CARNE-FRACA.jpg","type":"image\/jpeg"}],"author":"naturafrig","twitter_card":"summary_large_image","twitter_misc":{"Written by":"naturafrig","Est. reading time":"1 minute"},"schema":{"@context":"https:\/\/schema.org","@graph":[{"@type":"Article","@id":"https:\/\/www.naturafrig.com.br\/nota-sobre-a-operacao-carne-fraca\/#article","isPartOf":{"@id":"https:\/\/www.naturafrig.com.br\/nota-sobre-a-operacao-carne-fraca\/"},"author":{"name":"naturafrig","@id":"https:\/\/www.naturafrig.com.br\/#\/schema\/person\/2236af56dd336b8153c73d7ce6952ffa"},"headline":"NOTA SOBRE A OPERA\u00c7\u00c3O \u201cCARNE FRACA\u201d","datePublished":"2017-03-31T20:12:35+00:00","mainEntityOfPage":{"@id":"https:\/\/www.naturafrig.com.br\/nota-sobre-a-operacao-carne-fraca\/"},"wordCount":195,"commentCount":0,"publisher":{"@id":"https:\/\/www.naturafrig.com.br\/#organization"},"image":{"@id":"https:\/\/www.naturafrig.com.br\/nota-sobre-a-operacao-carne-fraca\/#primaryimage"},"thumbnailUrl":"https:\/\/www.naturafrig.com.br\/wp-content\/uploads\/2017\/03\/06_NOTA-SOBRE-A-OPERACAO-CARNE-FRACA.jpg","articleSection":["Not\u00edcias"],"inLanguage":"en-US"},{"@type":"WebPage","@id":"https:\/\/www.naturafrig.com.br\/nota-sobre-a-operacao-carne-fraca\/","url":"https:\/\/www.naturafrig.com.br\/nota-sobre-a-operacao-carne-fraca\/","name":"NOTA SOBRE A OPERA\u00c7\u00c3O \u201cCARNE FRACA\u201d - Naturafrig Alimentos","isPartOf":{"@id":"https:\/\/www.naturafrig.com.br\/#website"},"primaryImageOfPage":{"@id":"https:\/\/www.naturafrig.com.br\/nota-sobre-a-operacao-carne-fraca\/#primaryimage"},"image":{"@id":"https:\/\/www.naturafrig.com.br\/nota-sobre-a-operacao-carne-fraca\/#primaryimage"},"thumbnailUrl":"https:\/\/www.naturafrig.com.br\/wp-content\/uploads\/2017\/03\/06_NOTA-SOBRE-A-OPERACAO-CARNE-FRACA.jpg","datePublished":"2017-03-31T20:12:35+00:00","breadcrumb":{"@id":"https:\/\/www.naturafrig.com.br\/nota-sobre-a-operacao-carne-fraca\/#breadcrumb"},"inLanguage":"en-US","potentialAction":[{"@type":"ReadAction","target":["https:\/\/www.naturafrig.com.br\/nota-sobre-a-operacao-carne-fraca\/"]}]},{"@type":"ImageObject","inLanguage":"en-US","@id":"https:\/\/www.naturafrig.com.br\/nota-sobre-a-operacao-carne-fraca\/#primaryimage","url":"https:\/\/www.naturafrig.com.br\/wp-content\/uploads\/2017\/03\/06_NOTA-SOBRE-A-OPERACAO-CARNE-FRACA.jpg","contentUrl":"https:\/\/www.naturafrig.com.br\/wp-content\/uploads\/2017\/03\/06_NOTA-SOBRE-A-OPERACAO-CARNE-FRACA.jpg","width":770,"height":530},{"@type":"BreadcrumbList","@id":"https:\/\/www.naturafrig.com.br\/nota-sobre-a-operacao-carne-fraca\/#breadcrumb","itemListElement":[{"@type":"ListItem","position":1,"name":"In\u00edcio","item":"https:\/\/www.naturafrig.com.br\/"},{"@type":"ListItem","position":2,"name":"NOTA SOBRE A OPERA\u00c7\u00c3O \u201cCARNE FRACA\u201d"}]},{"@type":"WebSite","@id":"https:\/\/www.naturafrig.com.br\/#website","url":"https:\/\/www.naturafrig.com.br\/","name":"Naturafrig Alimentos","description":"Qualidade em cada corte!","publisher":{"@id":"https:\/\/www.naturafrig.com.br\/#organization"},"potentialAction":[{"@type":"SearchAction","target":{"@type":"EntryPoint","urlTemplate":"https:\/\/www.naturafrig.com.br\/?s={search_term_string}"},"query-input":{"@type":"PropertyValueSpecification","valueRequired":true,"valueName":"search_term_string"}}],"inLanguage":"en-US"},{"@type":"Organization","@id":"https:\/\/www.naturafrig.com.br\/#organization","name":"Naturafrig Alimentos","url":"https:\/\/www.naturafrig.com.br\/","logo":{"@type":"ImageObject","inLanguage":"en-US","@id":"https:\/\/www.naturafrig.com.br\/#\/schema\/logo\/image\/","url":"https:\/\/www.naturafrig.com.br\/wp-content\/uploads\/2025\/11\/logo_naturafrig.png","contentUrl":"https:\/\/www.naturafrig.com.br\/wp-content\/uploads\/2025\/11\/logo_naturafrig.png","width":450,"height":220,"caption":"Naturafrig Alimentos"},"image":{"@id":"https:\/\/www.naturafrig.com.br\/#\/schema\/logo\/image\/"},"sameAs":["https:\/\/www.facebook.com\/naturafrig\/"]},{"@type":"Person","@id":"https:\/\/www.naturafrig.com.br\/#\/schema\/person\/2236af56dd336b8153c73d7ce6952ffa","name":"naturafrig","image":{"@type":"ImageObject","inLanguage":"en-US","@id":"https:\/\/secure.gravatar.com\/avatar\/bf850200d24c8ad5ac328f455ea5424b4aab297cbdf824ea4518f2b240d94a64?s=96&d=mm&r=g","url":"https:\/\/secure.gravatar.com\/avatar\/bf850200d24c8ad5ac328f455ea5424b4aab297cbdf824ea4518f2b240d94a64?s=96&d=mm&r=g","contentUrl":"https:\/\/secure.gravatar.com\/avatar\/bf850200d24c8ad5ac328f455ea5424b4aab297cbdf824ea4518f2b240d94a64?s=96&d=mm&r=g","caption":"naturafrig"},"sameAs":["https:\/\/www.naturafrig.com.br"],"url":"https:\/\/www.naturafrig.com.br\/en\/author\/naturafrig\/"}]}},"_links":{"self":[{"href":"https:\/\/www.naturafrig.com.br\/en\/wp-json\/wp\/v2\/posts\/465","targetHints":{"allow":["GET"]}}],"collection":[{"href":"https:\/\/www.naturafrig.com.br\/en\/wp-json\/wp\/v2\/posts"}],"about":[{"href":"https:\/\/www.naturafrig.com.br\/en\/wp-json\/wp\/v2\/types\/post"}],"author":[{"embeddable":true,"href":"https:\/\/www.naturafrig.com.br\/en\/wp-json\/wp\/v2\/users\/1"}],"replies":[{"embeddable":true,"href":"https:\/\/www.naturafrig.com.br\/en\/wp-json\/wp\/v2\/comments?post=465"}],"version-history":[{"count":0,"href":"https:\/\/www.naturafrig.com.br\/en\/wp-json\/wp\/v2\/posts\/465\/revisions"}],"wp:featuredmedia":[{"embeddable":true,"href":"https:\/\/www.naturafrig.com.br\/en\/wp-json\/wp\/v2\/media\/6355"}],"wp:attachment":[{"href":"https:\/\/www.naturafrig.com.br\/en\/wp-json\/wp\/v2\/media?parent=465"}],"wp:term":[{"taxonomy":"category","embeddable":true,"href":"https:\/\/www.naturafrig.com.br\/en\/wp-json\/wp\/v2\/categories?post=465"},{"taxonomy":"post_tag","embeddable":true,"href":"https:\/\/www.naturafrig.com.br\/en\/wp-json\/wp\/v2\/tags?post=465"}],"curies":[{"name":"wp","href":"https:\/\/api.w.org\/{rel}","templated":true}]}}