{"id":703,"date":"2017-08-02T09:06:27","date_gmt":"2017-08-02T12:06:27","guid":{"rendered":"http:\/\/www.naturafrig.com.br\/site\/?p=703"},"modified":"2017-08-02T09:06:27","modified_gmt":"2017-08-02T12:06:27","slug":"carne-eua-devem-voltar-a-importar-em-60-dias","status":"publish","type":"post","link":"https:\/\/www.naturafrig.com.br\/en\/carne-eua-devem-voltar-a-importar-em-60-dias\/","title":{"rendered":"Carne: EUA devem voltar a importar em 60 dias"},"content":{"rendered":"<p>O ministro da Agricultura, Blairo Maggi, acredita que os Estados Unidos v\u00e3o voltar a comprar carne bovina in natura brasileira em at\u00e9 60 dias. A afirma\u00e7\u00e3o foi feita em entrevista coletiva ap\u00f3s reuni\u00e3o com o secret\u00e1rio americano, Sonny Perdue, em Washington. Maggi disse que h\u00e1 um compromisso pol\u00edtico de reabertura do mercado assim que novas an\u00e1lises t\u00e9cnicas forem conclu\u00eddas com as informa\u00e7\u00f5es fornecidas pelo Brasil, e que n\u00e3o h\u00e1 nenhuma obje\u00e7\u00e3o do governo de Trump aos produtos nacionais.<\/p>\n<p>Uma nova preocupa\u00e7\u00e3o, por\u00e9m, foi detectada: al\u00e9m de abcessos, foram encontrados peda\u00e7os de ossos em pe\u00e7as exportadas para l\u00e1. &#8220;A grande preocupa\u00e7\u00e3o que senti \u00e9 que em algumas partidas de carne chegaram algum tipo ou peda\u00e7o de osso ou qualquer coisa. Como o Brasil \u00e9 livre de febre aftosa com vacina\u00e7\u00e3o acende um sinal amarelo aqui. Isso \u00e9 preocupante porque nenhum pa\u00eds que \u00e9 livre de aftosa com vacina\u00e7\u00e3o pode exportar pe\u00e7as com osso. \u00c9 um ponto que temos que rever no Brasil, no nosso procedimento&#8221;, apontou.<\/p>\n<p>Mesmo assim, Maggi afirmou que as mudan\u00e7as j\u00e1 implementadas no pa\u00eds ap\u00f3s a suspens\u00e3o feita pelos EUA, h\u00e1 quase um m\u00eas, s\u00e3o suficientes para evitar a ocorr\u00eancia desses problemas. Antes, as mercadorias eram enviadas em partes maiores. A identifica\u00e7\u00e3o de abcessos e a presen\u00e7a de ossos, por exemplo, s\u00f3 eram poss\u00edveis na hora de retalhar a carne. Agora, os cortes s\u00e3o menores e a verifica\u00e7\u00e3o se tornou mais f\u00e1cil. Al\u00e9m disso, segundo o ministro, os frigor\u00edficos brasileiros t\u00eam equipamentos, como os esc\u00e2neres, capazes de detectar irregularidades em cada caixa que \u00e9 exportada. &#8220;o Brasil vai garantir que os achados que impediam de entrar nos EUA n\u00e3o acontecem mais&#8221;.<\/p>\n<p>Reuni\u00e3o Tranquila<\/p>\n<p>O ministro disse que os resultados do encontro foram melhores do que ele esperava e que, por j\u00e1 conhecer Perdue, a reuni\u00e3o foi tranquila. &#8220;Penso que resultado foi melhor do que esperava. Eu n\u00e3o estava muito animado em fun\u00e7\u00e3o dos \u00faltimos acontecimentos, mas foi uma conversa clara, aberta. Tenho certeza que as mudan\u00e7as que fizemos s\u00e3o tecnicamente aceit\u00e1veis e mudam muito o patamar que estava antes. Eu tenho certeza que elas ser\u00e3o reconhecidas pelos t\u00e9cnicos americanos e assim que forem aceitas, voltaremos ao mercado&#8221;.<\/p>\n<p>Fonte: www.canalrural.com.br<\/p>","protected":false},"excerpt":{"rendered":"<p>O ministro da Agricultura, Blairo Maggi, acredita que os Estados Unidos v\u00e3o voltar a comprar carne bovina in natura brasileira em at\u00e9 60 dias. A afirma\u00e7\u00e3o foi feita em entrevista coletiva ap\u00f3s reuni\u00e3o com o secret\u00e1rio americano, Sonny Perdue, em Washington. Maggi disse que h\u00e1 um compromisso pol\u00edtico de reabertura do mercado assim que novas [&hellip;]<\/p>\n","protected":false},"author":1,"featured_media":6357,"comment_status":"open","ping_status":"open","sticky":false,"template":"","format":"standard","meta":{"_acf_changed":false,"inline_featured_image":false,"footnotes":""},"categories":[1],"tags":[],"class_list":["post-703","post","type-post","status-publish","format-standard","has-post-thumbnail","hentry","category-noticias"],"acf":[],"yoast_head":"<!-- This site is optimized with the Yoast SEO plugin v27.5 - https:\/\/yoast.com\/product\/yoast-seo-wordpress\/ -->\n<title>Carne: EUA devem voltar a importar em 60 dias - Naturafrig Alimentos<\/title>\n<meta name=\"robots\" content=\"index, follow, max-snippet:-1, max-image-preview:large, max-video-preview:-1\" \/>\n<link rel=\"canonical\" href=\"https:\/\/www.naturafrig.com.br\/en\/carne-eua-devem-voltar-a-importar-em-60-dias\/\" \/>\n<meta property=\"og:locale\" content=\"en_US\" \/>\n<meta property=\"og:type\" content=\"article\" \/>\n<meta property=\"og:title\" content=\"Carne: EUA devem voltar a importar em 60 dias - Naturafrig Alimentos\" \/>\n<meta property=\"og:description\" content=\"O ministro da Agricultura, Blairo Maggi, acredita que os Estados Unidos v\u00e3o voltar a comprar carne bovina in natura brasileira em at\u00e9 60 dias. A afirma\u00e7\u00e3o foi feita em entrevista coletiva ap\u00f3s reuni\u00e3o com o secret\u00e1rio americano, Sonny Perdue, em Washington. Maggi disse que h\u00e1 um compromisso pol\u00edtico de reabertura do mercado assim que novas [&hellip;]\" \/>\n<meta property=\"og:url\" content=\"https:\/\/www.naturafrig.com.br\/en\/carne-eua-devem-voltar-a-importar-em-60-dias\/\" \/>\n<meta property=\"og:site_name\" content=\"Naturafrig Alimentos\" \/>\n<meta property=\"article:publisher\" content=\"https:\/\/www.facebook.com\/naturafrig\/\" \/>\n<meta property=\"article:published_time\" content=\"2017-08-02T12:06:27+00:00\" \/>\n<meta property=\"og:image\" content=\"https:\/\/www.naturafrig.com.br\/wp-content\/uploads\/2017\/08\/08_CARNE_-EUA-DEVEM-VOLTAR-A-IMPORTAR-EM-60-DIAS.jpg\" \/>\n\t<meta property=\"og:image:width\" content=\"770\" \/>\n\t<meta property=\"og:image:height\" content=\"530\" \/>\n\t<meta property=\"og:image:type\" content=\"image\/jpeg\" \/>\n<meta name=\"author\" content=\"naturafrig\" \/>\n<meta name=\"twitter:card\" content=\"summary_large_image\" \/>\n<meta name=\"twitter:label1\" content=\"Written by\" \/>\n\t<meta name=\"twitter:data1\" content=\"naturafrig\" \/>\n\t<meta name=\"twitter:label2\" content=\"Est. reading time\" \/>\n\t<meta name=\"twitter:data2\" content=\"2 minutes\" \/>\n<script type=\"application\/ld+json\" class=\"yoast-schema-graph\">{\"@context\":\"https:\\\/\\\/schema.org\",\"@graph\":[{\"@type\":\"Article\",\"@id\":\"https:\\\/\\\/www.naturafrig.com.br\\\/carne-eua-devem-voltar-a-importar-em-60-dias\\\/#article\",\"isPartOf\":{\"@id\":\"https:\\\/\\\/www.naturafrig.com.br\\\/carne-eua-devem-voltar-a-importar-em-60-dias\\\/\"},\"author\":{\"name\":\"naturafrig\",\"@id\":\"https:\\\/\\\/www.naturafrig.com.br\\\/#\\\/schema\\\/person\\\/2236af56dd336b8153c73d7ce6952ffa\"},\"headline\":\"Carne: EUA devem voltar a importar em 60 dias\",\"datePublished\":\"2017-08-02T12:06:27+00:00\",\"mainEntityOfPage\":{\"@id\":\"https:\\\/\\\/www.naturafrig.com.br\\\/carne-eua-devem-voltar-a-importar-em-60-dias\\\/\"},\"wordCount\":415,\"commentCount\":0,\"publisher\":{\"@id\":\"https:\\\/\\\/www.naturafrig.com.br\\\/#organization\"},\"image\":{\"@id\":\"https:\\\/\\\/www.naturafrig.com.br\\\/carne-eua-devem-voltar-a-importar-em-60-dias\\\/#primaryimage\"},\"thumbnailUrl\":\"https:\\\/\\\/www.naturafrig.com.br\\\/wp-content\\\/uploads\\\/2017\\\/08\\\/08_CARNE_-EUA-DEVEM-VOLTAR-A-IMPORTAR-EM-60-DIAS.jpg\",\"articleSection\":[\"Not\u00edcias\"],\"inLanguage\":\"en-US\"},{\"@type\":\"WebPage\",\"@id\":\"https:\\\/\\\/www.naturafrig.com.br\\\/carne-eua-devem-voltar-a-importar-em-60-dias\\\/\",\"url\":\"https:\\\/\\\/www.naturafrig.com.br\\\/carne-eua-devem-voltar-a-importar-em-60-dias\\\/\",\"name\":\"Carne: EUA devem voltar a importar em 60 dias - Naturafrig Alimentos\",\"isPartOf\":{\"@id\":\"https:\\\/\\\/www.naturafrig.com.br\\\/#website\"},\"primaryImageOfPage\":{\"@id\":\"https:\\\/\\\/www.naturafrig.com.br\\\/carne-eua-devem-voltar-a-importar-em-60-dias\\\/#primaryimage\"},\"image\":{\"@id\":\"https:\\\/\\\/www.naturafrig.com.br\\\/carne-eua-devem-voltar-a-importar-em-60-dias\\\/#primaryimage\"},\"thumbnailUrl\":\"https:\\\/\\\/www.naturafrig.com.br\\\/wp-content\\\/uploads\\\/2017\\\/08\\\/08_CARNE_-EUA-DEVEM-VOLTAR-A-IMPORTAR-EM-60-DIAS.jpg\",\"datePublished\":\"2017-08-02T12:06:27+00:00\",\"breadcrumb\":{\"@id\":\"https:\\\/\\\/www.naturafrig.com.br\\\/carne-eua-devem-voltar-a-importar-em-60-dias\\\/#breadcrumb\"},\"inLanguage\":\"en-US\",\"potentialAction\":[{\"@type\":\"ReadAction\",\"target\":[\"https:\\\/\\\/www.naturafrig.com.br\\\/carne-eua-devem-voltar-a-importar-em-60-dias\\\/\"]}]},{\"@type\":\"ImageObject\",\"inLanguage\":\"en-US\",\"@id\":\"https:\\\/\\\/www.naturafrig.com.br\\\/carne-eua-devem-voltar-a-importar-em-60-dias\\\/#primaryimage\",\"url\":\"https:\\\/\\\/www.naturafrig.com.br\\\/wp-content\\\/uploads\\\/2017\\\/08\\\/08_CARNE_-EUA-DEVEM-VOLTAR-A-IMPORTAR-EM-60-DIAS.jpg\",\"contentUrl\":\"https:\\\/\\\/www.naturafrig.com.br\\\/wp-content\\\/uploads\\\/2017\\\/08\\\/08_CARNE_-EUA-DEVEM-VOLTAR-A-IMPORTAR-EM-60-DIAS.jpg\",\"width\":770,\"height\":530},{\"@type\":\"BreadcrumbList\",\"@id\":\"https:\\\/\\\/www.naturafrig.com.br\\\/carne-eua-devem-voltar-a-importar-em-60-dias\\\/#breadcrumb\",\"itemListElement\":[{\"@type\":\"ListItem\",\"position\":1,\"name\":\"In\u00edcio\",\"item\":\"https:\\\/\\\/www.naturafrig.com.br\\\/\"},{\"@type\":\"ListItem\",\"position\":2,\"name\":\"Carne: EUA devem voltar a importar em 60 dias\"}]},{\"@type\":\"WebSite\",\"@id\":\"https:\\\/\\\/www.naturafrig.com.br\\\/#website\",\"url\":\"https:\\\/\\\/www.naturafrig.com.br\\\/\",\"name\":\"Naturafrig Alimentos\",\"description\":\"Qualidade em cada corte!\",\"publisher\":{\"@id\":\"https:\\\/\\\/www.naturafrig.com.br\\\/#organization\"},\"potentialAction\":[{\"@type\":\"SearchAction\",\"target\":{\"@type\":\"EntryPoint\",\"urlTemplate\":\"https:\\\/\\\/www.naturafrig.com.br\\\/?s={search_term_string}\"},\"query-input\":{\"@type\":\"PropertyValueSpecification\",\"valueRequired\":true,\"valueName\":\"search_term_string\"}}],\"inLanguage\":\"en-US\"},{\"@type\":\"Organization\",\"@id\":\"https:\\\/\\\/www.naturafrig.com.br\\\/#organization\",\"name\":\"Naturafrig Alimentos\",\"url\":\"https:\\\/\\\/www.naturafrig.com.br\\\/\",\"logo\":{\"@type\":\"ImageObject\",\"inLanguage\":\"en-US\",\"@id\":\"https:\\\/\\\/www.naturafrig.com.br\\\/#\\\/schema\\\/logo\\\/image\\\/\",\"url\":\"https:\\\/\\\/www.naturafrig.com.br\\\/wp-content\\\/uploads\\\/2025\\\/11\\\/logo_naturafrig.png\",\"contentUrl\":\"https:\\\/\\\/www.naturafrig.com.br\\\/wp-content\\\/uploads\\\/2025\\\/11\\\/logo_naturafrig.png\",\"width\":450,\"height\":220,\"caption\":\"Naturafrig Alimentos\"},\"image\":{\"@id\":\"https:\\\/\\\/www.naturafrig.com.br\\\/#\\\/schema\\\/logo\\\/image\\\/\"},\"sameAs\":[\"https:\\\/\\\/www.facebook.com\\\/naturafrig\\\/\"]},{\"@type\":\"Person\",\"@id\":\"https:\\\/\\\/www.naturafrig.com.br\\\/#\\\/schema\\\/person\\\/2236af56dd336b8153c73d7ce6952ffa\",\"name\":\"naturafrig\",\"image\":{\"@type\":\"ImageObject\",\"inLanguage\":\"en-US\",\"@id\":\"https:\\\/\\\/secure.gravatar.com\\\/avatar\\\/bf850200d24c8ad5ac328f455ea5424b4aab297cbdf824ea4518f2b240d94a64?s=96&d=mm&r=g\",\"url\":\"https:\\\/\\\/secure.gravatar.com\\\/avatar\\\/bf850200d24c8ad5ac328f455ea5424b4aab297cbdf824ea4518f2b240d94a64?s=96&d=mm&r=g\",\"contentUrl\":\"https:\\\/\\\/secure.gravatar.com\\\/avatar\\\/bf850200d24c8ad5ac328f455ea5424b4aab297cbdf824ea4518f2b240d94a64?s=96&d=mm&r=g\",\"caption\":\"naturafrig\"},\"sameAs\":[\"https:\\\/\\\/www.naturafrig.com.br\"],\"url\":\"https:\\\/\\\/www.naturafrig.com.br\\\/en\\\/author\\\/naturafrig\\\/\"}]}<\/script>\n<!-- \/ Yoast SEO plugin. -->","yoast_head_json":{"title":"Carne: EUA devem voltar a importar em 60 dias - Naturafrig Alimentos","robots":{"index":"index","follow":"follow","max-snippet":"max-snippet:-1","max-image-preview":"max-image-preview:large","max-video-preview":"max-video-preview:-1"},"canonical":"https:\/\/www.naturafrig.com.br\/en\/carne-eua-devem-voltar-a-importar-em-60-dias\/","og_locale":"en_US","og_type":"article","og_title":"Carne: EUA devem voltar a importar em 60 dias - Naturafrig Alimentos","og_description":"O ministro da Agricultura, Blairo Maggi, acredita que os Estados Unidos v\u00e3o voltar a comprar carne bovina in natura brasileira em at\u00e9 60 dias. A afirma\u00e7\u00e3o foi feita em entrevista coletiva ap\u00f3s reuni\u00e3o com o secret\u00e1rio americano, Sonny Perdue, em Washington. Maggi disse que h\u00e1 um compromisso pol\u00edtico de reabertura do mercado assim que novas [&hellip;]","og_url":"https:\/\/www.naturafrig.com.br\/en\/carne-eua-devem-voltar-a-importar-em-60-dias\/","og_site_name":"Naturafrig Alimentos","article_publisher":"https:\/\/www.facebook.com\/naturafrig\/","article_published_time":"2017-08-02T12:06:27+00:00","og_image":[{"width":770,"height":530,"url":"https:\/\/www.naturafrig.com.br\/wp-content\/uploads\/2017\/08\/08_CARNE_-EUA-DEVEM-VOLTAR-A-IMPORTAR-EM-60-DIAS.jpg","type":"image\/jpeg"}],"author":"naturafrig","twitter_card":"summary_large_image","twitter_misc":{"Written by":"naturafrig","Est. reading time":"2 minutes"},"schema":{"@context":"https:\/\/schema.org","@graph":[{"@type":"Article","@id":"https:\/\/www.naturafrig.com.br\/carne-eua-devem-voltar-a-importar-em-60-dias\/#article","isPartOf":{"@id":"https:\/\/www.naturafrig.com.br\/carne-eua-devem-voltar-a-importar-em-60-dias\/"},"author":{"name":"naturafrig","@id":"https:\/\/www.naturafrig.com.br\/#\/schema\/person\/2236af56dd336b8153c73d7ce6952ffa"},"headline":"Carne: EUA devem voltar a importar em 60 dias","datePublished":"2017-08-02T12:06:27+00:00","mainEntityOfPage":{"@id":"https:\/\/www.naturafrig.com.br\/carne-eua-devem-voltar-a-importar-em-60-dias\/"},"wordCount":415,"commentCount":0,"publisher":{"@id":"https:\/\/www.naturafrig.com.br\/#organization"},"image":{"@id":"https:\/\/www.naturafrig.com.br\/carne-eua-devem-voltar-a-importar-em-60-dias\/#primaryimage"},"thumbnailUrl":"https:\/\/www.naturafrig.com.br\/wp-content\/uploads\/2017\/08\/08_CARNE_-EUA-DEVEM-VOLTAR-A-IMPORTAR-EM-60-DIAS.jpg","articleSection":["Not\u00edcias"],"inLanguage":"en-US"},{"@type":"WebPage","@id":"https:\/\/www.naturafrig.com.br\/carne-eua-devem-voltar-a-importar-em-60-dias\/","url":"https:\/\/www.naturafrig.com.br\/carne-eua-devem-voltar-a-importar-em-60-dias\/","name":"Carne: EUA devem voltar a importar em 60 dias - Naturafrig Alimentos","isPartOf":{"@id":"https:\/\/www.naturafrig.com.br\/#website"},"primaryImageOfPage":{"@id":"https:\/\/www.naturafrig.com.br\/carne-eua-devem-voltar-a-importar-em-60-dias\/#primaryimage"},"image":{"@id":"https:\/\/www.naturafrig.com.br\/carne-eua-devem-voltar-a-importar-em-60-dias\/#primaryimage"},"thumbnailUrl":"https:\/\/www.naturafrig.com.br\/wp-content\/uploads\/2017\/08\/08_CARNE_-EUA-DEVEM-VOLTAR-A-IMPORTAR-EM-60-DIAS.jpg","datePublished":"2017-08-02T12:06:27+00:00","breadcrumb":{"@id":"https:\/\/www.naturafrig.com.br\/carne-eua-devem-voltar-a-importar-em-60-dias\/#breadcrumb"},"inLanguage":"en-US","potentialAction":[{"@type":"ReadAction","target":["https:\/\/www.naturafrig.com.br\/carne-eua-devem-voltar-a-importar-em-60-dias\/"]}]},{"@type":"ImageObject","inLanguage":"en-US","@id":"https:\/\/www.naturafrig.com.br\/carne-eua-devem-voltar-a-importar-em-60-dias\/#primaryimage","url":"https:\/\/www.naturafrig.com.br\/wp-content\/uploads\/2017\/08\/08_CARNE_-EUA-DEVEM-VOLTAR-A-IMPORTAR-EM-60-DIAS.jpg","contentUrl":"https:\/\/www.naturafrig.com.br\/wp-content\/uploads\/2017\/08\/08_CARNE_-EUA-DEVEM-VOLTAR-A-IMPORTAR-EM-60-DIAS.jpg","width":770,"height":530},{"@type":"BreadcrumbList","@id":"https:\/\/www.naturafrig.com.br\/carne-eua-devem-voltar-a-importar-em-60-dias\/#breadcrumb","itemListElement":[{"@type":"ListItem","position":1,"name":"In\u00edcio","item":"https:\/\/www.naturafrig.com.br\/"},{"@type":"ListItem","position":2,"name":"Carne: EUA devem voltar a importar em 60 dias"}]},{"@type":"WebSite","@id":"https:\/\/www.naturafrig.com.br\/#website","url":"https:\/\/www.naturafrig.com.br\/","name":"Naturafrig Alimentos","description":"Qualidade em cada corte!","publisher":{"@id":"https:\/\/www.naturafrig.com.br\/#organization"},"potentialAction":[{"@type":"SearchAction","target":{"@type":"EntryPoint","urlTemplate":"https:\/\/www.naturafrig.com.br\/?s={search_term_string}"},"query-input":{"@type":"PropertyValueSpecification","valueRequired":true,"valueName":"search_term_string"}}],"inLanguage":"en-US"},{"@type":"Organization","@id":"https:\/\/www.naturafrig.com.br\/#organization","name":"Naturafrig Alimentos","url":"https:\/\/www.naturafrig.com.br\/","logo":{"@type":"ImageObject","inLanguage":"en-US","@id":"https:\/\/www.naturafrig.com.br\/#\/schema\/logo\/image\/","url":"https:\/\/www.naturafrig.com.br\/wp-content\/uploads\/2025\/11\/logo_naturafrig.png","contentUrl":"https:\/\/www.naturafrig.com.br\/wp-content\/uploads\/2025\/11\/logo_naturafrig.png","width":450,"height":220,"caption":"Naturafrig Alimentos"},"image":{"@id":"https:\/\/www.naturafrig.com.br\/#\/schema\/logo\/image\/"},"sameAs":["https:\/\/www.facebook.com\/naturafrig\/"]},{"@type":"Person","@id":"https:\/\/www.naturafrig.com.br\/#\/schema\/person\/2236af56dd336b8153c73d7ce6952ffa","name":"naturafrig","image":{"@type":"ImageObject","inLanguage":"en-US","@id":"https:\/\/secure.gravatar.com\/avatar\/bf850200d24c8ad5ac328f455ea5424b4aab297cbdf824ea4518f2b240d94a64?s=96&d=mm&r=g","url":"https:\/\/secure.gravatar.com\/avatar\/bf850200d24c8ad5ac328f455ea5424b4aab297cbdf824ea4518f2b240d94a64?s=96&d=mm&r=g","contentUrl":"https:\/\/secure.gravatar.com\/avatar\/bf850200d24c8ad5ac328f455ea5424b4aab297cbdf824ea4518f2b240d94a64?s=96&d=mm&r=g","caption":"naturafrig"},"sameAs":["https:\/\/www.naturafrig.com.br"],"url":"https:\/\/www.naturafrig.com.br\/en\/author\/naturafrig\/"}]}},"_links":{"self":[{"href":"https:\/\/www.naturafrig.com.br\/en\/wp-json\/wp\/v2\/posts\/703","targetHints":{"allow":["GET"]}}],"collection":[{"href":"https:\/\/www.naturafrig.com.br\/en\/wp-json\/wp\/v2\/posts"}],"about":[{"href":"https:\/\/www.naturafrig.com.br\/en\/wp-json\/wp\/v2\/types\/post"}],"author":[{"embeddable":true,"href":"https:\/\/www.naturafrig.com.br\/en\/wp-json\/wp\/v2\/users\/1"}],"replies":[{"embeddable":true,"href":"https:\/\/www.naturafrig.com.br\/en\/wp-json\/wp\/v2\/comments?post=703"}],"version-history":[{"count":0,"href":"https:\/\/www.naturafrig.com.br\/en\/wp-json\/wp\/v2\/posts\/703\/revisions"}],"wp:featuredmedia":[{"embeddable":true,"href":"https:\/\/www.naturafrig.com.br\/en\/wp-json\/wp\/v2\/media\/6357"}],"wp:attachment":[{"href":"https:\/\/www.naturafrig.com.br\/en\/wp-json\/wp\/v2\/media?parent=703"}],"wp:term":[{"taxonomy":"category","embeddable":true,"href":"https:\/\/www.naturafrig.com.br\/en\/wp-json\/wp\/v2\/categories?post=703"},{"taxonomy":"post_tag","embeddable":true,"href":"https:\/\/www.naturafrig.com.br\/en\/wp-json\/wp\/v2\/tags?post=703"}],"curies":[{"name":"wp","href":"https:\/\/api.w.org\/{rel}","templated":true}]}}