{"id":778,"date":"2018-01-24T16:07:15","date_gmt":"2018-01-24T18:07:15","guid":{"rendered":"http:\/\/www.naturafrig.com.br\/site\/?p=778"},"modified":"2018-01-24T16:07:15","modified_gmt":"2018-01-24T18:07:15","slug":"naturafrig-alimentos-realiza-semana-interna-de-prevencao-de-acidentes-do-trabalho-2017","status":"publish","type":"post","link":"https:\/\/www.naturafrig.com.br\/en\/naturafrig-alimentos-realiza-semana-interna-de-prevencao-de-acidentes-do-trabalho-2017\/","title":{"rendered":"NaturaFrig Alimentos realiza Semana Interna de Preven\u00e7\u00e3o de Acidentes do Trabalho 2017"},"content":{"rendered":"<p>Realizada entre os dias 20 a 24 de novembro, a empresa Naturafrig\u00a0Alimentos realizou a 1\u00aa Semana Interna de Preven\u00e7\u00e3o de Acidentes do\u00a0Trabalho (SIPAT\/2017). O evento foi realizado durante o per\u00edodo da\u00a0tarde e atingiu os mais de mil funcion\u00e1rios do Frigor\u00edfico. Entre as\u00a0atividades, o p\u00fablico interno participou de um concurso de frases,\u00a0palestras, apresenta\u00e7\u00f5es teatrais e um quiz de perguntas e respostas\u00a0sobre Seguran\u00e7a do Trabalho e equipamentos de prote\u00e7\u00e3o individual.\u00a0<\/p>\n<p>Na segunda-feira (20) ocorreu uma palestra com o m\u00e9dico\u00a0(Urologista), Dr. Mateus Alessi Rodrigues, sobre os cuidados que o homem precisar ter com o corpo, doen\u00e7as sexualmente transmiss\u00edveis\u00a0e seus cuidados, dentro da Campanha Novembro Azul. Na ter\u00e7a-feira\u00a0(21) aconteceu a abertura da (SIPAT\/2017), e a realiza\u00e7\u00e3o da palestra\u00a0com o tema DST\/AIDS com a trupe de atores do Teatro Educa Vida da cidade de S\u00e3o Paulo e a realiza\u00e7\u00e3o de sorteio de brindes aos<br \/>\npresentes.\u00a0<\/p>\n<p>Na quarta (22), foi realizada uma palestra com o tema \u201cSeguran\u00e7a\u00a0com as m\u00e3os e Comportamento Seguro\u201d, com a trupe de atores do\u00a0Teatro Educa Vida da cidade de S\u00e3o Paulo. Tamb\u00e9m foi realizada uma\u00a0Gincana da Seguran\u00e7a, onde os funcion\u00e1rios que fizeram a inscri\u00e7\u00e3o\u00a0de participa\u00e7\u00e3o tiveram que responder um quiz \u201cPassa ou Repassa\u201d\u00a0sobre temas relacionados \u00e0 Seguran\u00e7a do Trabalho. Os participantes\u00a0vendedores receberam um pr\u00eamio em dinheiro. As equipes se<br \/>\nanimaram muito, a disputa foi um sucesso e a divers\u00e3o foi garantida.<\/p>\n<p>Para encerrar o dia foi realizado o sorteio de brindes aos presentes. Na\u00a0quinta (23), foi \u00e0 vez do palestrante Thiago Muniz, falar sobre \u201cO\u00a0Pensamento CUIDAR\u201d. Ainda foi oferecido massagem relaxante\u00a0(Quick Massage) realizado pelos alunos do Senac de Presidente\u00a0Prudente e sorteio de brindes.\u00a0Na sexta-feira (24), a semana foi encerrada com uma confraterniza\u00e7\u00e3o\u00a0entre funcion\u00e1rios, diretoria e colaboradores do Naturafrig Alimentos.\u00a0<\/p>\n<p>O evento contou com uma ben\u00e7\u00e3o especial do padre Benjamim Junior,\u00a0 em seguida foi oferecido um delicioso almo\u00e7o aos presentes, seguido de apresenta\u00e7\u00f5es de dan\u00e7as e sorteio de brindes.\u00a0Encerrando a 1\u00aa Semana Interna de Preven\u00e7\u00e3o de Acidentes do\u00a0Trabalho (SIPAT\/2017), foi sorteado uma Moto 0KM entre os<br \/>\nfuncion\u00e1rios. E o contemplado foi o Erisvaldo Lima Santos. Todos os\u00a0dias durante o evento houve sorteio de brindes e camisetas da\u00a0Naturafrig Alimentos para o p\u00fablico presente.\u00a0<\/p>\n<p><strong>SIPAT<\/strong><br \/>\nA SIPAT \u00e9 realizada anualmente pelo Naturafrig Alimentos com\u00a0objetivo de alertar para os riscos de acidentes durante o trabalho, seja\u00a0pelo n\u00e3o uso ou pelo uso incorreto de EPI\u2019s, seja por falta de aten\u00e7\u00e3o\u00a0dos colaboradores durante a execu\u00e7\u00e3o dos processos e, at\u00e9 mesmo, por\u00a0atitudes imprudentes. O evento foi coordenado pelo setor de\u00a0Seguran\u00e7a do Trabalho do Naturafrig, com apoio da equipe do RH e\u00a0colaboradores.<\/p>\n<div><\/div>","protected":false},"excerpt":{"rendered":"<p>Realizada entre os dias 20 a 24 de novembro, a empresa Naturafrig\u00a0Alimentos realizou a 1\u00aa Semana Interna de Preven\u00e7\u00e3o de Acidentes do\u00a0Trabalho (SIPAT\/2017). O evento foi realizado durante o per\u00edodo da\u00a0tarde e atingiu os mais de mil funcion\u00e1rios do Frigor\u00edfico. Entre as\u00a0atividades, o p\u00fablico interno participou de um concurso de frases,\u00a0palestras, apresenta\u00e7\u00f5es teatrais e um [&hellip;]<\/p>\n","protected":false},"author":1,"featured_media":779,"comment_status":"open","ping_status":"open","sticky":false,"template":"","format":"standard","meta":{"_acf_changed":false,"inline_featured_image":false,"footnotes":""},"categories":[1],"tags":[34,33],"class_list":["post-778","post","type-post","status-publish","format-standard","has-post-thumbnail","hentry","category-noticias","tag-sipat","tag-naturafrig"],"acf":[],"yoast_head":"<!-- This site is optimized with the Yoast SEO plugin v27.5 - https:\/\/yoast.com\/product\/yoast-seo-wordpress\/ -->\n<title>NaturaFrig Alimentos realiza Semana Interna de Preven\u00e7\u00e3o de Acidentes do Trabalho 2017 - Naturafrig Alimentos<\/title>\n<meta name=\"robots\" content=\"index, follow, max-snippet:-1, max-image-preview:large, max-video-preview:-1\" \/>\n<link rel=\"canonical\" href=\"https:\/\/www.naturafrig.com.br\/en\/naturafrig-alimentos-realiza-semana-interna-de-prevencao-de-acidentes-do-trabalho-2017\/\" \/>\n<meta property=\"og:locale\" content=\"en_US\" \/>\n<meta property=\"og:type\" content=\"article\" \/>\n<meta property=\"og:title\" content=\"NaturaFrig Alimentos realiza Semana Interna de Preven\u00e7\u00e3o de Acidentes do Trabalho 2017 - Naturafrig Alimentos\" \/>\n<meta property=\"og:description\" content=\"Realizada entre os dias 20 a 24 de novembro, a empresa Naturafrig\u00a0Alimentos realizou a 1\u00aa Semana Interna de Preven\u00e7\u00e3o de Acidentes do\u00a0Trabalho (SIPAT\/2017). O evento foi realizado durante o per\u00edodo da\u00a0tarde e atingiu os mais de mil funcion\u00e1rios do Frigor\u00edfico. Entre as\u00a0atividades, o p\u00fablico interno participou de um concurso de frases,\u00a0palestras, apresenta\u00e7\u00f5es teatrais e um [&hellip;]\" \/>\n<meta property=\"og:url\" content=\"https:\/\/www.naturafrig.com.br\/en\/naturafrig-alimentos-realiza-semana-interna-de-prevencao-de-acidentes-do-trabalho-2017\/\" \/>\n<meta property=\"og:site_name\" content=\"Naturafrig Alimentos\" \/>\n<meta property=\"article:publisher\" content=\"https:\/\/www.facebook.com\/naturafrig\/\" \/>\n<meta property=\"article:published_time\" content=\"2018-01-24T18:07:15+00:00\" \/>\n<meta property=\"og:image\" content=\"https:\/\/www.naturafrig.com.br\/wp-content\/uploads\/2018\/01\/IMG_3615.jpg\" \/>\n\t<meta property=\"og:image:width\" content=\"900\" \/>\n\t<meta property=\"og:image:height\" content=\"600\" \/>\n\t<meta property=\"og:image:type\" content=\"image\/jpeg\" \/>\n<meta name=\"author\" content=\"naturafrig\" \/>\n<meta name=\"twitter:card\" content=\"summary_large_image\" \/>\n<meta name=\"twitter:label1\" content=\"Written by\" \/>\n\t<meta name=\"twitter:data1\" content=\"naturafrig\" \/>\n\t<meta name=\"twitter:label2\" content=\"Est. reading time\" \/>\n\t<meta name=\"twitter:data2\" content=\"2 minutes\" \/>\n<script type=\"application\/ld+json\" class=\"yoast-schema-graph\">{\"@context\":\"https:\\\/\\\/schema.org\",\"@graph\":[{\"@type\":\"Article\",\"@id\":\"https:\\\/\\\/www.naturafrig.com.br\\\/naturafrig-alimentos-realiza-semana-interna-de-prevencao-de-acidentes-do-trabalho-2017\\\/#article\",\"isPartOf\":{\"@id\":\"https:\\\/\\\/www.naturafrig.com.br\\\/naturafrig-alimentos-realiza-semana-interna-de-prevencao-de-acidentes-do-trabalho-2017\\\/\"},\"author\":{\"name\":\"naturafrig\",\"@id\":\"https:\\\/\\\/www.naturafrig.com.br\\\/#\\\/schema\\\/person\\\/2236af56dd336b8153c73d7ce6952ffa\"},\"headline\":\"NaturaFrig Alimentos realiza Semana Interna de Preven\u00e7\u00e3o de Acidentes do Trabalho 2017\",\"datePublished\":\"2018-01-24T18:07:15+00:00\",\"mainEntityOfPage\":{\"@id\":\"https:\\\/\\\/www.naturafrig.com.br\\\/naturafrig-alimentos-realiza-semana-interna-de-prevencao-de-acidentes-do-trabalho-2017\\\/\"},\"wordCount\":487,\"commentCount\":0,\"publisher\":{\"@id\":\"https:\\\/\\\/www.naturafrig.com.br\\\/#organization\"},\"image\":{\"@id\":\"https:\\\/\\\/www.naturafrig.com.br\\\/naturafrig-alimentos-realiza-semana-interna-de-prevencao-de-acidentes-do-trabalho-2017\\\/#primaryimage\"},\"thumbnailUrl\":\"https:\\\/\\\/www.naturafrig.com.br\\\/wp-content\\\/uploads\\\/2018\\\/01\\\/IMG_3615.jpg\",\"keywords\":[\"Sipat\",\"Naturafrig\"],\"articleSection\":[\"Not\u00edcias\"],\"inLanguage\":\"en-US\"},{\"@type\":\"WebPage\",\"@id\":\"https:\\\/\\\/www.naturafrig.com.br\\\/naturafrig-alimentos-realiza-semana-interna-de-prevencao-de-acidentes-do-trabalho-2017\\\/\",\"url\":\"https:\\\/\\\/www.naturafrig.com.br\\\/naturafrig-alimentos-realiza-semana-interna-de-prevencao-de-acidentes-do-trabalho-2017\\\/\",\"name\":\"NaturaFrig Alimentos realiza Semana Interna de Preven\u00e7\u00e3o de Acidentes do Trabalho 2017 - Naturafrig Alimentos\",\"isPartOf\":{\"@id\":\"https:\\\/\\\/www.naturafrig.com.br\\\/#website\"},\"primaryImageOfPage\":{\"@id\":\"https:\\\/\\\/www.naturafrig.com.br\\\/naturafrig-alimentos-realiza-semana-interna-de-prevencao-de-acidentes-do-trabalho-2017\\\/#primaryimage\"},\"image\":{\"@id\":\"https:\\\/\\\/www.naturafrig.com.br\\\/naturafrig-alimentos-realiza-semana-interna-de-prevencao-de-acidentes-do-trabalho-2017\\\/#primaryimage\"},\"thumbnailUrl\":\"https:\\\/\\\/www.naturafrig.com.br\\\/wp-content\\\/uploads\\\/2018\\\/01\\\/IMG_3615.jpg\",\"datePublished\":\"2018-01-24T18:07:15+00:00\",\"breadcrumb\":{\"@id\":\"https:\\\/\\\/www.naturafrig.com.br\\\/naturafrig-alimentos-realiza-semana-interna-de-prevencao-de-acidentes-do-trabalho-2017\\\/#breadcrumb\"},\"inLanguage\":\"en-US\",\"potentialAction\":[{\"@type\":\"ReadAction\",\"target\":[\"https:\\\/\\\/www.naturafrig.com.br\\\/naturafrig-alimentos-realiza-semana-interna-de-prevencao-de-acidentes-do-trabalho-2017\\\/\"]}]},{\"@type\":\"ImageObject\",\"inLanguage\":\"en-US\",\"@id\":\"https:\\\/\\\/www.naturafrig.com.br\\\/naturafrig-alimentos-realiza-semana-interna-de-prevencao-de-acidentes-do-trabalho-2017\\\/#primaryimage\",\"url\":\"https:\\\/\\\/www.naturafrig.com.br\\\/wp-content\\\/uploads\\\/2018\\\/01\\\/IMG_3615.jpg\",\"contentUrl\":\"https:\\\/\\\/www.naturafrig.com.br\\\/wp-content\\\/uploads\\\/2018\\\/01\\\/IMG_3615.jpg\",\"width\":900,\"height\":600},{\"@type\":\"BreadcrumbList\",\"@id\":\"https:\\\/\\\/www.naturafrig.com.br\\\/naturafrig-alimentos-realiza-semana-interna-de-prevencao-de-acidentes-do-trabalho-2017\\\/#breadcrumb\",\"itemListElement\":[{\"@type\":\"ListItem\",\"position\":1,\"name\":\"In\u00edcio\",\"item\":\"https:\\\/\\\/www.naturafrig.com.br\\\/\"},{\"@type\":\"ListItem\",\"position\":2,\"name\":\"NaturaFrig Alimentos realiza Semana Interna de Preven\u00e7\u00e3o de Acidentes do Trabalho 2017\"}]},{\"@type\":\"WebSite\",\"@id\":\"https:\\\/\\\/www.naturafrig.com.br\\\/#website\",\"url\":\"https:\\\/\\\/www.naturafrig.com.br\\\/\",\"name\":\"Naturafrig Alimentos\",\"description\":\"Qualidade em cada corte!\",\"publisher\":{\"@id\":\"https:\\\/\\\/www.naturafrig.com.br\\\/#organization\"},\"potentialAction\":[{\"@type\":\"SearchAction\",\"target\":{\"@type\":\"EntryPoint\",\"urlTemplate\":\"https:\\\/\\\/www.naturafrig.com.br\\\/?s={search_term_string}\"},\"query-input\":{\"@type\":\"PropertyValueSpecification\",\"valueRequired\":true,\"valueName\":\"search_term_string\"}}],\"inLanguage\":\"en-US\"},{\"@type\":\"Organization\",\"@id\":\"https:\\\/\\\/www.naturafrig.com.br\\\/#organization\",\"name\":\"Naturafrig Alimentos\",\"url\":\"https:\\\/\\\/www.naturafrig.com.br\\\/\",\"logo\":{\"@type\":\"ImageObject\",\"inLanguage\":\"en-US\",\"@id\":\"https:\\\/\\\/www.naturafrig.com.br\\\/#\\\/schema\\\/logo\\\/image\\\/\",\"url\":\"https:\\\/\\\/www.naturafrig.com.br\\\/wp-content\\\/uploads\\\/2025\\\/11\\\/logo_naturafrig.png\",\"contentUrl\":\"https:\\\/\\\/www.naturafrig.com.br\\\/wp-content\\\/uploads\\\/2025\\\/11\\\/logo_naturafrig.png\",\"width\":450,\"height\":220,\"caption\":\"Naturafrig Alimentos\"},\"image\":{\"@id\":\"https:\\\/\\\/www.naturafrig.com.br\\\/#\\\/schema\\\/logo\\\/image\\\/\"},\"sameAs\":[\"https:\\\/\\\/www.facebook.com\\\/naturafrig\\\/\"]},{\"@type\":\"Person\",\"@id\":\"https:\\\/\\\/www.naturafrig.com.br\\\/#\\\/schema\\\/person\\\/2236af56dd336b8153c73d7ce6952ffa\",\"name\":\"naturafrig\",\"image\":{\"@type\":\"ImageObject\",\"inLanguage\":\"en-US\",\"@id\":\"https:\\\/\\\/secure.gravatar.com\\\/avatar\\\/bf850200d24c8ad5ac328f455ea5424b4aab297cbdf824ea4518f2b240d94a64?s=96&d=mm&r=g\",\"url\":\"https:\\\/\\\/secure.gravatar.com\\\/avatar\\\/bf850200d24c8ad5ac328f455ea5424b4aab297cbdf824ea4518f2b240d94a64?s=96&d=mm&r=g\",\"contentUrl\":\"https:\\\/\\\/secure.gravatar.com\\\/avatar\\\/bf850200d24c8ad5ac328f455ea5424b4aab297cbdf824ea4518f2b240d94a64?s=96&d=mm&r=g\",\"caption\":\"naturafrig\"},\"sameAs\":[\"https:\\\/\\\/www.naturafrig.com.br\"],\"url\":\"https:\\\/\\\/www.naturafrig.com.br\\\/en\\\/author\\\/naturafrig\\\/\"}]}<\/script>\n<!-- \/ Yoast SEO plugin. -->","yoast_head_json":{"title":"NaturaFrig Alimentos realiza Semana Interna de Preven\u00e7\u00e3o de Acidentes do Trabalho 2017 - Naturafrig Alimentos","robots":{"index":"index","follow":"follow","max-snippet":"max-snippet:-1","max-image-preview":"max-image-preview:large","max-video-preview":"max-video-preview:-1"},"canonical":"https:\/\/www.naturafrig.com.br\/en\/naturafrig-alimentos-realiza-semana-interna-de-prevencao-de-acidentes-do-trabalho-2017\/","og_locale":"en_US","og_type":"article","og_title":"NaturaFrig Alimentos realiza Semana Interna de Preven\u00e7\u00e3o de Acidentes do Trabalho 2017 - Naturafrig Alimentos","og_description":"Realizada entre os dias 20 a 24 de novembro, a empresa Naturafrig\u00a0Alimentos realizou a 1\u00aa Semana Interna de Preven\u00e7\u00e3o de Acidentes do\u00a0Trabalho (SIPAT\/2017). O evento foi realizado durante o per\u00edodo da\u00a0tarde e atingiu os mais de mil funcion\u00e1rios do Frigor\u00edfico. Entre as\u00a0atividades, o p\u00fablico interno participou de um concurso de frases,\u00a0palestras, apresenta\u00e7\u00f5es teatrais e um [&hellip;]","og_url":"https:\/\/www.naturafrig.com.br\/en\/naturafrig-alimentos-realiza-semana-interna-de-prevencao-de-acidentes-do-trabalho-2017\/","og_site_name":"Naturafrig Alimentos","article_publisher":"https:\/\/www.facebook.com\/naturafrig\/","article_published_time":"2018-01-24T18:07:15+00:00","og_image":[{"width":900,"height":600,"url":"https:\/\/www.naturafrig.com.br\/wp-content\/uploads\/2018\/01\/IMG_3615.jpg","type":"image\/jpeg"}],"author":"naturafrig","twitter_card":"summary_large_image","twitter_misc":{"Written by":"naturafrig","Est. reading time":"2 minutes"},"schema":{"@context":"https:\/\/schema.org","@graph":[{"@type":"Article","@id":"https:\/\/www.naturafrig.com.br\/naturafrig-alimentos-realiza-semana-interna-de-prevencao-de-acidentes-do-trabalho-2017\/#article","isPartOf":{"@id":"https:\/\/www.naturafrig.com.br\/naturafrig-alimentos-realiza-semana-interna-de-prevencao-de-acidentes-do-trabalho-2017\/"},"author":{"name":"naturafrig","@id":"https:\/\/www.naturafrig.com.br\/#\/schema\/person\/2236af56dd336b8153c73d7ce6952ffa"},"headline":"NaturaFrig Alimentos realiza Semana Interna de Preven\u00e7\u00e3o de Acidentes do Trabalho 2017","datePublished":"2018-01-24T18:07:15+00:00","mainEntityOfPage":{"@id":"https:\/\/www.naturafrig.com.br\/naturafrig-alimentos-realiza-semana-interna-de-prevencao-de-acidentes-do-trabalho-2017\/"},"wordCount":487,"commentCount":0,"publisher":{"@id":"https:\/\/www.naturafrig.com.br\/#organization"},"image":{"@id":"https:\/\/www.naturafrig.com.br\/naturafrig-alimentos-realiza-semana-interna-de-prevencao-de-acidentes-do-trabalho-2017\/#primaryimage"},"thumbnailUrl":"https:\/\/www.naturafrig.com.br\/wp-content\/uploads\/2018\/01\/IMG_3615.jpg","keywords":["Sipat","Naturafrig"],"articleSection":["Not\u00edcias"],"inLanguage":"en-US"},{"@type":"WebPage","@id":"https:\/\/www.naturafrig.com.br\/naturafrig-alimentos-realiza-semana-interna-de-prevencao-de-acidentes-do-trabalho-2017\/","url":"https:\/\/www.naturafrig.com.br\/naturafrig-alimentos-realiza-semana-interna-de-prevencao-de-acidentes-do-trabalho-2017\/","name":"NaturaFrig Alimentos realiza Semana Interna de Preven\u00e7\u00e3o de Acidentes do Trabalho 2017 - Naturafrig Alimentos","isPartOf":{"@id":"https:\/\/www.naturafrig.com.br\/#website"},"primaryImageOfPage":{"@id":"https:\/\/www.naturafrig.com.br\/naturafrig-alimentos-realiza-semana-interna-de-prevencao-de-acidentes-do-trabalho-2017\/#primaryimage"},"image":{"@id":"https:\/\/www.naturafrig.com.br\/naturafrig-alimentos-realiza-semana-interna-de-prevencao-de-acidentes-do-trabalho-2017\/#primaryimage"},"thumbnailUrl":"https:\/\/www.naturafrig.com.br\/wp-content\/uploads\/2018\/01\/IMG_3615.jpg","datePublished":"2018-01-24T18:07:15+00:00","breadcrumb":{"@id":"https:\/\/www.naturafrig.com.br\/naturafrig-alimentos-realiza-semana-interna-de-prevencao-de-acidentes-do-trabalho-2017\/#breadcrumb"},"inLanguage":"en-US","potentialAction":[{"@type":"ReadAction","target":["https:\/\/www.naturafrig.com.br\/naturafrig-alimentos-realiza-semana-interna-de-prevencao-de-acidentes-do-trabalho-2017\/"]}]},{"@type":"ImageObject","inLanguage":"en-US","@id":"https:\/\/www.naturafrig.com.br\/naturafrig-alimentos-realiza-semana-interna-de-prevencao-de-acidentes-do-trabalho-2017\/#primaryimage","url":"https:\/\/www.naturafrig.com.br\/wp-content\/uploads\/2018\/01\/IMG_3615.jpg","contentUrl":"https:\/\/www.naturafrig.com.br\/wp-content\/uploads\/2018\/01\/IMG_3615.jpg","width":900,"height":600},{"@type":"BreadcrumbList","@id":"https:\/\/www.naturafrig.com.br\/naturafrig-alimentos-realiza-semana-interna-de-prevencao-de-acidentes-do-trabalho-2017\/#breadcrumb","itemListElement":[{"@type":"ListItem","position":1,"name":"In\u00edcio","item":"https:\/\/www.naturafrig.com.br\/"},{"@type":"ListItem","position":2,"name":"NaturaFrig Alimentos realiza Semana Interna de Preven\u00e7\u00e3o de Acidentes do Trabalho 2017"}]},{"@type":"WebSite","@id":"https:\/\/www.naturafrig.com.br\/#website","url":"https:\/\/www.naturafrig.com.br\/","name":"Naturafrig Alimentos","description":"Qualidade em cada corte!","publisher":{"@id":"https:\/\/www.naturafrig.com.br\/#organization"},"potentialAction":[{"@type":"SearchAction","target":{"@type":"EntryPoint","urlTemplate":"https:\/\/www.naturafrig.com.br\/?s={search_term_string}"},"query-input":{"@type":"PropertyValueSpecification","valueRequired":true,"valueName":"search_term_string"}}],"inLanguage":"en-US"},{"@type":"Organization","@id":"https:\/\/www.naturafrig.com.br\/#organization","name":"Naturafrig Alimentos","url":"https:\/\/www.naturafrig.com.br\/","logo":{"@type":"ImageObject","inLanguage":"en-US","@id":"https:\/\/www.naturafrig.com.br\/#\/schema\/logo\/image\/","url":"https:\/\/www.naturafrig.com.br\/wp-content\/uploads\/2025\/11\/logo_naturafrig.png","contentUrl":"https:\/\/www.naturafrig.com.br\/wp-content\/uploads\/2025\/11\/logo_naturafrig.png","width":450,"height":220,"caption":"Naturafrig Alimentos"},"image":{"@id":"https:\/\/www.naturafrig.com.br\/#\/schema\/logo\/image\/"},"sameAs":["https:\/\/www.facebook.com\/naturafrig\/"]},{"@type":"Person","@id":"https:\/\/www.naturafrig.com.br\/#\/schema\/person\/2236af56dd336b8153c73d7ce6952ffa","name":"naturafrig","image":{"@type":"ImageObject","inLanguage":"en-US","@id":"https:\/\/secure.gravatar.com\/avatar\/bf850200d24c8ad5ac328f455ea5424b4aab297cbdf824ea4518f2b240d94a64?s=96&d=mm&r=g","url":"https:\/\/secure.gravatar.com\/avatar\/bf850200d24c8ad5ac328f455ea5424b4aab297cbdf824ea4518f2b240d94a64?s=96&d=mm&r=g","contentUrl":"https:\/\/secure.gravatar.com\/avatar\/bf850200d24c8ad5ac328f455ea5424b4aab297cbdf824ea4518f2b240d94a64?s=96&d=mm&r=g","caption":"naturafrig"},"sameAs":["https:\/\/www.naturafrig.com.br"],"url":"https:\/\/www.naturafrig.com.br\/en\/author\/naturafrig\/"}]}},"_links":{"self":[{"href":"https:\/\/www.naturafrig.com.br\/en\/wp-json\/wp\/v2\/posts\/778","targetHints":{"allow":["GET"]}}],"collection":[{"href":"https:\/\/www.naturafrig.com.br\/en\/wp-json\/wp\/v2\/posts"}],"about":[{"href":"https:\/\/www.naturafrig.com.br\/en\/wp-json\/wp\/v2\/types\/post"}],"author":[{"embeddable":true,"href":"https:\/\/www.naturafrig.com.br\/en\/wp-json\/wp\/v2\/users\/1"}],"replies":[{"embeddable":true,"href":"https:\/\/www.naturafrig.com.br\/en\/wp-json\/wp\/v2\/comments?post=778"}],"version-history":[{"count":0,"href":"https:\/\/www.naturafrig.com.br\/en\/wp-json\/wp\/v2\/posts\/778\/revisions"}],"wp:featuredmedia":[{"embeddable":true,"href":"https:\/\/www.naturafrig.com.br\/en\/wp-json\/wp\/v2\/media\/779"}],"wp:attachment":[{"href":"https:\/\/www.naturafrig.com.br\/en\/wp-json\/wp\/v2\/media?parent=778"}],"wp:term":[{"taxonomy":"category","embeddable":true,"href":"https:\/\/www.naturafrig.com.br\/en\/wp-json\/wp\/v2\/categories?post=778"},{"taxonomy":"post_tag","embeddable":true,"href":"https:\/\/www.naturafrig.com.br\/en\/wp-json\/wp\/v2\/tags?post=778"}],"curies":[{"name":"wp","href":"https:\/\/api.w.org\/{rel}","templated":true}]}}