{"id":12742,"date":"2026-01-16T21:53:24","date_gmt":"2026-01-17T00:53:24","guid":{"rendered":"https:\/\/www.naturafrig.com.br\/?p=12742"},"modified":"2026-01-16T21:53:24","modified_gmt":"2026-01-17T00:53:24","slug":"parceria-sustentavel-entre-naturafrig-e-imac-para-reintegracao-de-propriedades-rurais-no-mercado-pecuario","status":"publish","type":"post","link":"https:\/\/www.naturafrig.com.br\/es\/parceria-sustentavel-entre-naturafrig-e-imac-para-reintegracao-de-propriedades-rurais-no-mercado-pecuario\/","title":{"rendered":"Asociaci\u00f3n sostenible entre Naturafrig y el IMAC para reintegraci\u00f3n de propiedades rurales en el mercado ganadero"},"content":{"rendered":"<h3><em>Iniciativa pioneira garante a reintegra\u00e7\u00e3o de produtores rurais ao mercado pecu\u00e1rio sob diretrizes do Programa de Reinser\u00e7\u00e3o e Monitoramento (PREM).<\/em><\/h3>\n<p class=\"s8\">A Naturafrig, em parceria com o Instituto de Meio Ambiente do Acre (IMAC), integra o Programa de Reinser\u00e7\u00e3o e Monitoramento (PREM), uma iniciativa voltada para a reabilita\u00e7\u00e3o de propriedades rurais no mercado pecu\u00e1rio sob diretrizes sustent\u00e1veis.<\/p>\n<p class=\"s8\">Idealizado pelo IMAC, o PREM foca no acompanhamento e na recupera\u00e7\u00e3o de \u00e1reas com desmatamento irregular que estavam impedidas de comercializar com frigor\u00edficos signat\u00e1rios do Termo de Ajuste de Conduta (TAC) junto ao Minist\u00e9rio P\u00fablico Federal (MPF). Nesse cen\u00e1rio, a Naturafrig atua como pe\u00e7a-chave ao facilitar o ingresso dos produtores no projeto, fornecendo vouchers que isentam a taxa de ades\u00e3o.<\/p>\n<p class=\"s8\">O programa refor\u00e7a o zelo ambiental, exigindo o cumprimento de metas acordadas, como a interrup\u00e7\u00e3o de atividades produtivas em zonas desmatadas ilegalmente. Como incentivo, oferece o parcelamento de multas em at\u00e9 24 vezes e o uso de vouchers que agilizam o retorno dos produtores ao circuito comercial.<\/p>\n<p class=\"s8\">Com suporte via plataforma digital, aux\u00edlio na regenera\u00e7\u00e3o da vegeta\u00e7\u00e3o e prioridade na an\u00e1lise do Cadastro Ambiental Rural (CAR), o PREM promove uma estrat\u00e9gia completa para a sustentabilidade na pecu\u00e1ria. Para aderir, os produtores devem possuir registros de desmatamento posteriores a 22 de julho de 2008 e entrar em contato com a equipe do programa para o cadastro.<\/p>\n<p class=\"s8\">Esta uni\u00e3o entre Naturafrig e IMAC consolida-se como um exemplo de coopera\u00e7\u00e3o entre os setores p\u00fablico e privado para impulsionar o cuidado com o meio ambiente e o progresso socioecon\u00f4mico rural.<\/p>","protected":false},"excerpt":{"rendered":"<p>Iniciativa pioneira garante a reintegra\u00e7\u00e3o de produtores rurais ao mercado pecu\u00e1rio sob diretrizes do Programa de Reinser\u00e7\u00e3o e Monitoramento (PREM). A Naturafrig, em parceria com o Instituto de Meio Ambiente do Acre (IMAC), integra o Programa de Reinser\u00e7\u00e3o e Monitoramento (PREM), uma iniciativa voltada para a reabilita\u00e7\u00e3o de propriedades rurais no mercado pecu\u00e1rio sob diretrizes [&hellip;]<\/p>\n","protected":false},"author":1,"featured_media":12743,"comment_status":"closed","ping_status":"closed","sticky":false,"template":"","format":"standard","meta":{"_acf_changed":false,"inline_featured_image":false,"footnotes":""},"categories":[1],"tags":[33,62,63,64,65,66,67,68],"class_list":["post-12742","post","type-post","status-publish","format-standard","has-post-thumbnail","hentry","category-noticias","tag-naturafrig","tag-imac","tag-mpf","tag-prem","tag-tac","tag-car","tag-mercado-pecuario","tag-sustentabilidade"],"acf":[],"yoast_head":"<!-- This site is optimized with the Yoast SEO plugin v27.5 - https:\/\/yoast.com\/product\/yoast-seo-wordpress\/ -->\n<title>Parceria sustent\u00e1vel entre Naturafrig e IMAC para reintegra\u00e7\u00e3o de propriedades rurais no mercado pecu\u00e1rio - Naturafrig Alimentos<\/title>\n<meta name=\"robots\" content=\"index, follow, max-snippet:-1, max-image-preview:large, max-video-preview:-1\" \/>\n<link rel=\"canonical\" href=\"https:\/\/www.naturafrig.com.br\/es\/parceria-sustentavel-entre-naturafrig-e-imac-para-reintegracao-de-propriedades-rurais-no-mercado-pecuario\/\" \/>\n<meta property=\"og:locale\" content=\"es_ES\" \/>\n<meta property=\"og:type\" content=\"article\" \/>\n<meta property=\"og:title\" content=\"Parceria sustent\u00e1vel entre Naturafrig e IMAC para reintegra\u00e7\u00e3o de propriedades rurais no mercado pecu\u00e1rio - Naturafrig Alimentos\" \/>\n<meta property=\"og:description\" content=\"Iniciativa pioneira garante a reintegra\u00e7\u00e3o de produtores rurais ao mercado pecu\u00e1rio sob diretrizes do Programa de Reinser\u00e7\u00e3o e Monitoramento (PREM). A Naturafrig, em parceria com o Instituto de Meio Ambiente do Acre (IMAC), integra o Programa de Reinser\u00e7\u00e3o e Monitoramento (PREM), uma iniciativa voltada para a reabilita\u00e7\u00e3o de propriedades rurais no mercado pecu\u00e1rio sob diretrizes [&hellip;]\" \/>\n<meta property=\"og:url\" content=\"https:\/\/www.naturafrig.com.br\/es\/parceria-sustentavel-entre-naturafrig-e-imac-para-reintegracao-de-propriedades-rurais-no-mercado-pecuario\/\" \/>\n<meta property=\"og:site_name\" content=\"Naturafrig Alimentos\" \/>\n<meta property=\"article:publisher\" content=\"https:\/\/www.facebook.com\/naturafrig\/\" \/>\n<meta property=\"article:published_time\" content=\"2026-01-17T00:53:24+00:00\" \/>\n<meta property=\"og:image\" content=\"https:\/\/www.naturafrig.com.br\/wp-content\/uploads\/2026\/01\/PREM.jpg\" \/>\n\t<meta property=\"og:image:width\" content=\"800\" \/>\n\t<meta property=\"og:image:height\" content=\"543\" \/>\n\t<meta property=\"og:image:type\" content=\"image\/jpeg\" \/>\n<meta name=\"author\" content=\"naturafrig\" \/>\n<meta name=\"twitter:card\" content=\"summary_large_image\" \/>\n<meta name=\"twitter:label1\" content=\"Escrito por\" \/>\n\t<meta name=\"twitter:data1\" content=\"naturafrig\" \/>\n\t<meta name=\"twitter:label2\" content=\"Tiempo de lectura\" \/>\n\t<meta name=\"twitter:data2\" content=\"2 minutos\" \/>\n<script type=\"application\/ld+json\" class=\"yoast-schema-graph\">{\"@context\":\"https:\\\/\\\/schema.org\",\"@graph\":[{\"@type\":\"Article\",\"@id\":\"https:\\\/\\\/www.naturafrig.com.br\\\/parceria-sustentavel-entre-naturafrig-e-imac-para-reintegracao-de-propriedades-rurais-no-mercado-pecuario\\\/#article\",\"isPartOf\":{\"@id\":\"https:\\\/\\\/www.naturafrig.com.br\\\/parceria-sustentavel-entre-naturafrig-e-imac-para-reintegracao-de-propriedades-rurais-no-mercado-pecuario\\\/\"},\"author\":{\"name\":\"naturafrig\",\"@id\":\"https:\\\/\\\/www.naturafrig.com.br\\\/#\\\/schema\\\/person\\\/2236af56dd336b8153c73d7ce6952ffa\"},\"headline\":\"Parceria sustent\u00e1vel entre Naturafrig e IMAC para reintegra\u00e7\u00e3o de propriedades rurais no mercado pecu\u00e1rio\",\"datePublished\":\"2026-01-17T00:53:24+00:00\",\"mainEntityOfPage\":{\"@id\":\"https:\\\/\\\/www.naturafrig.com.br\\\/parceria-sustentavel-entre-naturafrig-e-imac-para-reintegracao-de-propriedades-rurais-no-mercado-pecuario\\\/\"},\"wordCount\":293,\"publisher\":{\"@id\":\"https:\\\/\\\/www.naturafrig.com.br\\\/#organization\"},\"image\":{\"@id\":\"https:\\\/\\\/www.naturafrig.com.br\\\/parceria-sustentavel-entre-naturafrig-e-imac-para-reintegracao-de-propriedades-rurais-no-mercado-pecuario\\\/#primaryimage\"},\"thumbnailUrl\":\"https:\\\/\\\/www.naturafrig.com.br\\\/wp-content\\\/uploads\\\/2026\\\/01\\\/PREM.jpg\",\"keywords\":[\"Naturafrig\",\"IMAC\",\"MPF\",\"PREM\",\"TAC\",\"CAR\",\"mercado pecu\u00e1rio\",\"sustentabilidade\"],\"articleSection\":[\"Not\u00edcias\"],\"inLanguage\":\"es\"},{\"@type\":\"WebPage\",\"@id\":\"https:\\\/\\\/www.naturafrig.com.br\\\/parceria-sustentavel-entre-naturafrig-e-imac-para-reintegracao-de-propriedades-rurais-no-mercado-pecuario\\\/\",\"url\":\"https:\\\/\\\/www.naturafrig.com.br\\\/parceria-sustentavel-entre-naturafrig-e-imac-para-reintegracao-de-propriedades-rurais-no-mercado-pecuario\\\/\",\"name\":\"Parceria sustent\u00e1vel entre Naturafrig e IMAC para reintegra\u00e7\u00e3o de propriedades rurais no mercado pecu\u00e1rio - Naturafrig Alimentos\",\"isPartOf\":{\"@id\":\"https:\\\/\\\/www.naturafrig.com.br\\\/#website\"},\"primaryImageOfPage\":{\"@id\":\"https:\\\/\\\/www.naturafrig.com.br\\\/parceria-sustentavel-entre-naturafrig-e-imac-para-reintegracao-de-propriedades-rurais-no-mercado-pecuario\\\/#primaryimage\"},\"image\":{\"@id\":\"https:\\\/\\\/www.naturafrig.com.br\\\/parceria-sustentavel-entre-naturafrig-e-imac-para-reintegracao-de-propriedades-rurais-no-mercado-pecuario\\\/#primaryimage\"},\"thumbnailUrl\":\"https:\\\/\\\/www.naturafrig.com.br\\\/wp-content\\\/uploads\\\/2026\\\/01\\\/PREM.jpg\",\"datePublished\":\"2026-01-17T00:53:24+00:00\",\"breadcrumb\":{\"@id\":\"https:\\\/\\\/www.naturafrig.com.br\\\/parceria-sustentavel-entre-naturafrig-e-imac-para-reintegracao-de-propriedades-rurais-no-mercado-pecuario\\\/#breadcrumb\"},\"inLanguage\":\"es\",\"potentialAction\":[{\"@type\":\"ReadAction\",\"target\":[\"https:\\\/\\\/www.naturafrig.com.br\\\/parceria-sustentavel-entre-naturafrig-e-imac-para-reintegracao-de-propriedades-rurais-no-mercado-pecuario\\\/\"]}]},{\"@type\":\"ImageObject\",\"inLanguage\":\"es\",\"@id\":\"https:\\\/\\\/www.naturafrig.com.br\\\/parceria-sustentavel-entre-naturafrig-e-imac-para-reintegracao-de-propriedades-rurais-no-mercado-pecuario\\\/#primaryimage\",\"url\":\"https:\\\/\\\/www.naturafrig.com.br\\\/wp-content\\\/uploads\\\/2026\\\/01\\\/PREM.jpg\",\"contentUrl\":\"https:\\\/\\\/www.naturafrig.com.br\\\/wp-content\\\/uploads\\\/2026\\\/01\\\/PREM.jpg\",\"width\":800,\"height\":543},{\"@type\":\"BreadcrumbList\",\"@id\":\"https:\\\/\\\/www.naturafrig.com.br\\\/parceria-sustentavel-entre-naturafrig-e-imac-para-reintegracao-de-propriedades-rurais-no-mercado-pecuario\\\/#breadcrumb\",\"itemListElement\":[{\"@type\":\"ListItem\",\"position\":1,\"name\":\"In\u00edcio\",\"item\":\"https:\\\/\\\/www.naturafrig.com.br\\\/\"},{\"@type\":\"ListItem\",\"position\":2,\"name\":\"Parceria sustent\u00e1vel entre Naturafrig e IMAC para reintegra\u00e7\u00e3o de propriedades rurais no mercado pecu\u00e1rio\"}]},{\"@type\":\"WebSite\",\"@id\":\"https:\\\/\\\/www.naturafrig.com.br\\\/#website\",\"url\":\"https:\\\/\\\/www.naturafrig.com.br\\\/\",\"name\":\"Naturafrig Alimentos\",\"description\":\"Qualidade em cada corte!\",\"publisher\":{\"@id\":\"https:\\\/\\\/www.naturafrig.com.br\\\/#organization\"},\"potentialAction\":[{\"@type\":\"SearchAction\",\"target\":{\"@type\":\"EntryPoint\",\"urlTemplate\":\"https:\\\/\\\/www.naturafrig.com.br\\\/?s={search_term_string}\"},\"query-input\":{\"@type\":\"PropertyValueSpecification\",\"valueRequired\":true,\"valueName\":\"search_term_string\"}}],\"inLanguage\":\"es\"},{\"@type\":\"Organization\",\"@id\":\"https:\\\/\\\/www.naturafrig.com.br\\\/#organization\",\"name\":\"Naturafrig Alimentos\",\"url\":\"https:\\\/\\\/www.naturafrig.com.br\\\/\",\"logo\":{\"@type\":\"ImageObject\",\"inLanguage\":\"es\",\"@id\":\"https:\\\/\\\/www.naturafrig.com.br\\\/#\\\/schema\\\/logo\\\/image\\\/\",\"url\":\"https:\\\/\\\/www.naturafrig.com.br\\\/wp-content\\\/uploads\\\/2025\\\/11\\\/logo_naturafrig.png\",\"contentUrl\":\"https:\\\/\\\/www.naturafrig.com.br\\\/wp-content\\\/uploads\\\/2025\\\/11\\\/logo_naturafrig.png\",\"width\":450,\"height\":220,\"caption\":\"Naturafrig Alimentos\"},\"image\":{\"@id\":\"https:\\\/\\\/www.naturafrig.com.br\\\/#\\\/schema\\\/logo\\\/image\\\/\"},\"sameAs\":[\"https:\\\/\\\/www.facebook.com\\\/naturafrig\\\/\"]},{\"@type\":\"Person\",\"@id\":\"https:\\\/\\\/www.naturafrig.com.br\\\/#\\\/schema\\\/person\\\/2236af56dd336b8153c73d7ce6952ffa\",\"name\":\"naturafrig\",\"image\":{\"@type\":\"ImageObject\",\"inLanguage\":\"es\",\"@id\":\"https:\\\/\\\/secure.gravatar.com\\\/avatar\\\/bf850200d24c8ad5ac328f455ea5424b4aab297cbdf824ea4518f2b240d94a64?s=96&d=mm&r=g\",\"url\":\"https:\\\/\\\/secure.gravatar.com\\\/avatar\\\/bf850200d24c8ad5ac328f455ea5424b4aab297cbdf824ea4518f2b240d94a64?s=96&d=mm&r=g\",\"contentUrl\":\"https:\\\/\\\/secure.gravatar.com\\\/avatar\\\/bf850200d24c8ad5ac328f455ea5424b4aab297cbdf824ea4518f2b240d94a64?s=96&d=mm&r=g\",\"caption\":\"naturafrig\"},\"sameAs\":[\"https:\\\/\\\/www.naturafrig.com.br\"],\"url\":\"https:\\\/\\\/www.naturafrig.com.br\\\/es\\\/author\\\/naturafrig\\\/\"}]}<\/script>\n<!-- \/ Yoast SEO plugin. -->","yoast_head_json":{"title":"Parceria sustent\u00e1vel entre Naturafrig e IMAC para reintegra\u00e7\u00e3o de propriedades rurais no mercado pecu\u00e1rio - Naturafrig Alimentos","robots":{"index":"index","follow":"follow","max-snippet":"max-snippet:-1","max-image-preview":"max-image-preview:large","max-video-preview":"max-video-preview:-1"},"canonical":"https:\/\/www.naturafrig.com.br\/es\/parceria-sustentavel-entre-naturafrig-e-imac-para-reintegracao-de-propriedades-rurais-no-mercado-pecuario\/","og_locale":"es_ES","og_type":"article","og_title":"Parceria sustent\u00e1vel entre Naturafrig e IMAC para reintegra\u00e7\u00e3o de propriedades rurais no mercado pecu\u00e1rio - Naturafrig Alimentos","og_description":"Iniciativa pioneira garante a reintegra\u00e7\u00e3o de produtores rurais ao mercado pecu\u00e1rio sob diretrizes do Programa de Reinser\u00e7\u00e3o e Monitoramento (PREM). A Naturafrig, em parceria com o Instituto de Meio Ambiente do Acre (IMAC), integra o Programa de Reinser\u00e7\u00e3o e Monitoramento (PREM), uma iniciativa voltada para a reabilita\u00e7\u00e3o de propriedades rurais no mercado pecu\u00e1rio sob diretrizes [&hellip;]","og_url":"https:\/\/www.naturafrig.com.br\/es\/parceria-sustentavel-entre-naturafrig-e-imac-para-reintegracao-de-propriedades-rurais-no-mercado-pecuario\/","og_site_name":"Naturafrig Alimentos","article_publisher":"https:\/\/www.facebook.com\/naturafrig\/","article_published_time":"2026-01-17T00:53:24+00:00","og_image":[{"width":800,"height":543,"url":"https:\/\/www.naturafrig.com.br\/wp-content\/uploads\/2026\/01\/PREM.jpg","type":"image\/jpeg"}],"author":"naturafrig","twitter_card":"summary_large_image","twitter_misc":{"Escrito por":"naturafrig","Tiempo de lectura":"2 minutos"},"schema":{"@context":"https:\/\/schema.org","@graph":[{"@type":"Article","@id":"https:\/\/www.naturafrig.com.br\/parceria-sustentavel-entre-naturafrig-e-imac-para-reintegracao-de-propriedades-rurais-no-mercado-pecuario\/#article","isPartOf":{"@id":"https:\/\/www.naturafrig.com.br\/parceria-sustentavel-entre-naturafrig-e-imac-para-reintegracao-de-propriedades-rurais-no-mercado-pecuario\/"},"author":{"name":"naturafrig","@id":"https:\/\/www.naturafrig.com.br\/#\/schema\/person\/2236af56dd336b8153c73d7ce6952ffa"},"headline":"Parceria sustent\u00e1vel entre Naturafrig e IMAC para reintegra\u00e7\u00e3o de propriedades rurais no mercado pecu\u00e1rio","datePublished":"2026-01-17T00:53:24+00:00","mainEntityOfPage":{"@id":"https:\/\/www.naturafrig.com.br\/parceria-sustentavel-entre-naturafrig-e-imac-para-reintegracao-de-propriedades-rurais-no-mercado-pecuario\/"},"wordCount":293,"publisher":{"@id":"https:\/\/www.naturafrig.com.br\/#organization"},"image":{"@id":"https:\/\/www.naturafrig.com.br\/parceria-sustentavel-entre-naturafrig-e-imac-para-reintegracao-de-propriedades-rurais-no-mercado-pecuario\/#primaryimage"},"thumbnailUrl":"https:\/\/www.naturafrig.com.br\/wp-content\/uploads\/2026\/01\/PREM.jpg","keywords":["Naturafrig","IMAC","MPF","PREM","TAC","CAR","mercado pecu\u00e1rio","sustentabilidade"],"articleSection":["Not\u00edcias"],"inLanguage":"es"},{"@type":"WebPage","@id":"https:\/\/www.naturafrig.com.br\/parceria-sustentavel-entre-naturafrig-e-imac-para-reintegracao-de-propriedades-rurais-no-mercado-pecuario\/","url":"https:\/\/www.naturafrig.com.br\/parceria-sustentavel-entre-naturafrig-e-imac-para-reintegracao-de-propriedades-rurais-no-mercado-pecuario\/","name":"Parceria sustent\u00e1vel entre Naturafrig e IMAC para reintegra\u00e7\u00e3o de propriedades rurais no mercado pecu\u00e1rio - Naturafrig Alimentos","isPartOf":{"@id":"https:\/\/www.naturafrig.com.br\/#website"},"primaryImageOfPage":{"@id":"https:\/\/www.naturafrig.com.br\/parceria-sustentavel-entre-naturafrig-e-imac-para-reintegracao-de-propriedades-rurais-no-mercado-pecuario\/#primaryimage"},"image":{"@id":"https:\/\/www.naturafrig.com.br\/parceria-sustentavel-entre-naturafrig-e-imac-para-reintegracao-de-propriedades-rurais-no-mercado-pecuario\/#primaryimage"},"thumbnailUrl":"https:\/\/www.naturafrig.com.br\/wp-content\/uploads\/2026\/01\/PREM.jpg","datePublished":"2026-01-17T00:53:24+00:00","breadcrumb":{"@id":"https:\/\/www.naturafrig.com.br\/parceria-sustentavel-entre-naturafrig-e-imac-para-reintegracao-de-propriedades-rurais-no-mercado-pecuario\/#breadcrumb"},"inLanguage":"es","potentialAction":[{"@type":"ReadAction","target":["https:\/\/www.naturafrig.com.br\/parceria-sustentavel-entre-naturafrig-e-imac-para-reintegracao-de-propriedades-rurais-no-mercado-pecuario\/"]}]},{"@type":"ImageObject","inLanguage":"es","@id":"https:\/\/www.naturafrig.com.br\/parceria-sustentavel-entre-naturafrig-e-imac-para-reintegracao-de-propriedades-rurais-no-mercado-pecuario\/#primaryimage","url":"https:\/\/www.naturafrig.com.br\/wp-content\/uploads\/2026\/01\/PREM.jpg","contentUrl":"https:\/\/www.naturafrig.com.br\/wp-content\/uploads\/2026\/01\/PREM.jpg","width":800,"height":543},{"@type":"BreadcrumbList","@id":"https:\/\/www.naturafrig.com.br\/parceria-sustentavel-entre-naturafrig-e-imac-para-reintegracao-de-propriedades-rurais-no-mercado-pecuario\/#breadcrumb","itemListElement":[{"@type":"ListItem","position":1,"name":"In\u00edcio","item":"https:\/\/www.naturafrig.com.br\/"},{"@type":"ListItem","position":2,"name":"Parceria sustent\u00e1vel entre Naturafrig e IMAC para reintegra\u00e7\u00e3o de propriedades rurais no mercado pecu\u00e1rio"}]},{"@type":"WebSite","@id":"https:\/\/www.naturafrig.com.br\/#website","url":"https:\/\/www.naturafrig.com.br\/","name":"Naturafrig Alimentos","description":"Qualidade em cada corte!","publisher":{"@id":"https:\/\/www.naturafrig.com.br\/#organization"},"potentialAction":[{"@type":"SearchAction","target":{"@type":"EntryPoint","urlTemplate":"https:\/\/www.naturafrig.com.br\/?s={search_term_string}"},"query-input":{"@type":"PropertyValueSpecification","valueRequired":true,"valueName":"search_term_string"}}],"inLanguage":"es"},{"@type":"Organization","@id":"https:\/\/www.naturafrig.com.br\/#organization","name":"Naturafrig Alimentos","url":"https:\/\/www.naturafrig.com.br\/","logo":{"@type":"ImageObject","inLanguage":"es","@id":"https:\/\/www.naturafrig.com.br\/#\/schema\/logo\/image\/","url":"https:\/\/www.naturafrig.com.br\/wp-content\/uploads\/2025\/11\/logo_naturafrig.png","contentUrl":"https:\/\/www.naturafrig.com.br\/wp-content\/uploads\/2025\/11\/logo_naturafrig.png","width":450,"height":220,"caption":"Naturafrig Alimentos"},"image":{"@id":"https:\/\/www.naturafrig.com.br\/#\/schema\/logo\/image\/"},"sameAs":["https:\/\/www.facebook.com\/naturafrig\/"]},{"@type":"Person","@id":"https:\/\/www.naturafrig.com.br\/#\/schema\/person\/2236af56dd336b8153c73d7ce6952ffa","name":"naturafrig","image":{"@type":"ImageObject","inLanguage":"es","@id":"https:\/\/secure.gravatar.com\/avatar\/bf850200d24c8ad5ac328f455ea5424b4aab297cbdf824ea4518f2b240d94a64?s=96&d=mm&r=g","url":"https:\/\/secure.gravatar.com\/avatar\/bf850200d24c8ad5ac328f455ea5424b4aab297cbdf824ea4518f2b240d94a64?s=96&d=mm&r=g","contentUrl":"https:\/\/secure.gravatar.com\/avatar\/bf850200d24c8ad5ac328f455ea5424b4aab297cbdf824ea4518f2b240d94a64?s=96&d=mm&r=g","caption":"naturafrig"},"sameAs":["https:\/\/www.naturafrig.com.br"],"url":"https:\/\/www.naturafrig.com.br\/es\/author\/naturafrig\/"}]}},"_links":{"self":[{"href":"https:\/\/www.naturafrig.com.br\/es\/wp-json\/wp\/v2\/posts\/12742","targetHints":{"allow":["GET"]}}],"collection":[{"href":"https:\/\/www.naturafrig.com.br\/es\/wp-json\/wp\/v2\/posts"}],"about":[{"href":"https:\/\/www.naturafrig.com.br\/es\/wp-json\/wp\/v2\/types\/post"}],"author":[{"embeddable":true,"href":"https:\/\/www.naturafrig.com.br\/es\/wp-json\/wp\/v2\/users\/1"}],"replies":[{"embeddable":true,"href":"https:\/\/www.naturafrig.com.br\/es\/wp-json\/wp\/v2\/comments?post=12742"}],"version-history":[{"count":1,"href":"https:\/\/www.naturafrig.com.br\/es\/wp-json\/wp\/v2\/posts\/12742\/revisions"}],"predecessor-version":[{"id":12744,"href":"https:\/\/www.naturafrig.com.br\/es\/wp-json\/wp\/v2\/posts\/12742\/revisions\/12744"}],"wp:featuredmedia":[{"embeddable":true,"href":"https:\/\/www.naturafrig.com.br\/es\/wp-json\/wp\/v2\/media\/12743"}],"wp:attachment":[{"href":"https:\/\/www.naturafrig.com.br\/es\/wp-json\/wp\/v2\/media?parent=12742"}],"wp:term":[{"taxonomy":"category","embeddable":true,"href":"https:\/\/www.naturafrig.com.br\/es\/wp-json\/wp\/v2\/categories?post=12742"},{"taxonomy":"post_tag","embeddable":true,"href":"https:\/\/www.naturafrig.com.br\/es\/wp-json\/wp\/v2\/tags?post=12742"}],"curies":[{"name":"wp","href":"https:\/\/api.w.org\/{rel}","templated":true}]}}