{"id":1865,"date":"2020-06-28T18:57:07","date_gmt":"2020-06-28T21:57:07","guid":{"rendered":"https:\/\/www.naturafrig.com.br\/?p=1865"},"modified":"2020-06-28T18:57:07","modified_gmt":"2020-06-28T21:57:07","slug":"nota-de-esclarecimento","status":"publish","type":"post","link":"https:\/\/www.naturafrig.com.br\/es\/nota-de-esclarecimento\/","title":{"rendered":"Decis\u00e3o de interromper atividade em frigor\u00edfico tem car\u00e1ter de responsabilidade social,  diz diretor da Naturafrig"},"content":{"rendered":"<p>A Naturafrig Alimentos desde de sexta-feira, dia 26\/06, no final do dia, suspendeu suas atividades. A decis\u00e3o foi comunicada durante o fim de semana e visa o bem estar dos colaboradores para evitar prolifera\u00e7\u00e3o do novo coronav\u00edrus na regi\u00e3o de Rochedo.\u00a0 Durante todo o dia de hoje a empresa est\u00e1 em processo de formaliza\u00e7\u00e3o com os colaboradores e tamb\u00e9m com toda a cadeia que forma atua\u00e7\u00e3o frigor\u00edfica, entre pecuaristas e clientes.<\/p>\n<p>\u201cPrecisamos manter a calma e nos unirmos. A Naturafrig preza, especialmente por seus colaboradores e tomamos essa decis\u00e3o por entendermos que ao fazer parte da cidade, tamb\u00e9m precisamos colaborar. \u00c9 uma quest\u00e3o de responsabilidade social\u201d, diz S\u00e9rgio Capuci, diretor da unidade.<\/p>\n<p>Desde o primeiro caso confirmado no pa\u00eds, a Naturafrig tomou as devidas precau\u00e7\u00f5es e afastou do quadro de quase 800 efetivos diretos, os colaboradores que fazem parte do grupo de risco, bem como colaboradores que necessitavam acompanhar seus filhos por conta da dispensa escolar.<\/p>\n<p>Na sexta-feira, foi confirmado um caso de covid-19 positivo dentro da unidade em colaborador que apresentou-se assintom\u00e1tico. O mesmo foi contaminado pela esposa que n\u00e3o atua na unidade frigor\u00edfica.<\/p>\n<p>A empresa desde ent\u00e3o tomou a decis\u00e3o de interromper sua produ\u00e7\u00e3o para que os colaboradores possam respeitar medidas de isolamento da cidade de Rochedo.<\/p>\n<p>A empresa, ao comunicar a SEMAGRO, atrav\u00e9s do Secret\u00e1rio, Sr. Jaime Verruck, e a Secretaria de Estado de Sa\u00fade (SES), atrav\u00e9s do secret\u00e1rio, Sr. Geraldo Rezende, que prontamente apoiaram todas as medidas com testagem de 100% dos colaboradores, e a\u00e7\u00f5es integradas do estado, munic\u00edpio e a empresa.<\/p>\n<p>A empresa, est\u00e1, tamb\u00e9m, em comunica\u00e7\u00e3o direta com o Minist\u00e9rio da Agricultura, Pecu\u00e1ria e Abastecimento (MAPA), que tamb\u00e9m, est\u00e1 fornecendo todo apoio necess\u00e1rio.<\/p>\n<p>Os procedimentos preventivos da unidade de Rochedo possuem valida\u00e7\u00e3o da vigil\u00e2ncia sanit\u00e1ria do munic\u00edpio e ainda do Minist\u00e9rio da Economia. A empresa possui \u00f3timo relacionamento com as secretarias de sa\u00fade dos dois munic\u00edpios, Rochedo e Corguinho, e todas as a\u00e7\u00f5es s\u00e3o decididas em conjunto.\u00a0\u00a0\u00a0\u00a0<\/p>\n<p>A empresa j\u00e1 possui plano interno de preven\u00e7\u00e3o, onde foram adotadas v\u00e1rias medidas desde o in\u00edcio da pandemia de covid-19, em mar\u00e7o de 2020 tais como: cumprimento do distanciamento social; mudan\u00e7a de hor\u00e1rios dos setores para evitar aglomera\u00e7\u00e3o; aferi\u00e7\u00e3o de temperatura ao adentrar nos ve\u00edculos e na empresa; adequa\u00e7\u00e3o do refeit\u00f3rio, \u00e1reas de viv\u00eancia, vesti\u00e1rios, etc.; desinfec\u00e7\u00e3o constantes das \u00e1reas comuns da empresa; entre v\u00e1rias outras.<\/p>\n<p>De acordo com nota emitida ontem pela empresa seguem os compromissos da unidade:<\/p>\n<p><strong>Elo com o trabalhador<\/strong><\/p>\n<p>O sindicato dos trabalhadores faz parte do comit\u00ea interno de preven\u00e7\u00e3o, portanto a entidade participa das decis\u00f5es e fiscaliza in loco todas as a\u00e7\u00f5es implementadas.<\/p>\n<p><strong>Quadro t\u00e9cnico em sa\u00fade <\/strong><\/p>\n<p>Al\u00e9m do setor de Sa\u00fade e Seguran\u00e7a do Trabalho, composto por t\u00e9cnicos de seguran\u00e7a, enfermeiros, engenheiros, m\u00e9dico do trabalho, a empresa contratou para esse momento, m\u00e9dico infectologista, quem coordenar\u00e1 todas as medidas do plano interno de conten\u00e7\u00e3o a propaga\u00e7\u00e3o do Covid-19.<\/p>\n<p><strong>Tecnologia <\/strong><\/p>\n<p>\u00a0O setor de tecnologia da empresa, desenvolveu um software onde, atrav\u00e9s de cruzamento de dados, e algoritmo, consegue rastrear todo contato que os colaboradores possam ter, para que as medidas de conten\u00e7\u00e3o sejam eficientes.<\/p>\n<p><strong>Responsabilidade Social <\/strong><\/p>\n<p>Pensando na sociedade como um todo, a empresa j\u00e1 realizou doa\u00e7\u00f5es de EPIs e equipamentos para as prefeituras de Rochedo e de Corguinho, e sempre esteve em contato com a administra\u00e7\u00e3o dos dois munic\u00edpios para ajudar no que for necess\u00e1rio na conten\u00e7\u00e3o do v\u00edrus na regi\u00e3o.<\/p>\n<p><strong>Aos pecuaristas <\/strong><\/p>\n<p>O setor de compra de gado da empresa est\u00e1 realocando todos os animais adquiridos para as unidades de Nova Andradina\/MS e Pirapozinho\/SP.<\/p>\n<p><strong>Retorno das atividades<\/strong><\/p>\n<p>No retorno das atividades, a empresa realizar\u00e1 teste em 100% dos colaboradores, a fim, sempre, de garantir a sa\u00fade dos nossos colaboradores e da sociedade de Rochedo e regi\u00e3o, e seguir\u00e1 com todos os protocolos de preven\u00e7\u00e3o j\u00e1 mencionados anteriormente.<\/p>\n<p>&nbsp;<\/p>\n<p><strong><em>Informa\u00e7\u00f5es para a imprensa: <\/em><\/strong><\/p>\n<p><em>Contexto M\u00eddia <br \/>\n<\/em><em>www.contextomidia.com.br <\/em><\/p>\n<p><em>Dilma Bernardes \u2013 <\/em><a href=\"mailto:dilma@contextomidia.com.br\"><em>dilma@contextomidia.com.br<\/em><\/a><br \/>\n<em>67-992074496 <\/em><\/p>\n<p><em>Luciane Mamor\u00e9 \u2013 <\/em><a href=\"mailto:mamore@contextomidia.com.br\"><em>mamore@contextomidia.com.br<\/em><\/a><br \/>\n<em>67-992074497<\/em><\/p>","protected":false},"excerpt":{"rendered":"<p>A Naturafrig Alimentos desde de sexta-feira, dia 26\/06, no final do dia, suspendeu suas atividades. A decis\u00e3o foi comunicada durante o fim de semana e visa o bem estar dos colaboradores para evitar prolifera\u00e7\u00e3o do novo coronav\u00edrus na regi\u00e3o de Rochedo.\u00a0 Durante todo o dia de hoje a empresa est\u00e1 em processo de formaliza\u00e7\u00e3o com [&hellip;]<\/p>\n","protected":false},"author":1,"featured_media":6158,"comment_status":"open","ping_status":"open","sticky":false,"template":"","format":"standard","meta":{"_acf_changed":false,"inline_featured_image":false,"footnotes":""},"categories":[1],"tags":[],"class_list":["post-1865","post","type-post","status-publish","format-standard","has-post-thumbnail","hentry","category-noticias"],"acf":[],"yoast_head":"<!-- This site is optimized with the Yoast SEO plugin v27.5 - https:\/\/yoast.com\/product\/yoast-seo-wordpress\/ -->\n<title>Decis\u00e3o de interromper atividade em frigor\u00edfico tem car\u00e1ter de responsabilidade social, diz diretor da Naturafrig - Naturafrig Alimentos<\/title>\n<meta name=\"robots\" content=\"index, follow, max-snippet:-1, max-image-preview:large, max-video-preview:-1\" \/>\n<link rel=\"canonical\" href=\"https:\/\/www.naturafrig.com.br\/es\/nota-de-esclarecimento\/\" \/>\n<meta property=\"og:locale\" content=\"es_ES\" \/>\n<meta property=\"og:type\" content=\"article\" \/>\n<meta property=\"og:title\" content=\"Decis\u00e3o de interromper atividade em frigor\u00edfico tem car\u00e1ter de responsabilidade social, diz diretor da Naturafrig - Naturafrig Alimentos\" \/>\n<meta property=\"og:description\" content=\"A Naturafrig Alimentos desde de sexta-feira, dia 26\/06, no final do dia, suspendeu suas atividades. A decis\u00e3o foi comunicada durante o fim de semana e visa o bem estar dos colaboradores para evitar prolifera\u00e7\u00e3o do novo coronav\u00edrus na regi\u00e3o de Rochedo.\u00a0 Durante todo o dia de hoje a empresa est\u00e1 em processo de formaliza\u00e7\u00e3o com [&hellip;]\" \/>\n<meta property=\"og:url\" content=\"https:\/\/www.naturafrig.com.br\/es\/nota-de-esclarecimento\/\" \/>\n<meta property=\"og:site_name\" content=\"Naturafrig Alimentos\" \/>\n<meta property=\"article:publisher\" content=\"https:\/\/www.facebook.com\/naturafrig\/\" \/>\n<meta property=\"article:published_time\" content=\"2020-06-28T21:57:07+00:00\" \/>\n<meta property=\"og:image\" content=\"https:\/\/www.naturafrig.com.br\/wp-content\/uploads\/2020\/06\/decisao.jpeg\" \/>\n\t<meta property=\"og:image:width\" content=\"770\" \/>\n\t<meta property=\"og:image:height\" content=\"530\" \/>\n\t<meta property=\"og:image:type\" content=\"image\/jpeg\" \/>\n<meta name=\"author\" content=\"naturafrig\" \/>\n<meta name=\"twitter:card\" content=\"summary_large_image\" \/>\n<meta name=\"twitter:label1\" content=\"Escrito por\" \/>\n\t<meta name=\"twitter:data1\" content=\"naturafrig\" \/>\n\t<meta name=\"twitter:label2\" content=\"Tiempo de lectura\" \/>\n\t<meta name=\"twitter:data2\" content=\"4 minutos\" \/>\n<script type=\"application\/ld+json\" class=\"yoast-schema-graph\">{\"@context\":\"https:\\\/\\\/schema.org\",\"@graph\":[{\"@type\":\"Article\",\"@id\":\"https:\\\/\\\/www.naturafrig.com.br\\\/nota-de-esclarecimento\\\/#article\",\"isPartOf\":{\"@id\":\"https:\\\/\\\/www.naturafrig.com.br\\\/nota-de-esclarecimento\\\/\"},\"author\":{\"name\":\"naturafrig\",\"@id\":\"https:\\\/\\\/www.naturafrig.com.br\\\/#\\\/schema\\\/person\\\/2236af56dd336b8153c73d7ce6952ffa\"},\"headline\":\"Decis\u00e3o de interromper atividade em frigor\u00edfico tem car\u00e1ter de responsabilidade social, diz diretor da Naturafrig\",\"datePublished\":\"2020-06-28T21:57:07+00:00\",\"mainEntityOfPage\":{\"@id\":\"https:\\\/\\\/www.naturafrig.com.br\\\/nota-de-esclarecimento\\\/\"},\"wordCount\":750,\"commentCount\":0,\"publisher\":{\"@id\":\"https:\\\/\\\/www.naturafrig.com.br\\\/#organization\"},\"image\":{\"@id\":\"https:\\\/\\\/www.naturafrig.com.br\\\/nota-de-esclarecimento\\\/#primaryimage\"},\"thumbnailUrl\":\"https:\\\/\\\/www.naturafrig.com.br\\\/wp-content\\\/uploads\\\/2020\\\/06\\\/decisao.jpeg\",\"articleSection\":[\"Not\u00edcias\"],\"inLanguage\":\"es\"},{\"@type\":\"WebPage\",\"@id\":\"https:\\\/\\\/www.naturafrig.com.br\\\/nota-de-esclarecimento\\\/\",\"url\":\"https:\\\/\\\/www.naturafrig.com.br\\\/nota-de-esclarecimento\\\/\",\"name\":\"Decis\u00e3o de interromper atividade em frigor\u00edfico tem car\u00e1ter de responsabilidade social, diz diretor da Naturafrig - Naturafrig Alimentos\",\"isPartOf\":{\"@id\":\"https:\\\/\\\/www.naturafrig.com.br\\\/#website\"},\"primaryImageOfPage\":{\"@id\":\"https:\\\/\\\/www.naturafrig.com.br\\\/nota-de-esclarecimento\\\/#primaryimage\"},\"image\":{\"@id\":\"https:\\\/\\\/www.naturafrig.com.br\\\/nota-de-esclarecimento\\\/#primaryimage\"},\"thumbnailUrl\":\"https:\\\/\\\/www.naturafrig.com.br\\\/wp-content\\\/uploads\\\/2020\\\/06\\\/decisao.jpeg\",\"datePublished\":\"2020-06-28T21:57:07+00:00\",\"breadcrumb\":{\"@id\":\"https:\\\/\\\/www.naturafrig.com.br\\\/nota-de-esclarecimento\\\/#breadcrumb\"},\"inLanguage\":\"es\",\"potentialAction\":[{\"@type\":\"ReadAction\",\"target\":[\"https:\\\/\\\/www.naturafrig.com.br\\\/nota-de-esclarecimento\\\/\"]}]},{\"@type\":\"ImageObject\",\"inLanguage\":\"es\",\"@id\":\"https:\\\/\\\/www.naturafrig.com.br\\\/nota-de-esclarecimento\\\/#primaryimage\",\"url\":\"https:\\\/\\\/www.naturafrig.com.br\\\/wp-content\\\/uploads\\\/2020\\\/06\\\/decisao.jpeg\",\"contentUrl\":\"https:\\\/\\\/www.naturafrig.com.br\\\/wp-content\\\/uploads\\\/2020\\\/06\\\/decisao.jpeg\",\"width\":770,\"height\":530},{\"@type\":\"BreadcrumbList\",\"@id\":\"https:\\\/\\\/www.naturafrig.com.br\\\/nota-de-esclarecimento\\\/#breadcrumb\",\"itemListElement\":[{\"@type\":\"ListItem\",\"position\":1,\"name\":\"In\u00edcio\",\"item\":\"https:\\\/\\\/www.naturafrig.com.br\\\/\"},{\"@type\":\"ListItem\",\"position\":2,\"name\":\"Decis\u00e3o de interromper atividade em frigor\u00edfico tem car\u00e1ter de responsabilidade social, diz diretor da Naturafrig\"}]},{\"@type\":\"WebSite\",\"@id\":\"https:\\\/\\\/www.naturafrig.com.br\\\/#website\",\"url\":\"https:\\\/\\\/www.naturafrig.com.br\\\/\",\"name\":\"Naturafrig Alimentos\",\"description\":\"Qualidade em cada corte!\",\"publisher\":{\"@id\":\"https:\\\/\\\/www.naturafrig.com.br\\\/#organization\"},\"potentialAction\":[{\"@type\":\"SearchAction\",\"target\":{\"@type\":\"EntryPoint\",\"urlTemplate\":\"https:\\\/\\\/www.naturafrig.com.br\\\/?s={search_term_string}\"},\"query-input\":{\"@type\":\"PropertyValueSpecification\",\"valueRequired\":true,\"valueName\":\"search_term_string\"}}],\"inLanguage\":\"es\"},{\"@type\":\"Organization\",\"@id\":\"https:\\\/\\\/www.naturafrig.com.br\\\/#organization\",\"name\":\"Naturafrig Alimentos\",\"url\":\"https:\\\/\\\/www.naturafrig.com.br\\\/\",\"logo\":{\"@type\":\"ImageObject\",\"inLanguage\":\"es\",\"@id\":\"https:\\\/\\\/www.naturafrig.com.br\\\/#\\\/schema\\\/logo\\\/image\\\/\",\"url\":\"https:\\\/\\\/www.naturafrig.com.br\\\/wp-content\\\/uploads\\\/2025\\\/11\\\/logo_naturafrig.png\",\"contentUrl\":\"https:\\\/\\\/www.naturafrig.com.br\\\/wp-content\\\/uploads\\\/2025\\\/11\\\/logo_naturafrig.png\",\"width\":450,\"height\":220,\"caption\":\"Naturafrig Alimentos\"},\"image\":{\"@id\":\"https:\\\/\\\/www.naturafrig.com.br\\\/#\\\/schema\\\/logo\\\/image\\\/\"},\"sameAs\":[\"https:\\\/\\\/www.facebook.com\\\/naturafrig\\\/\"]},{\"@type\":\"Person\",\"@id\":\"https:\\\/\\\/www.naturafrig.com.br\\\/#\\\/schema\\\/person\\\/2236af56dd336b8153c73d7ce6952ffa\",\"name\":\"naturafrig\",\"image\":{\"@type\":\"ImageObject\",\"inLanguage\":\"es\",\"@id\":\"https:\\\/\\\/secure.gravatar.com\\\/avatar\\\/bf850200d24c8ad5ac328f455ea5424b4aab297cbdf824ea4518f2b240d94a64?s=96&d=mm&r=g\",\"url\":\"https:\\\/\\\/secure.gravatar.com\\\/avatar\\\/bf850200d24c8ad5ac328f455ea5424b4aab297cbdf824ea4518f2b240d94a64?s=96&d=mm&r=g\",\"contentUrl\":\"https:\\\/\\\/secure.gravatar.com\\\/avatar\\\/bf850200d24c8ad5ac328f455ea5424b4aab297cbdf824ea4518f2b240d94a64?s=96&d=mm&r=g\",\"caption\":\"naturafrig\"},\"sameAs\":[\"https:\\\/\\\/www.naturafrig.com.br\"],\"url\":\"https:\\\/\\\/www.naturafrig.com.br\\\/es\\\/author\\\/naturafrig\\\/\"}]}<\/script>\n<!-- \/ Yoast SEO plugin. -->","yoast_head_json":{"title":"Decis\u00e3o de interromper atividade em frigor\u00edfico tem car\u00e1ter de responsabilidade social, diz diretor da Naturafrig - Naturafrig Alimentos","robots":{"index":"index","follow":"follow","max-snippet":"max-snippet:-1","max-image-preview":"max-image-preview:large","max-video-preview":"max-video-preview:-1"},"canonical":"https:\/\/www.naturafrig.com.br\/es\/nota-de-esclarecimento\/","og_locale":"es_ES","og_type":"article","og_title":"Decis\u00e3o de interromper atividade em frigor\u00edfico tem car\u00e1ter de responsabilidade social, diz diretor da Naturafrig - Naturafrig Alimentos","og_description":"A Naturafrig Alimentos desde de sexta-feira, dia 26\/06, no final do dia, suspendeu suas atividades. A decis\u00e3o foi comunicada durante o fim de semana e visa o bem estar dos colaboradores para evitar prolifera\u00e7\u00e3o do novo coronav\u00edrus na regi\u00e3o de Rochedo.\u00a0 Durante todo o dia de hoje a empresa est\u00e1 em processo de formaliza\u00e7\u00e3o com [&hellip;]","og_url":"https:\/\/www.naturafrig.com.br\/es\/nota-de-esclarecimento\/","og_site_name":"Naturafrig Alimentos","article_publisher":"https:\/\/www.facebook.com\/naturafrig\/","article_published_time":"2020-06-28T21:57:07+00:00","og_image":[{"width":770,"height":530,"url":"https:\/\/www.naturafrig.com.br\/wp-content\/uploads\/2020\/06\/decisao.jpeg","type":"image\/jpeg"}],"author":"naturafrig","twitter_card":"summary_large_image","twitter_misc":{"Escrito por":"naturafrig","Tiempo de lectura":"4 minutos"},"schema":{"@context":"https:\/\/schema.org","@graph":[{"@type":"Article","@id":"https:\/\/www.naturafrig.com.br\/nota-de-esclarecimento\/#article","isPartOf":{"@id":"https:\/\/www.naturafrig.com.br\/nota-de-esclarecimento\/"},"author":{"name":"naturafrig","@id":"https:\/\/www.naturafrig.com.br\/#\/schema\/person\/2236af56dd336b8153c73d7ce6952ffa"},"headline":"Decis\u00e3o de interromper atividade em frigor\u00edfico tem car\u00e1ter de responsabilidade social, diz diretor da Naturafrig","datePublished":"2020-06-28T21:57:07+00:00","mainEntityOfPage":{"@id":"https:\/\/www.naturafrig.com.br\/nota-de-esclarecimento\/"},"wordCount":750,"commentCount":0,"publisher":{"@id":"https:\/\/www.naturafrig.com.br\/#organization"},"image":{"@id":"https:\/\/www.naturafrig.com.br\/nota-de-esclarecimento\/#primaryimage"},"thumbnailUrl":"https:\/\/www.naturafrig.com.br\/wp-content\/uploads\/2020\/06\/decisao.jpeg","articleSection":["Not\u00edcias"],"inLanguage":"es"},{"@type":"WebPage","@id":"https:\/\/www.naturafrig.com.br\/nota-de-esclarecimento\/","url":"https:\/\/www.naturafrig.com.br\/nota-de-esclarecimento\/","name":"Decis\u00e3o de interromper atividade em frigor\u00edfico tem car\u00e1ter de responsabilidade social, diz diretor da Naturafrig - Naturafrig Alimentos","isPartOf":{"@id":"https:\/\/www.naturafrig.com.br\/#website"},"primaryImageOfPage":{"@id":"https:\/\/www.naturafrig.com.br\/nota-de-esclarecimento\/#primaryimage"},"image":{"@id":"https:\/\/www.naturafrig.com.br\/nota-de-esclarecimento\/#primaryimage"},"thumbnailUrl":"https:\/\/www.naturafrig.com.br\/wp-content\/uploads\/2020\/06\/decisao.jpeg","datePublished":"2020-06-28T21:57:07+00:00","breadcrumb":{"@id":"https:\/\/www.naturafrig.com.br\/nota-de-esclarecimento\/#breadcrumb"},"inLanguage":"es","potentialAction":[{"@type":"ReadAction","target":["https:\/\/www.naturafrig.com.br\/nota-de-esclarecimento\/"]}]},{"@type":"ImageObject","inLanguage":"es","@id":"https:\/\/www.naturafrig.com.br\/nota-de-esclarecimento\/#primaryimage","url":"https:\/\/www.naturafrig.com.br\/wp-content\/uploads\/2020\/06\/decisao.jpeg","contentUrl":"https:\/\/www.naturafrig.com.br\/wp-content\/uploads\/2020\/06\/decisao.jpeg","width":770,"height":530},{"@type":"BreadcrumbList","@id":"https:\/\/www.naturafrig.com.br\/nota-de-esclarecimento\/#breadcrumb","itemListElement":[{"@type":"ListItem","position":1,"name":"In\u00edcio","item":"https:\/\/www.naturafrig.com.br\/"},{"@type":"ListItem","position":2,"name":"Decis\u00e3o de interromper atividade em frigor\u00edfico tem car\u00e1ter de responsabilidade social, diz diretor da Naturafrig"}]},{"@type":"WebSite","@id":"https:\/\/www.naturafrig.com.br\/#website","url":"https:\/\/www.naturafrig.com.br\/","name":"Naturafrig Alimentos","description":"Qualidade em cada corte!","publisher":{"@id":"https:\/\/www.naturafrig.com.br\/#organization"},"potentialAction":[{"@type":"SearchAction","target":{"@type":"EntryPoint","urlTemplate":"https:\/\/www.naturafrig.com.br\/?s={search_term_string}"},"query-input":{"@type":"PropertyValueSpecification","valueRequired":true,"valueName":"search_term_string"}}],"inLanguage":"es"},{"@type":"Organization","@id":"https:\/\/www.naturafrig.com.br\/#organization","name":"Naturafrig Alimentos","url":"https:\/\/www.naturafrig.com.br\/","logo":{"@type":"ImageObject","inLanguage":"es","@id":"https:\/\/www.naturafrig.com.br\/#\/schema\/logo\/image\/","url":"https:\/\/www.naturafrig.com.br\/wp-content\/uploads\/2025\/11\/logo_naturafrig.png","contentUrl":"https:\/\/www.naturafrig.com.br\/wp-content\/uploads\/2025\/11\/logo_naturafrig.png","width":450,"height":220,"caption":"Naturafrig Alimentos"},"image":{"@id":"https:\/\/www.naturafrig.com.br\/#\/schema\/logo\/image\/"},"sameAs":["https:\/\/www.facebook.com\/naturafrig\/"]},{"@type":"Person","@id":"https:\/\/www.naturafrig.com.br\/#\/schema\/person\/2236af56dd336b8153c73d7ce6952ffa","name":"naturafrig","image":{"@type":"ImageObject","inLanguage":"es","@id":"https:\/\/secure.gravatar.com\/avatar\/bf850200d24c8ad5ac328f455ea5424b4aab297cbdf824ea4518f2b240d94a64?s=96&d=mm&r=g","url":"https:\/\/secure.gravatar.com\/avatar\/bf850200d24c8ad5ac328f455ea5424b4aab297cbdf824ea4518f2b240d94a64?s=96&d=mm&r=g","contentUrl":"https:\/\/secure.gravatar.com\/avatar\/bf850200d24c8ad5ac328f455ea5424b4aab297cbdf824ea4518f2b240d94a64?s=96&d=mm&r=g","caption":"naturafrig"},"sameAs":["https:\/\/www.naturafrig.com.br"],"url":"https:\/\/www.naturafrig.com.br\/es\/author\/naturafrig\/"}]}},"_links":{"self":[{"href":"https:\/\/www.naturafrig.com.br\/es\/wp-json\/wp\/v2\/posts\/1865","targetHints":{"allow":["GET"]}}],"collection":[{"href":"https:\/\/www.naturafrig.com.br\/es\/wp-json\/wp\/v2\/posts"}],"about":[{"href":"https:\/\/www.naturafrig.com.br\/es\/wp-json\/wp\/v2\/types\/post"}],"author":[{"embeddable":true,"href":"https:\/\/www.naturafrig.com.br\/es\/wp-json\/wp\/v2\/users\/1"}],"replies":[{"embeddable":true,"href":"https:\/\/www.naturafrig.com.br\/es\/wp-json\/wp\/v2\/comments?post=1865"}],"version-history":[{"count":0,"href":"https:\/\/www.naturafrig.com.br\/es\/wp-json\/wp\/v2\/posts\/1865\/revisions"}],"wp:featuredmedia":[{"embeddable":true,"href":"https:\/\/www.naturafrig.com.br\/es\/wp-json\/wp\/v2\/media\/6158"}],"wp:attachment":[{"href":"https:\/\/www.naturafrig.com.br\/es\/wp-json\/wp\/v2\/media?parent=1865"}],"wp:term":[{"taxonomy":"category","embeddable":true,"href":"https:\/\/www.naturafrig.com.br\/es\/wp-json\/wp\/v2\/categories?post=1865"},{"taxonomy":"post_tag","embeddable":true,"href":"https:\/\/www.naturafrig.com.br\/es\/wp-json\/wp\/v2\/tags?post=1865"}],"curies":[{"name":"wp","href":"https:\/\/api.w.org\/{rel}","templated":true}]}}