{"id":2942,"date":"2020-08-26T13:01:52","date_gmt":"2020-08-26T16:01:52","guid":{"rendered":"https:\/\/www.naturafrig.com.br\/?p=2942"},"modified":"2020-08-26T13:01:52","modified_gmt":"2020-08-26T16:01:52","slug":"plano-de-contingencia-para-prevencao-de-contagio-pelo-coronavirus","status":"publish","type":"post","link":"https:\/\/www.naturafrig.com.br\/es\/plano-de-contingencia-para-prevencao-de-contagio-pelo-coronavirus\/","title":{"rendered":"Plano de Conting\u00eancia para Preven\u00e7\u00e3o de Cont\u00e1gio pelo Coronav\u00edrus"},"content":{"rendered":"<div class=\"gmail_attr\">\n<p>De acordo com o seu \u201cPlano de Conting\u00eancia para Preven\u00e7\u00e3o de Cont\u00e1gio pelo Coronav\u00edrus\u201d, que atende rigidamente \u00e0s orienta\u00e7\u00f5es e exig\u00eancias das autoridades competentes, a Naturafrig colocou em f\u00e9rias coletivas, preventivamente, todos os 900 colaboradores da Unidade Pirapozinho, do dia 16 ao dia 31 de agosto.<\/p>\n<p>A empresa tamb\u00e9m programou a testagem em massa desses funcion\u00e1rios para os dias 26 e 27 de agosto, a fim de afastar eventuais casos positivos pelo per\u00edodo de 14 dias ou at\u00e9 a devida libera\u00e7\u00e3o m\u00e9dica, e assim promover o retorno das f\u00e9rias coletivas de maneira mais segura. A testagem foi iniciada hoje, conforme o previsto, nesta Unidade.<\/p>\n<p>Tais medidas s\u00e3o convergentes ao Termo de Ajuste de Conduta (TAC) firmado com o Minist\u00e9rio P\u00fablico de Presidente Prudente no dia 24, o que veio confirmar a assertividade do \u201cPlano de Conting\u00eancia\u201d da Naturafrig.<\/p>\n<p>A empresa reafirma sua preocupa\u00e7\u00e3o e cuidados com a sa\u00fade dos colaboradores e das comunidades onde atua.<span style=\"color: #888888;\"><br \/>\n<\/span><\/p>\n<\/div>\n<div class=\"gmail_attr\">\u00a0<\/div>","protected":false},"excerpt":{"rendered":"<p>De acordo com o seu \u201cPlano de Conting\u00eancia para Preven\u00e7\u00e3o de Cont\u00e1gio pelo Coronav\u00edrus\u201d, que atende rigidamente \u00e0s orienta\u00e7\u00f5es e exig\u00eancias das autoridades competentes, a Naturafrig colocou em f\u00e9rias coletivas, preventivamente, todos os 900 colaboradores da Unidade Pirapozinho, do dia 16 ao dia 31 de agosto. A empresa tamb\u00e9m programou a testagem em massa desses [&hellip;]<\/p>\n","protected":false},"author":1,"featured_media":2945,"comment_status":"open","ping_status":"open","sticky":false,"template":"","format":"standard","meta":{"_acf_changed":false,"inline_featured_image":false,"footnotes":""},"categories":[1],"tags":[33,37,39,40],"class_list":["post-2942","post","type-post","status-publish","format-standard","has-post-thumbnail","hentry","category-noticias","tag-naturafrig","tag-covid","tag-ferias-coletivas","tag-testagem"],"acf":[],"yoast_head":"<!-- This site is optimized with the Yoast SEO plugin v27.5 - https:\/\/yoast.com\/product\/yoast-seo-wordpress\/ -->\n<title>Plano de Conting\u00eancia para Preven\u00e7\u00e3o de Cont\u00e1gio pelo Coronav\u00edrus - Naturafrig Alimentos<\/title>\n<meta name=\"robots\" content=\"index, follow, max-snippet:-1, max-image-preview:large, max-video-preview:-1\" \/>\n<link rel=\"canonical\" href=\"https:\/\/www.naturafrig.com.br\/es\/plano-de-contingencia-para-prevencao-de-contagio-pelo-coronavirus\/\" \/>\n<meta property=\"og:locale\" content=\"es_ES\" \/>\n<meta property=\"og:type\" content=\"article\" \/>\n<meta property=\"og:title\" content=\"Plano de Conting\u00eancia para Preven\u00e7\u00e3o de Cont\u00e1gio pelo Coronav\u00edrus - Naturafrig Alimentos\" \/>\n<meta property=\"og:description\" content=\"De acordo com o seu \u201cPlano de Conting\u00eancia para Preven\u00e7\u00e3o de Cont\u00e1gio pelo Coronav\u00edrus\u201d, que atende rigidamente \u00e0s orienta\u00e7\u00f5es e exig\u00eancias das autoridades competentes, a Naturafrig colocou em f\u00e9rias coletivas, preventivamente, todos os 900 colaboradores da Unidade Pirapozinho, do dia 16 ao dia 31 de agosto. A empresa tamb\u00e9m programou a testagem em massa desses [&hellip;]\" \/>\n<meta property=\"og:url\" content=\"https:\/\/www.naturafrig.com.br\/es\/plano-de-contingencia-para-prevencao-de-contagio-pelo-coronavirus\/\" \/>\n<meta property=\"og:site_name\" content=\"Naturafrig Alimentos\" \/>\n<meta property=\"article:publisher\" content=\"https:\/\/www.facebook.com\/naturafrig\/\" \/>\n<meta property=\"article:published_time\" content=\"2020-08-26T16:01:52+00:00\" \/>\n<meta property=\"og:image\" content=\"https:\/\/www.naturafrig.com.br\/wp-content\/uploads\/2020\/08\/THUMB.jpg\" \/>\n\t<meta property=\"og:image:width\" content=\"293\" \/>\n\t<meta property=\"og:image:height\" content=\"202\" \/>\n\t<meta property=\"og:image:type\" content=\"image\/jpeg\" \/>\n<meta name=\"author\" content=\"naturafrig\" \/>\n<meta name=\"twitter:card\" content=\"summary_large_image\" \/>\n<meta name=\"twitter:label1\" content=\"Escrito por\" \/>\n\t<meta name=\"twitter:data1\" content=\"naturafrig\" \/>\n\t<meta name=\"twitter:label2\" content=\"Tiempo de lectura\" \/>\n\t<meta name=\"twitter:data2\" content=\"1 minuto\" \/>\n<script type=\"application\/ld+json\" class=\"yoast-schema-graph\">{\"@context\":\"https:\\\/\\\/schema.org\",\"@graph\":[{\"@type\":\"Article\",\"@id\":\"https:\\\/\\\/www.naturafrig.com.br\\\/plano-de-contingencia-para-prevencao-de-contagio-pelo-coronavirus\\\/#article\",\"isPartOf\":{\"@id\":\"https:\\\/\\\/www.naturafrig.com.br\\\/plano-de-contingencia-para-prevencao-de-contagio-pelo-coronavirus\\\/\"},\"author\":{\"name\":\"naturafrig\",\"@id\":\"https:\\\/\\\/www.naturafrig.com.br\\\/#\\\/schema\\\/person\\\/2236af56dd336b8153c73d7ce6952ffa\"},\"headline\":\"Plano de Conting\u00eancia para Preven\u00e7\u00e3o de Cont\u00e1gio pelo Coronav\u00edrus\",\"datePublished\":\"2020-08-26T16:01:52+00:00\",\"mainEntityOfPage\":{\"@id\":\"https:\\\/\\\/www.naturafrig.com.br\\\/plano-de-contingencia-para-prevencao-de-contagio-pelo-coronavirus\\\/\"},\"wordCount\":180,\"commentCount\":0,\"publisher\":{\"@id\":\"https:\\\/\\\/www.naturafrig.com.br\\\/#organization\"},\"image\":{\"@id\":\"https:\\\/\\\/www.naturafrig.com.br\\\/plano-de-contingencia-para-prevencao-de-contagio-pelo-coronavirus\\\/#primaryimage\"},\"thumbnailUrl\":\"https:\\\/\\\/www.naturafrig.com.br\\\/wp-content\\\/uploads\\\/2020\\\/08\\\/THUMB.jpg\",\"keywords\":[\"Naturafrig\",\"covid\",\"f\u00e9rias coletivas\",\"testagem\"],\"articleSection\":[\"Not\u00edcias\"],\"inLanguage\":\"es\"},{\"@type\":\"WebPage\",\"@id\":\"https:\\\/\\\/www.naturafrig.com.br\\\/plano-de-contingencia-para-prevencao-de-contagio-pelo-coronavirus\\\/\",\"url\":\"https:\\\/\\\/www.naturafrig.com.br\\\/plano-de-contingencia-para-prevencao-de-contagio-pelo-coronavirus\\\/\",\"name\":\"Plano de Conting\u00eancia para Preven\u00e7\u00e3o de Cont\u00e1gio pelo Coronav\u00edrus - Naturafrig Alimentos\",\"isPartOf\":{\"@id\":\"https:\\\/\\\/www.naturafrig.com.br\\\/#website\"},\"primaryImageOfPage\":{\"@id\":\"https:\\\/\\\/www.naturafrig.com.br\\\/plano-de-contingencia-para-prevencao-de-contagio-pelo-coronavirus\\\/#primaryimage\"},\"image\":{\"@id\":\"https:\\\/\\\/www.naturafrig.com.br\\\/plano-de-contingencia-para-prevencao-de-contagio-pelo-coronavirus\\\/#primaryimage\"},\"thumbnailUrl\":\"https:\\\/\\\/www.naturafrig.com.br\\\/wp-content\\\/uploads\\\/2020\\\/08\\\/THUMB.jpg\",\"datePublished\":\"2020-08-26T16:01:52+00:00\",\"breadcrumb\":{\"@id\":\"https:\\\/\\\/www.naturafrig.com.br\\\/plano-de-contingencia-para-prevencao-de-contagio-pelo-coronavirus\\\/#breadcrumb\"},\"inLanguage\":\"es\",\"potentialAction\":[{\"@type\":\"ReadAction\",\"target\":[\"https:\\\/\\\/www.naturafrig.com.br\\\/plano-de-contingencia-para-prevencao-de-contagio-pelo-coronavirus\\\/\"]}]},{\"@type\":\"ImageObject\",\"inLanguage\":\"es\",\"@id\":\"https:\\\/\\\/www.naturafrig.com.br\\\/plano-de-contingencia-para-prevencao-de-contagio-pelo-coronavirus\\\/#primaryimage\",\"url\":\"https:\\\/\\\/www.naturafrig.com.br\\\/wp-content\\\/uploads\\\/2020\\\/08\\\/THUMB.jpg\",\"contentUrl\":\"https:\\\/\\\/www.naturafrig.com.br\\\/wp-content\\\/uploads\\\/2020\\\/08\\\/THUMB.jpg\",\"width\":293,\"height\":202},{\"@type\":\"BreadcrumbList\",\"@id\":\"https:\\\/\\\/www.naturafrig.com.br\\\/plano-de-contingencia-para-prevencao-de-contagio-pelo-coronavirus\\\/#breadcrumb\",\"itemListElement\":[{\"@type\":\"ListItem\",\"position\":1,\"name\":\"In\u00edcio\",\"item\":\"https:\\\/\\\/www.naturafrig.com.br\\\/\"},{\"@type\":\"ListItem\",\"position\":2,\"name\":\"Plano de Conting\u00eancia para Preven\u00e7\u00e3o de Cont\u00e1gio pelo Coronav\u00edrus\"}]},{\"@type\":\"WebSite\",\"@id\":\"https:\\\/\\\/www.naturafrig.com.br\\\/#website\",\"url\":\"https:\\\/\\\/www.naturafrig.com.br\\\/\",\"name\":\"Naturafrig Alimentos\",\"description\":\"Qualidade em cada corte!\",\"publisher\":{\"@id\":\"https:\\\/\\\/www.naturafrig.com.br\\\/#organization\"},\"potentialAction\":[{\"@type\":\"SearchAction\",\"target\":{\"@type\":\"EntryPoint\",\"urlTemplate\":\"https:\\\/\\\/www.naturafrig.com.br\\\/?s={search_term_string}\"},\"query-input\":{\"@type\":\"PropertyValueSpecification\",\"valueRequired\":true,\"valueName\":\"search_term_string\"}}],\"inLanguage\":\"es\"},{\"@type\":\"Organization\",\"@id\":\"https:\\\/\\\/www.naturafrig.com.br\\\/#organization\",\"name\":\"Naturafrig Alimentos\",\"url\":\"https:\\\/\\\/www.naturafrig.com.br\\\/\",\"logo\":{\"@type\":\"ImageObject\",\"inLanguage\":\"es\",\"@id\":\"https:\\\/\\\/www.naturafrig.com.br\\\/#\\\/schema\\\/logo\\\/image\\\/\",\"url\":\"https:\\\/\\\/www.naturafrig.com.br\\\/wp-content\\\/uploads\\\/2025\\\/11\\\/logo_naturafrig.png\",\"contentUrl\":\"https:\\\/\\\/www.naturafrig.com.br\\\/wp-content\\\/uploads\\\/2025\\\/11\\\/logo_naturafrig.png\",\"width\":450,\"height\":220,\"caption\":\"Naturafrig Alimentos\"},\"image\":{\"@id\":\"https:\\\/\\\/www.naturafrig.com.br\\\/#\\\/schema\\\/logo\\\/image\\\/\"},\"sameAs\":[\"https:\\\/\\\/www.facebook.com\\\/naturafrig\\\/\"]},{\"@type\":\"Person\",\"@id\":\"https:\\\/\\\/www.naturafrig.com.br\\\/#\\\/schema\\\/person\\\/2236af56dd336b8153c73d7ce6952ffa\",\"name\":\"naturafrig\",\"image\":{\"@type\":\"ImageObject\",\"inLanguage\":\"es\",\"@id\":\"https:\\\/\\\/secure.gravatar.com\\\/avatar\\\/bf850200d24c8ad5ac328f455ea5424b4aab297cbdf824ea4518f2b240d94a64?s=96&d=mm&r=g\",\"url\":\"https:\\\/\\\/secure.gravatar.com\\\/avatar\\\/bf850200d24c8ad5ac328f455ea5424b4aab297cbdf824ea4518f2b240d94a64?s=96&d=mm&r=g\",\"contentUrl\":\"https:\\\/\\\/secure.gravatar.com\\\/avatar\\\/bf850200d24c8ad5ac328f455ea5424b4aab297cbdf824ea4518f2b240d94a64?s=96&d=mm&r=g\",\"caption\":\"naturafrig\"},\"sameAs\":[\"https:\\\/\\\/www.naturafrig.com.br\"],\"url\":\"https:\\\/\\\/www.naturafrig.com.br\\\/es\\\/author\\\/naturafrig\\\/\"}]}<\/script>\n<!-- \/ Yoast SEO plugin. -->","yoast_head_json":{"title":"Plano de Conting\u00eancia para Preven\u00e7\u00e3o de Cont\u00e1gio pelo Coronav\u00edrus - Naturafrig Alimentos","robots":{"index":"index","follow":"follow","max-snippet":"max-snippet:-1","max-image-preview":"max-image-preview:large","max-video-preview":"max-video-preview:-1"},"canonical":"https:\/\/www.naturafrig.com.br\/es\/plano-de-contingencia-para-prevencao-de-contagio-pelo-coronavirus\/","og_locale":"es_ES","og_type":"article","og_title":"Plano de Conting\u00eancia para Preven\u00e7\u00e3o de Cont\u00e1gio pelo Coronav\u00edrus - Naturafrig Alimentos","og_description":"De acordo com o seu \u201cPlano de Conting\u00eancia para Preven\u00e7\u00e3o de Cont\u00e1gio pelo Coronav\u00edrus\u201d, que atende rigidamente \u00e0s orienta\u00e7\u00f5es e exig\u00eancias das autoridades competentes, a Naturafrig colocou em f\u00e9rias coletivas, preventivamente, todos os 900 colaboradores da Unidade Pirapozinho, do dia 16 ao dia 31 de agosto. A empresa tamb\u00e9m programou a testagem em massa desses [&hellip;]","og_url":"https:\/\/www.naturafrig.com.br\/es\/plano-de-contingencia-para-prevencao-de-contagio-pelo-coronavirus\/","og_site_name":"Naturafrig Alimentos","article_publisher":"https:\/\/www.facebook.com\/naturafrig\/","article_published_time":"2020-08-26T16:01:52+00:00","og_image":[{"width":293,"height":202,"url":"https:\/\/www.naturafrig.com.br\/wp-content\/uploads\/2020\/08\/THUMB.jpg","type":"image\/jpeg"}],"author":"naturafrig","twitter_card":"summary_large_image","twitter_misc":{"Escrito por":"naturafrig","Tiempo de lectura":"1 minuto"},"schema":{"@context":"https:\/\/schema.org","@graph":[{"@type":"Article","@id":"https:\/\/www.naturafrig.com.br\/plano-de-contingencia-para-prevencao-de-contagio-pelo-coronavirus\/#article","isPartOf":{"@id":"https:\/\/www.naturafrig.com.br\/plano-de-contingencia-para-prevencao-de-contagio-pelo-coronavirus\/"},"author":{"name":"naturafrig","@id":"https:\/\/www.naturafrig.com.br\/#\/schema\/person\/2236af56dd336b8153c73d7ce6952ffa"},"headline":"Plano de Conting\u00eancia para Preven\u00e7\u00e3o de Cont\u00e1gio pelo Coronav\u00edrus","datePublished":"2020-08-26T16:01:52+00:00","mainEntityOfPage":{"@id":"https:\/\/www.naturafrig.com.br\/plano-de-contingencia-para-prevencao-de-contagio-pelo-coronavirus\/"},"wordCount":180,"commentCount":0,"publisher":{"@id":"https:\/\/www.naturafrig.com.br\/#organization"},"image":{"@id":"https:\/\/www.naturafrig.com.br\/plano-de-contingencia-para-prevencao-de-contagio-pelo-coronavirus\/#primaryimage"},"thumbnailUrl":"https:\/\/www.naturafrig.com.br\/wp-content\/uploads\/2020\/08\/THUMB.jpg","keywords":["Naturafrig","covid","f\u00e9rias coletivas","testagem"],"articleSection":["Not\u00edcias"],"inLanguage":"es"},{"@type":"WebPage","@id":"https:\/\/www.naturafrig.com.br\/plano-de-contingencia-para-prevencao-de-contagio-pelo-coronavirus\/","url":"https:\/\/www.naturafrig.com.br\/plano-de-contingencia-para-prevencao-de-contagio-pelo-coronavirus\/","name":"Plano de Conting\u00eancia para Preven\u00e7\u00e3o de Cont\u00e1gio pelo Coronav\u00edrus - Naturafrig Alimentos","isPartOf":{"@id":"https:\/\/www.naturafrig.com.br\/#website"},"primaryImageOfPage":{"@id":"https:\/\/www.naturafrig.com.br\/plano-de-contingencia-para-prevencao-de-contagio-pelo-coronavirus\/#primaryimage"},"image":{"@id":"https:\/\/www.naturafrig.com.br\/plano-de-contingencia-para-prevencao-de-contagio-pelo-coronavirus\/#primaryimage"},"thumbnailUrl":"https:\/\/www.naturafrig.com.br\/wp-content\/uploads\/2020\/08\/THUMB.jpg","datePublished":"2020-08-26T16:01:52+00:00","breadcrumb":{"@id":"https:\/\/www.naturafrig.com.br\/plano-de-contingencia-para-prevencao-de-contagio-pelo-coronavirus\/#breadcrumb"},"inLanguage":"es","potentialAction":[{"@type":"ReadAction","target":["https:\/\/www.naturafrig.com.br\/plano-de-contingencia-para-prevencao-de-contagio-pelo-coronavirus\/"]}]},{"@type":"ImageObject","inLanguage":"es","@id":"https:\/\/www.naturafrig.com.br\/plano-de-contingencia-para-prevencao-de-contagio-pelo-coronavirus\/#primaryimage","url":"https:\/\/www.naturafrig.com.br\/wp-content\/uploads\/2020\/08\/THUMB.jpg","contentUrl":"https:\/\/www.naturafrig.com.br\/wp-content\/uploads\/2020\/08\/THUMB.jpg","width":293,"height":202},{"@type":"BreadcrumbList","@id":"https:\/\/www.naturafrig.com.br\/plano-de-contingencia-para-prevencao-de-contagio-pelo-coronavirus\/#breadcrumb","itemListElement":[{"@type":"ListItem","position":1,"name":"In\u00edcio","item":"https:\/\/www.naturafrig.com.br\/"},{"@type":"ListItem","position":2,"name":"Plano de Conting\u00eancia para Preven\u00e7\u00e3o de Cont\u00e1gio pelo Coronav\u00edrus"}]},{"@type":"WebSite","@id":"https:\/\/www.naturafrig.com.br\/#website","url":"https:\/\/www.naturafrig.com.br\/","name":"Naturafrig Alimentos","description":"Qualidade em cada corte!","publisher":{"@id":"https:\/\/www.naturafrig.com.br\/#organization"},"potentialAction":[{"@type":"SearchAction","target":{"@type":"EntryPoint","urlTemplate":"https:\/\/www.naturafrig.com.br\/?s={search_term_string}"},"query-input":{"@type":"PropertyValueSpecification","valueRequired":true,"valueName":"search_term_string"}}],"inLanguage":"es"},{"@type":"Organization","@id":"https:\/\/www.naturafrig.com.br\/#organization","name":"Naturafrig Alimentos","url":"https:\/\/www.naturafrig.com.br\/","logo":{"@type":"ImageObject","inLanguage":"es","@id":"https:\/\/www.naturafrig.com.br\/#\/schema\/logo\/image\/","url":"https:\/\/www.naturafrig.com.br\/wp-content\/uploads\/2025\/11\/logo_naturafrig.png","contentUrl":"https:\/\/www.naturafrig.com.br\/wp-content\/uploads\/2025\/11\/logo_naturafrig.png","width":450,"height":220,"caption":"Naturafrig Alimentos"},"image":{"@id":"https:\/\/www.naturafrig.com.br\/#\/schema\/logo\/image\/"},"sameAs":["https:\/\/www.facebook.com\/naturafrig\/"]},{"@type":"Person","@id":"https:\/\/www.naturafrig.com.br\/#\/schema\/person\/2236af56dd336b8153c73d7ce6952ffa","name":"naturafrig","image":{"@type":"ImageObject","inLanguage":"es","@id":"https:\/\/secure.gravatar.com\/avatar\/bf850200d24c8ad5ac328f455ea5424b4aab297cbdf824ea4518f2b240d94a64?s=96&d=mm&r=g","url":"https:\/\/secure.gravatar.com\/avatar\/bf850200d24c8ad5ac328f455ea5424b4aab297cbdf824ea4518f2b240d94a64?s=96&d=mm&r=g","contentUrl":"https:\/\/secure.gravatar.com\/avatar\/bf850200d24c8ad5ac328f455ea5424b4aab297cbdf824ea4518f2b240d94a64?s=96&d=mm&r=g","caption":"naturafrig"},"sameAs":["https:\/\/www.naturafrig.com.br"],"url":"https:\/\/www.naturafrig.com.br\/es\/author\/naturafrig\/"}]}},"_links":{"self":[{"href":"https:\/\/www.naturafrig.com.br\/es\/wp-json\/wp\/v2\/posts\/2942","targetHints":{"allow":["GET"]}}],"collection":[{"href":"https:\/\/www.naturafrig.com.br\/es\/wp-json\/wp\/v2\/posts"}],"about":[{"href":"https:\/\/www.naturafrig.com.br\/es\/wp-json\/wp\/v2\/types\/post"}],"author":[{"embeddable":true,"href":"https:\/\/www.naturafrig.com.br\/es\/wp-json\/wp\/v2\/users\/1"}],"replies":[{"embeddable":true,"href":"https:\/\/www.naturafrig.com.br\/es\/wp-json\/wp\/v2\/comments?post=2942"}],"version-history":[{"count":0,"href":"https:\/\/www.naturafrig.com.br\/es\/wp-json\/wp\/v2\/posts\/2942\/revisions"}],"wp:featuredmedia":[{"embeddable":true,"href":"https:\/\/www.naturafrig.com.br\/es\/wp-json\/wp\/v2\/media\/2945"}],"wp:attachment":[{"href":"https:\/\/www.naturafrig.com.br\/es\/wp-json\/wp\/v2\/media?parent=2942"}],"wp:term":[{"taxonomy":"category","embeddable":true,"href":"https:\/\/www.naturafrig.com.br\/es\/wp-json\/wp\/v2\/categories?post=2942"},{"taxonomy":"post_tag","embeddable":true,"href":"https:\/\/www.naturafrig.com.br\/es\/wp-json\/wp\/v2\/tags?post=2942"}],"curies":[{"name":"wp","href":"https:\/\/api.w.org\/{rel}","templated":true}]}}