{"id":712,"date":"2017-08-17T11:07:29","date_gmt":"2017-08-17T14:07:29","guid":{"rendered":"http:\/\/www.naturafrig.com.br\/site\/?p=712"},"modified":"2017-08-17T11:07:29","modified_gmt":"2017-08-17T14:07:29","slug":"carne-fica-610-mais-barata-e-volta-a-ser-protagonista-na-mesa-das-familias","status":"publish","type":"post","link":"https:\/\/www.naturafrig.com.br\/es\/carne-fica-610-mais-barata-e-volta-a-ser-protagonista-na-mesa-das-familias\/","title":{"rendered":"Carne fica 6,10% mais barata e volta a ser protagonista na mesa das fam\u00edlias"},"content":{"rendered":"<p>O pre\u00e7o da carne em Mato Grosso do Sul caiu 6,10% entre os meses de junho e julho de 2017 gra\u00e7as ao aumento nos estoques provocado pelo embargo norte-americano. Por estar mais em conta, o produto reassumiu o protagonismo na mesa dos consumidores, j\u00e1 que ele estava sendo substitu\u00eddo por cortes de frango e porco para n\u00e3o pesar no bolso das fam\u00edlias.<\/p>\n<p>Conforme o Nepes (N\u00facleo de Estudos e Pesquisas Econ\u00f4micas da Uniderp), a crise tamb\u00e9m favoreceu o excesso de carne no varejo em raz\u00e3o dos \u00edndices de desemprego, que por sua vez afetaram o poder de consumo.<\/p>\n<p>Dados divulgados pela institui\u00e7\u00e3o mostram que se comparados os pre\u00e7os do m\u00eas de julho deste ano com o mesmo per\u00edodo em 2016, a redu\u00e7\u00e3o \u00e9 ainda maior: 8,68%.<\/p>\n<p>Por\u00e9m, a alegria dos consumidores deve durar pouco diante da expectativa da retomada das importa\u00e7\u00f5es pelos Estados Unidos e outros pa\u00edses. Al\u00e9m disso, a entressafra este ano deve ser rigorosa. Com pouco pasto, os produtores dever\u00e3o investir em insumos para complementar a alimenta\u00e7\u00e3o dos animais, encarecendo o custo de produ\u00e7\u00e3o que deve ser repassado ao consumidor.<\/p>\n<p>O frango, importante substituto da carne bovina em per\u00edodos de pre\u00e7os altos, ficou 5,45% mais barato em julho de 2017 em compara\u00e7\u00e3o com o mesmo per\u00edodo do ano passado. Neste ano, entre junho e julho houve redu\u00e7\u00e3o de 1,19%.<\/p>\n<p><strong>Criatividade \u2013<\/strong>\u00a0Mesmo com pre\u00e7os mais caros, os sul-mato-grossenses n\u00e3o tiram completamente a carne do card\u00e1pio, mas fazem redu\u00e7\u00f5es significativas nas quantidades do produto que levam para casa e se adaptam \u00e0s condi\u00e7\u00f5es do mercado para n\u00e3o prejudicarem o or\u00e7amento dom\u00e9stico.<\/p>\n<p>A funcion\u00e1ria p\u00fablica Darlene Pereira Mendes, 57 anos, aproveitou o per\u00edodo em que a carne estava mais cara para deixar a alimenta\u00e7\u00e3o mais saud\u00e1vel inserindo frango, verduras e legumes nas refei\u00e7\u00f5es.<\/p>\n<p>\u201cO brasileiro tem essa habilidade de conseguir driblar a crise financeira, mas n\u00e3o deixa de consumir\u201d, pontua.<\/p>\n<p>Contudo, a fam\u00edlia n\u00e3o abriu m\u00e3o dos churrascos no fim de semana e a economia semanal ajudou a garanti-los. \u201cEu tenho um genro ga\u00facho e o Dia dos Pais vai ser comemorado na casa dele. Com certeza o churrasco vai estar presente\u201d, completa.<\/p>\n<p>O pedreiro Roberto Carlos Rodrigues Moura, 46 anos, adotou uma estrat\u00e9gia diferente. Nos per\u00edodos em que o pre\u00e7o da carne atingiu os valores mais elevados, ele tinha estoque do produto em casa. Contudo, para n\u00e3o esgotar tudo de uma vez, ele comprou mais frangos e carne de porco para complementar o card\u00e1pio.<\/p>\n<p>\u201cO churrasco a gente manteve. Normalmente re\u00fano os amigos em casa e a gente faz uma vaquinha e divide o pre\u00e7o da carne ou cada um traz um pouco. Agora com o pre\u00e7o mais baixo o Dia dos Pais vai ficar ainda melhor\u201d, pontua.<\/p>\n<p>Luiz Carlos Victor da Silva, 49 anos, \u00e9 dono de um a\u00e7ougue na Avenida das Bandeiras. Ele comenta que o movimento no estabelecimento caiu nos \u00faltimos meses e os clientes fi\u00e9is reduziram a quantidade de carne e passaram a comprar mais frango para driblar a crise. \u201cAs pessoas j\u00e1 voltaram a comprar carne normalmente\u201d, completa.<\/p>\n<p>Fonte:\u00a0www.campograndenews.com.br<\/p>","protected":false},"excerpt":{"rendered":"<p>O pre\u00e7o da carne em Mato Grosso do Sul caiu 6,10% entre os meses de junho e julho de 2017 gra\u00e7as ao aumento nos estoques provocado pelo embargo norte-americano. Por estar mais em conta, o produto reassumiu o protagonismo na mesa dos consumidores, j\u00e1 que ele estava sendo substitu\u00eddo por cortes de frango e porco [&hellip;]<\/p>\n","protected":false},"author":1,"featured_media":6354,"comment_status":"open","ping_status":"open","sticky":false,"template":"","format":"standard","meta":{"_acf_changed":false,"inline_featured_image":false,"footnotes":""},"categories":[1],"tags":[],"class_list":["post-712","post","type-post","status-publish","format-standard","has-post-thumbnail","hentry","category-noticias"],"acf":[],"yoast_head":"<!-- This site is optimized with the Yoast SEO plugin v27.5 - https:\/\/yoast.com\/product\/yoast-seo-wordpress\/ -->\n<title>Carne fica 6,10% mais barata e volta a ser protagonista na mesa das fam\u00edlias - Naturafrig Alimentos<\/title>\n<meta name=\"robots\" content=\"index, follow, max-snippet:-1, max-image-preview:large, max-video-preview:-1\" \/>\n<link rel=\"canonical\" href=\"https:\/\/www.naturafrig.com.br\/es\/carne-fica-610-mais-barata-e-volta-a-ser-protagonista-na-mesa-das-familias\/\" \/>\n<meta property=\"og:locale\" content=\"es_ES\" \/>\n<meta property=\"og:type\" content=\"article\" \/>\n<meta property=\"og:title\" content=\"Carne fica 6,10% mais barata e volta a ser protagonista na mesa das fam\u00edlias - Naturafrig Alimentos\" \/>\n<meta property=\"og:description\" content=\"O pre\u00e7o da carne em Mato Grosso do Sul caiu 6,10% entre os meses de junho e julho de 2017 gra\u00e7as ao aumento nos estoques provocado pelo embargo norte-americano. Por estar mais em conta, o produto reassumiu o protagonismo na mesa dos consumidores, j\u00e1 que ele estava sendo substitu\u00eddo por cortes de frango e porco [&hellip;]\" \/>\n<meta property=\"og:url\" content=\"https:\/\/www.naturafrig.com.br\/es\/carne-fica-610-mais-barata-e-volta-a-ser-protagonista-na-mesa-das-familias\/\" \/>\n<meta property=\"og:site_name\" content=\"Naturafrig Alimentos\" \/>\n<meta property=\"article:publisher\" content=\"https:\/\/www.facebook.com\/naturafrig\/\" \/>\n<meta property=\"article:published_time\" content=\"2017-08-17T14:07:29+00:00\" \/>\n<meta property=\"og:image\" content=\"https:\/\/www.naturafrig.com.br\/wp-content\/uploads\/2017\/08\/05_CARNE-FICA-610_-MAIS-BARATA-E-VOLTA-A-SER-PROTAGONISTA-NA-MESA-DAS-FAMiLIAS.jpg\" \/>\n\t<meta property=\"og:image:width\" content=\"770\" \/>\n\t<meta property=\"og:image:height\" content=\"530\" \/>\n\t<meta property=\"og:image:type\" content=\"image\/jpeg\" \/>\n<meta name=\"author\" content=\"naturafrig\" \/>\n<meta name=\"twitter:card\" content=\"summary_large_image\" \/>\n<meta name=\"twitter:label1\" content=\"Escrito por\" \/>\n\t<meta name=\"twitter:data1\" content=\"naturafrig\" \/>\n\t<meta name=\"twitter:label2\" content=\"Tiempo de lectura\" \/>\n\t<meta name=\"twitter:data2\" content=\"3 minutos\" \/>\n<script type=\"application\/ld+json\" class=\"yoast-schema-graph\">{\"@context\":\"https:\\\/\\\/schema.org\",\"@graph\":[{\"@type\":\"Article\",\"@id\":\"https:\\\/\\\/www.naturafrig.com.br\\\/carne-fica-610-mais-barata-e-volta-a-ser-protagonista-na-mesa-das-familias\\\/#article\",\"isPartOf\":{\"@id\":\"https:\\\/\\\/www.naturafrig.com.br\\\/carne-fica-610-mais-barata-e-volta-a-ser-protagonista-na-mesa-das-familias\\\/\"},\"author\":{\"name\":\"naturafrig\",\"@id\":\"https:\\\/\\\/www.naturafrig.com.br\\\/#\\\/schema\\\/person\\\/2236af56dd336b8153c73d7ce6952ffa\"},\"headline\":\"Carne fica 6,10% mais barata e volta a ser protagonista na mesa das fam\u00edlias\",\"datePublished\":\"2017-08-17T14:07:29+00:00\",\"mainEntityOfPage\":{\"@id\":\"https:\\\/\\\/www.naturafrig.com.br\\\/carne-fica-610-mais-barata-e-volta-a-ser-protagonista-na-mesa-das-familias\\\/\"},\"wordCount\":565,\"commentCount\":0,\"publisher\":{\"@id\":\"https:\\\/\\\/www.naturafrig.com.br\\\/#organization\"},\"image\":{\"@id\":\"https:\\\/\\\/www.naturafrig.com.br\\\/carne-fica-610-mais-barata-e-volta-a-ser-protagonista-na-mesa-das-familias\\\/#primaryimage\"},\"thumbnailUrl\":\"https:\\\/\\\/www.naturafrig.com.br\\\/wp-content\\\/uploads\\\/2017\\\/08\\\/05_CARNE-FICA-610_-MAIS-BARATA-E-VOLTA-A-SER-PROTAGONISTA-NA-MESA-DAS-FAMiLIAS.jpg\",\"articleSection\":[\"Not\u00edcias\"],\"inLanguage\":\"es\"},{\"@type\":\"WebPage\",\"@id\":\"https:\\\/\\\/www.naturafrig.com.br\\\/carne-fica-610-mais-barata-e-volta-a-ser-protagonista-na-mesa-das-familias\\\/\",\"url\":\"https:\\\/\\\/www.naturafrig.com.br\\\/carne-fica-610-mais-barata-e-volta-a-ser-protagonista-na-mesa-das-familias\\\/\",\"name\":\"Carne fica 6,10% mais barata e volta a ser protagonista na mesa das fam\u00edlias - Naturafrig Alimentos\",\"isPartOf\":{\"@id\":\"https:\\\/\\\/www.naturafrig.com.br\\\/#website\"},\"primaryImageOfPage\":{\"@id\":\"https:\\\/\\\/www.naturafrig.com.br\\\/carne-fica-610-mais-barata-e-volta-a-ser-protagonista-na-mesa-das-familias\\\/#primaryimage\"},\"image\":{\"@id\":\"https:\\\/\\\/www.naturafrig.com.br\\\/carne-fica-610-mais-barata-e-volta-a-ser-protagonista-na-mesa-das-familias\\\/#primaryimage\"},\"thumbnailUrl\":\"https:\\\/\\\/www.naturafrig.com.br\\\/wp-content\\\/uploads\\\/2017\\\/08\\\/05_CARNE-FICA-610_-MAIS-BARATA-E-VOLTA-A-SER-PROTAGONISTA-NA-MESA-DAS-FAMiLIAS.jpg\",\"datePublished\":\"2017-08-17T14:07:29+00:00\",\"breadcrumb\":{\"@id\":\"https:\\\/\\\/www.naturafrig.com.br\\\/carne-fica-610-mais-barata-e-volta-a-ser-protagonista-na-mesa-das-familias\\\/#breadcrumb\"},\"inLanguage\":\"es\",\"potentialAction\":[{\"@type\":\"ReadAction\",\"target\":[\"https:\\\/\\\/www.naturafrig.com.br\\\/carne-fica-610-mais-barata-e-volta-a-ser-protagonista-na-mesa-das-familias\\\/\"]}]},{\"@type\":\"ImageObject\",\"inLanguage\":\"es\",\"@id\":\"https:\\\/\\\/www.naturafrig.com.br\\\/carne-fica-610-mais-barata-e-volta-a-ser-protagonista-na-mesa-das-familias\\\/#primaryimage\",\"url\":\"https:\\\/\\\/www.naturafrig.com.br\\\/wp-content\\\/uploads\\\/2017\\\/08\\\/05_CARNE-FICA-610_-MAIS-BARATA-E-VOLTA-A-SER-PROTAGONISTA-NA-MESA-DAS-FAMiLIAS.jpg\",\"contentUrl\":\"https:\\\/\\\/www.naturafrig.com.br\\\/wp-content\\\/uploads\\\/2017\\\/08\\\/05_CARNE-FICA-610_-MAIS-BARATA-E-VOLTA-A-SER-PROTAGONISTA-NA-MESA-DAS-FAMiLIAS.jpg\",\"width\":770,\"height\":530},{\"@type\":\"BreadcrumbList\",\"@id\":\"https:\\\/\\\/www.naturafrig.com.br\\\/carne-fica-610-mais-barata-e-volta-a-ser-protagonista-na-mesa-das-familias\\\/#breadcrumb\",\"itemListElement\":[{\"@type\":\"ListItem\",\"position\":1,\"name\":\"In\u00edcio\",\"item\":\"https:\\\/\\\/www.naturafrig.com.br\\\/\"},{\"@type\":\"ListItem\",\"position\":2,\"name\":\"Carne fica 6,10% mais barata e volta a ser protagonista na mesa das fam\u00edlias\"}]},{\"@type\":\"WebSite\",\"@id\":\"https:\\\/\\\/www.naturafrig.com.br\\\/#website\",\"url\":\"https:\\\/\\\/www.naturafrig.com.br\\\/\",\"name\":\"Naturafrig Alimentos\",\"description\":\"Qualidade em cada corte!\",\"publisher\":{\"@id\":\"https:\\\/\\\/www.naturafrig.com.br\\\/#organization\"},\"potentialAction\":[{\"@type\":\"SearchAction\",\"target\":{\"@type\":\"EntryPoint\",\"urlTemplate\":\"https:\\\/\\\/www.naturafrig.com.br\\\/?s={search_term_string}\"},\"query-input\":{\"@type\":\"PropertyValueSpecification\",\"valueRequired\":true,\"valueName\":\"search_term_string\"}}],\"inLanguage\":\"es\"},{\"@type\":\"Organization\",\"@id\":\"https:\\\/\\\/www.naturafrig.com.br\\\/#organization\",\"name\":\"Naturafrig Alimentos\",\"url\":\"https:\\\/\\\/www.naturafrig.com.br\\\/\",\"logo\":{\"@type\":\"ImageObject\",\"inLanguage\":\"es\",\"@id\":\"https:\\\/\\\/www.naturafrig.com.br\\\/#\\\/schema\\\/logo\\\/image\\\/\",\"url\":\"https:\\\/\\\/www.naturafrig.com.br\\\/wp-content\\\/uploads\\\/2025\\\/11\\\/logo_naturafrig.png\",\"contentUrl\":\"https:\\\/\\\/www.naturafrig.com.br\\\/wp-content\\\/uploads\\\/2025\\\/11\\\/logo_naturafrig.png\",\"width\":450,\"height\":220,\"caption\":\"Naturafrig Alimentos\"},\"image\":{\"@id\":\"https:\\\/\\\/www.naturafrig.com.br\\\/#\\\/schema\\\/logo\\\/image\\\/\"},\"sameAs\":[\"https:\\\/\\\/www.facebook.com\\\/naturafrig\\\/\"]},{\"@type\":\"Person\",\"@id\":\"https:\\\/\\\/www.naturafrig.com.br\\\/#\\\/schema\\\/person\\\/2236af56dd336b8153c73d7ce6952ffa\",\"name\":\"naturafrig\",\"image\":{\"@type\":\"ImageObject\",\"inLanguage\":\"es\",\"@id\":\"https:\\\/\\\/secure.gravatar.com\\\/avatar\\\/bf850200d24c8ad5ac328f455ea5424b4aab297cbdf824ea4518f2b240d94a64?s=96&d=mm&r=g\",\"url\":\"https:\\\/\\\/secure.gravatar.com\\\/avatar\\\/bf850200d24c8ad5ac328f455ea5424b4aab297cbdf824ea4518f2b240d94a64?s=96&d=mm&r=g\",\"contentUrl\":\"https:\\\/\\\/secure.gravatar.com\\\/avatar\\\/bf850200d24c8ad5ac328f455ea5424b4aab297cbdf824ea4518f2b240d94a64?s=96&d=mm&r=g\",\"caption\":\"naturafrig\"},\"sameAs\":[\"https:\\\/\\\/www.naturafrig.com.br\"],\"url\":\"https:\\\/\\\/www.naturafrig.com.br\\\/es\\\/author\\\/naturafrig\\\/\"}]}<\/script>\n<!-- \/ Yoast SEO plugin. -->","yoast_head_json":{"title":"Carne fica 6,10% mais barata e volta a ser protagonista na mesa das fam\u00edlias - Naturafrig Alimentos","robots":{"index":"index","follow":"follow","max-snippet":"max-snippet:-1","max-image-preview":"max-image-preview:large","max-video-preview":"max-video-preview:-1"},"canonical":"https:\/\/www.naturafrig.com.br\/es\/carne-fica-610-mais-barata-e-volta-a-ser-protagonista-na-mesa-das-familias\/","og_locale":"es_ES","og_type":"article","og_title":"Carne fica 6,10% mais barata e volta a ser protagonista na mesa das fam\u00edlias - Naturafrig Alimentos","og_description":"O pre\u00e7o da carne em Mato Grosso do Sul caiu 6,10% entre os meses de junho e julho de 2017 gra\u00e7as ao aumento nos estoques provocado pelo embargo norte-americano. Por estar mais em conta, o produto reassumiu o protagonismo na mesa dos consumidores, j\u00e1 que ele estava sendo substitu\u00eddo por cortes de frango e porco [&hellip;]","og_url":"https:\/\/www.naturafrig.com.br\/es\/carne-fica-610-mais-barata-e-volta-a-ser-protagonista-na-mesa-das-familias\/","og_site_name":"Naturafrig Alimentos","article_publisher":"https:\/\/www.facebook.com\/naturafrig\/","article_published_time":"2017-08-17T14:07:29+00:00","og_image":[{"width":770,"height":530,"url":"https:\/\/www.naturafrig.com.br\/wp-content\/uploads\/2017\/08\/05_CARNE-FICA-610_-MAIS-BARATA-E-VOLTA-A-SER-PROTAGONISTA-NA-MESA-DAS-FAMiLIAS.jpg","type":"image\/jpeg"}],"author":"naturafrig","twitter_card":"summary_large_image","twitter_misc":{"Escrito por":"naturafrig","Tiempo de lectura":"3 minutos"},"schema":{"@context":"https:\/\/schema.org","@graph":[{"@type":"Article","@id":"https:\/\/www.naturafrig.com.br\/carne-fica-610-mais-barata-e-volta-a-ser-protagonista-na-mesa-das-familias\/#article","isPartOf":{"@id":"https:\/\/www.naturafrig.com.br\/carne-fica-610-mais-barata-e-volta-a-ser-protagonista-na-mesa-das-familias\/"},"author":{"name":"naturafrig","@id":"https:\/\/www.naturafrig.com.br\/#\/schema\/person\/2236af56dd336b8153c73d7ce6952ffa"},"headline":"Carne fica 6,10% mais barata e volta a ser protagonista na mesa das fam\u00edlias","datePublished":"2017-08-17T14:07:29+00:00","mainEntityOfPage":{"@id":"https:\/\/www.naturafrig.com.br\/carne-fica-610-mais-barata-e-volta-a-ser-protagonista-na-mesa-das-familias\/"},"wordCount":565,"commentCount":0,"publisher":{"@id":"https:\/\/www.naturafrig.com.br\/#organization"},"image":{"@id":"https:\/\/www.naturafrig.com.br\/carne-fica-610-mais-barata-e-volta-a-ser-protagonista-na-mesa-das-familias\/#primaryimage"},"thumbnailUrl":"https:\/\/www.naturafrig.com.br\/wp-content\/uploads\/2017\/08\/05_CARNE-FICA-610_-MAIS-BARATA-E-VOLTA-A-SER-PROTAGONISTA-NA-MESA-DAS-FAMiLIAS.jpg","articleSection":["Not\u00edcias"],"inLanguage":"es"},{"@type":"WebPage","@id":"https:\/\/www.naturafrig.com.br\/carne-fica-610-mais-barata-e-volta-a-ser-protagonista-na-mesa-das-familias\/","url":"https:\/\/www.naturafrig.com.br\/carne-fica-610-mais-barata-e-volta-a-ser-protagonista-na-mesa-das-familias\/","name":"Carne fica 6,10% mais barata e volta a ser protagonista na mesa das fam\u00edlias - Naturafrig Alimentos","isPartOf":{"@id":"https:\/\/www.naturafrig.com.br\/#website"},"primaryImageOfPage":{"@id":"https:\/\/www.naturafrig.com.br\/carne-fica-610-mais-barata-e-volta-a-ser-protagonista-na-mesa-das-familias\/#primaryimage"},"image":{"@id":"https:\/\/www.naturafrig.com.br\/carne-fica-610-mais-barata-e-volta-a-ser-protagonista-na-mesa-das-familias\/#primaryimage"},"thumbnailUrl":"https:\/\/www.naturafrig.com.br\/wp-content\/uploads\/2017\/08\/05_CARNE-FICA-610_-MAIS-BARATA-E-VOLTA-A-SER-PROTAGONISTA-NA-MESA-DAS-FAMiLIAS.jpg","datePublished":"2017-08-17T14:07:29+00:00","breadcrumb":{"@id":"https:\/\/www.naturafrig.com.br\/carne-fica-610-mais-barata-e-volta-a-ser-protagonista-na-mesa-das-familias\/#breadcrumb"},"inLanguage":"es","potentialAction":[{"@type":"ReadAction","target":["https:\/\/www.naturafrig.com.br\/carne-fica-610-mais-barata-e-volta-a-ser-protagonista-na-mesa-das-familias\/"]}]},{"@type":"ImageObject","inLanguage":"es","@id":"https:\/\/www.naturafrig.com.br\/carne-fica-610-mais-barata-e-volta-a-ser-protagonista-na-mesa-das-familias\/#primaryimage","url":"https:\/\/www.naturafrig.com.br\/wp-content\/uploads\/2017\/08\/05_CARNE-FICA-610_-MAIS-BARATA-E-VOLTA-A-SER-PROTAGONISTA-NA-MESA-DAS-FAMiLIAS.jpg","contentUrl":"https:\/\/www.naturafrig.com.br\/wp-content\/uploads\/2017\/08\/05_CARNE-FICA-610_-MAIS-BARATA-E-VOLTA-A-SER-PROTAGONISTA-NA-MESA-DAS-FAMiLIAS.jpg","width":770,"height":530},{"@type":"BreadcrumbList","@id":"https:\/\/www.naturafrig.com.br\/carne-fica-610-mais-barata-e-volta-a-ser-protagonista-na-mesa-das-familias\/#breadcrumb","itemListElement":[{"@type":"ListItem","position":1,"name":"In\u00edcio","item":"https:\/\/www.naturafrig.com.br\/"},{"@type":"ListItem","position":2,"name":"Carne fica 6,10% mais barata e volta a ser protagonista na mesa das fam\u00edlias"}]},{"@type":"WebSite","@id":"https:\/\/www.naturafrig.com.br\/#website","url":"https:\/\/www.naturafrig.com.br\/","name":"Naturafrig Alimentos","description":"Qualidade em cada corte!","publisher":{"@id":"https:\/\/www.naturafrig.com.br\/#organization"},"potentialAction":[{"@type":"SearchAction","target":{"@type":"EntryPoint","urlTemplate":"https:\/\/www.naturafrig.com.br\/?s={search_term_string}"},"query-input":{"@type":"PropertyValueSpecification","valueRequired":true,"valueName":"search_term_string"}}],"inLanguage":"es"},{"@type":"Organization","@id":"https:\/\/www.naturafrig.com.br\/#organization","name":"Naturafrig Alimentos","url":"https:\/\/www.naturafrig.com.br\/","logo":{"@type":"ImageObject","inLanguage":"es","@id":"https:\/\/www.naturafrig.com.br\/#\/schema\/logo\/image\/","url":"https:\/\/www.naturafrig.com.br\/wp-content\/uploads\/2025\/11\/logo_naturafrig.png","contentUrl":"https:\/\/www.naturafrig.com.br\/wp-content\/uploads\/2025\/11\/logo_naturafrig.png","width":450,"height":220,"caption":"Naturafrig Alimentos"},"image":{"@id":"https:\/\/www.naturafrig.com.br\/#\/schema\/logo\/image\/"},"sameAs":["https:\/\/www.facebook.com\/naturafrig\/"]},{"@type":"Person","@id":"https:\/\/www.naturafrig.com.br\/#\/schema\/person\/2236af56dd336b8153c73d7ce6952ffa","name":"naturafrig","image":{"@type":"ImageObject","inLanguage":"es","@id":"https:\/\/secure.gravatar.com\/avatar\/bf850200d24c8ad5ac328f455ea5424b4aab297cbdf824ea4518f2b240d94a64?s=96&d=mm&r=g","url":"https:\/\/secure.gravatar.com\/avatar\/bf850200d24c8ad5ac328f455ea5424b4aab297cbdf824ea4518f2b240d94a64?s=96&d=mm&r=g","contentUrl":"https:\/\/secure.gravatar.com\/avatar\/bf850200d24c8ad5ac328f455ea5424b4aab297cbdf824ea4518f2b240d94a64?s=96&d=mm&r=g","caption":"naturafrig"},"sameAs":["https:\/\/www.naturafrig.com.br"],"url":"https:\/\/www.naturafrig.com.br\/es\/author\/naturafrig\/"}]}},"_links":{"self":[{"href":"https:\/\/www.naturafrig.com.br\/es\/wp-json\/wp\/v2\/posts\/712","targetHints":{"allow":["GET"]}}],"collection":[{"href":"https:\/\/www.naturafrig.com.br\/es\/wp-json\/wp\/v2\/posts"}],"about":[{"href":"https:\/\/www.naturafrig.com.br\/es\/wp-json\/wp\/v2\/types\/post"}],"author":[{"embeddable":true,"href":"https:\/\/www.naturafrig.com.br\/es\/wp-json\/wp\/v2\/users\/1"}],"replies":[{"embeddable":true,"href":"https:\/\/www.naturafrig.com.br\/es\/wp-json\/wp\/v2\/comments?post=712"}],"version-history":[{"count":0,"href":"https:\/\/www.naturafrig.com.br\/es\/wp-json\/wp\/v2\/posts\/712\/revisions"}],"wp:featuredmedia":[{"embeddable":true,"href":"https:\/\/www.naturafrig.com.br\/es\/wp-json\/wp\/v2\/media\/6354"}],"wp:attachment":[{"href":"https:\/\/www.naturafrig.com.br\/es\/wp-json\/wp\/v2\/media?parent=712"}],"wp:term":[{"taxonomy":"category","embeddable":true,"href":"https:\/\/www.naturafrig.com.br\/es\/wp-json\/wp\/v2\/categories?post=712"},{"taxonomy":"post_tag","embeddable":true,"href":"https:\/\/www.naturafrig.com.br\/es\/wp-json\/wp\/v2\/tags?post=712"}],"curies":[{"name":"wp","href":"https:\/\/api.w.org\/{rel}","templated":true}]}}