{"id":750,"date":"2017-10-18T16:23:24","date_gmt":"2017-10-18T18:23:24","guid":{"rendered":"http:\/\/www.naturafrig.com.br\/site\/?p=750"},"modified":"2017-10-18T16:23:24","modified_gmt":"2017-10-18T18:23:24","slug":"exportacoes-do-agronegocio-crescem-237-em-setembro","status":"publish","type":"post","link":"https:\/\/www.naturafrig.com.br\/es\/exportacoes-do-agronegocio-crescem-237-em-setembro\/","title":{"rendered":"Exporta\u00e7\u00f5es do agroneg\u00f3cio crescem 23,7% em setembro"},"content":{"rendered":"<p>Embarques brasileiros totalizam US$ 8,56 bilh\u00f5es; super\u00e1vit do setor foi de US$ 7,41 bi. O setor de carnes ocupou a segunda posi\u00e7\u00e3o no ranking de setores exportadores do agroneg\u00f3cio, com US$ 1,38 bilh\u00e3o.<\/p>\n<p>As exporta\u00e7\u00f5es brasileiras do agroneg\u00f3cio aumentaram 23,7% em setembro, em rela\u00e7\u00e3o ao mesmo m\u00eas de 2016. Os embarques somaram US$ 8,56 bilh\u00f5es, ante US$ 6,92 bi de setembro do ano anterior.\u00a0 Com importa\u00e7\u00f5es de R$ 1,14 bilh\u00e3o, o setor teve super\u00e1vit de US$ 7,41 bilh\u00f5es.<\/p>\n<p>O agro representou 45,8% das exporta\u00e7\u00f5es totais brasileiras no m\u00eas passado. Os n\u00fameros constam da balan\u00e7a comercial do agro de setembro, divulgada na \u00faltima segunda-feira (16) pela Secretaria de Rela\u00e7\u00f5es Internacionais do Agroneg\u00f3cio (SRI) do Minist\u00e9rio da Agricultura, Pecu\u00e1ria e Agricultura (Mapa).\u00a0 O crescimento de US$ 1,64 bilh\u00e3o nas vendas externas foi puxado pelo complexo soja (+US$ 938,74 milh\u00f5es); cereais, farinhas e prepara\u00e7\u00f5es (+US$ 436,17 milh\u00f5es); produtos florestais (+US$ 158,72 milh\u00f5es); fibras e produtos t\u00eaxteis (+US$ 55,50 milh\u00f5es) e carnes (+US$ 42,50 milh\u00f5es). As vendas externas do complexo soja, de carnes, do setor sucroalcooleiro, de produtos florestais e de cereais, farinhas e prepara\u00e7\u00f5es totalizam US$ 6,76 bilh\u00f5es em vendas externas, com share de 79% no total das exporta\u00e7\u00f5es do agroneg\u00f3cio em setembro de 2017.<\/p>\n<p>Em rela\u00e7\u00e3o ao valor exportado, o complexo soja foi o principal setor, somando US$ 2,02 bilh\u00f5es em exporta\u00e7\u00f5es. O montante representou acr\u00e9scimo de 86,9% em valor, ante o mesmo m\u00eas do ano anterior. A soja em gr\u00e3os foi respons\u00e1vel por esse aumento nas vendas externas do setor, visto que representou 79,6% do total, com US$ 1,61 bilh\u00e3o (+165,5%). O setor de carnes ocupou a segunda posi\u00e7\u00e3o no ranking de setores exportadores do agroneg\u00f3cio, com US$ 1,38 bilh\u00e3o, dos quais a carne de frango representou 45,8% (US$ 630,65 milh\u00f5es).<\/p>\n<p>As exporta\u00e7\u00f5es de carne de frango in natura alcan\u00e7aram US$ 568,60 milh\u00f5es, com recorde em quantidade: 355,24 mil toneladas. As vendas de carne bovina foram de US$ 554,95 milh\u00f5es, isto \u00e9, 17,7% superiores ao que foi registrado em setembro de 2016. Tamb\u00e9m houve aumento em quantidade (+17,1%, de 115,67 para 135,39 mil toneladas) e pre\u00e7o (+0,5%, de US$ 4.077 para US$ 4099 por tonelada).<\/p>\n<p>A \u00c1sia se manteve como principal regi\u00e3o de destino das exporta\u00e7\u00f5es do agro brasileiro, com US$ 3,83 bilh\u00f5es. Em fun\u00e7\u00e3o do aumento das vendas de soja em gr\u00e3os do Brasil (de US$ 487,22 milh\u00f5es para US$ 1,47 bilh\u00e3o; +202,5%) houve aumento de 40,6% em exporta\u00e7\u00f5es para a regi\u00e3o, de modo que sua participa\u00e7\u00e3o aumentou para 44,8% do total. J\u00e1 entre os pa\u00edses, o principal importador do agro brasileiro \u00e9 a China.<\/p>\n<p>Fonte:\u00a0https:\/\/massanews.com<\/p>","protected":false},"excerpt":{"rendered":"<p>Embarques brasileiros totalizam US$ 8,56 bilh\u00f5es; super\u00e1vit do setor foi de US$ 7,41 bi. O setor de carnes ocupou a segunda posi\u00e7\u00e3o no ranking de setores exportadores do agroneg\u00f3cio, com US$ 1,38 bilh\u00e3o. As exporta\u00e7\u00f5es brasileiras do agroneg\u00f3cio aumentaram 23,7% em setembro, em rela\u00e7\u00e3o ao mesmo m\u00eas de 2016. Os embarques somaram US$ 8,56 bilh\u00f5es, [&hellip;]<\/p>\n","protected":false},"author":1,"featured_media":751,"comment_status":"open","ping_status":"open","sticky":false,"template":"","format":"standard","meta":{"_acf_changed":false,"inline_featured_image":false,"footnotes":""},"categories":[1],"tags":[],"class_list":["post-750","post","type-post","status-publish","format-standard","has-post-thumbnail","hentry","category-noticias"],"acf":[],"yoast_head":"<!-- This site is optimized with the Yoast SEO plugin v27.5 - https:\/\/yoast.com\/product\/yoast-seo-wordpress\/ -->\n<title>Exporta\u00e7\u00f5es do agroneg\u00f3cio crescem 23,7% em setembro - Naturafrig Alimentos<\/title>\n<meta name=\"robots\" content=\"index, follow, max-snippet:-1, max-image-preview:large, max-video-preview:-1\" \/>\n<link rel=\"canonical\" href=\"https:\/\/www.naturafrig.com.br\/es\/exportacoes-do-agronegocio-crescem-237-em-setembro\/\" \/>\n<meta property=\"og:locale\" content=\"es_ES\" \/>\n<meta property=\"og:type\" content=\"article\" \/>\n<meta property=\"og:title\" content=\"Exporta\u00e7\u00f5es do agroneg\u00f3cio crescem 23,7% em setembro - Naturafrig Alimentos\" \/>\n<meta property=\"og:description\" content=\"Embarques brasileiros totalizam US$ 8,56 bilh\u00f5es; super\u00e1vit do setor foi de US$ 7,41 bi. O setor de carnes ocupou a segunda posi\u00e7\u00e3o no ranking de setores exportadores do agroneg\u00f3cio, com US$ 1,38 bilh\u00e3o. As exporta\u00e7\u00f5es brasileiras do agroneg\u00f3cio aumentaram 23,7% em setembro, em rela\u00e7\u00e3o ao mesmo m\u00eas de 2016. Os embarques somaram US$ 8,56 bilh\u00f5es, [&hellip;]\" \/>\n<meta property=\"og:url\" content=\"https:\/\/www.naturafrig.com.br\/es\/exportacoes-do-agronegocio-crescem-237-em-setembro\/\" \/>\n<meta property=\"og:site_name\" content=\"Naturafrig Alimentos\" \/>\n<meta property=\"article:publisher\" content=\"https:\/\/www.facebook.com\/naturafrig\/\" \/>\n<meta property=\"article:published_time\" content=\"2017-10-18T18:23:24+00:00\" \/>\n<meta property=\"og:image\" content=\"https:\/\/www.naturafrig.com.br\/wp-content\/uploads\/2017\/10\/lg-9e393bb3-ae3e-44cb-8328-aac13f9aaf77.jpg\" \/>\n\t<meta property=\"og:image:width\" content=\"961\" \/>\n\t<meta property=\"og:image:height\" content=\"531\" \/>\n\t<meta property=\"og:image:type\" content=\"image\/jpeg\" \/>\n<meta name=\"author\" content=\"naturafrig\" \/>\n<meta name=\"twitter:card\" content=\"summary_large_image\" \/>\n<meta name=\"twitter:label1\" content=\"Escrito por\" \/>\n\t<meta name=\"twitter:data1\" content=\"naturafrig\" \/>\n\t<meta name=\"twitter:label2\" content=\"Tiempo de lectura\" \/>\n\t<meta name=\"twitter:data2\" content=\"2 minutos\" \/>\n<script type=\"application\/ld+json\" class=\"yoast-schema-graph\">{\"@context\":\"https:\\\/\\\/schema.org\",\"@graph\":[{\"@type\":\"Article\",\"@id\":\"https:\\\/\\\/www.naturafrig.com.br\\\/exportacoes-do-agronegocio-crescem-237-em-setembro\\\/#article\",\"isPartOf\":{\"@id\":\"https:\\\/\\\/www.naturafrig.com.br\\\/exportacoes-do-agronegocio-crescem-237-em-setembro\\\/\"},\"author\":{\"name\":\"naturafrig\",\"@id\":\"https:\\\/\\\/www.naturafrig.com.br\\\/#\\\/schema\\\/person\\\/2236af56dd336b8153c73d7ce6952ffa\"},\"headline\":\"Exporta\u00e7\u00f5es do agroneg\u00f3cio crescem 23,7% em setembro\",\"datePublished\":\"2017-10-18T18:23:24+00:00\",\"mainEntityOfPage\":{\"@id\":\"https:\\\/\\\/www.naturafrig.com.br\\\/exportacoes-do-agronegocio-crescem-237-em-setembro\\\/\"},\"wordCount\":453,\"commentCount\":0,\"publisher\":{\"@id\":\"https:\\\/\\\/www.naturafrig.com.br\\\/#organization\"},\"image\":{\"@id\":\"https:\\\/\\\/www.naturafrig.com.br\\\/exportacoes-do-agronegocio-crescem-237-em-setembro\\\/#primaryimage\"},\"thumbnailUrl\":\"https:\\\/\\\/www.naturafrig.com.br\\\/wp-content\\\/uploads\\\/2017\\\/10\\\/lg-9e393bb3-ae3e-44cb-8328-aac13f9aaf77.jpg\",\"articleSection\":[\"Not\u00edcias\"],\"inLanguage\":\"es\"},{\"@type\":\"WebPage\",\"@id\":\"https:\\\/\\\/www.naturafrig.com.br\\\/exportacoes-do-agronegocio-crescem-237-em-setembro\\\/\",\"url\":\"https:\\\/\\\/www.naturafrig.com.br\\\/exportacoes-do-agronegocio-crescem-237-em-setembro\\\/\",\"name\":\"Exporta\u00e7\u00f5es do agroneg\u00f3cio crescem 23,7% em setembro - Naturafrig Alimentos\",\"isPartOf\":{\"@id\":\"https:\\\/\\\/www.naturafrig.com.br\\\/#website\"},\"primaryImageOfPage\":{\"@id\":\"https:\\\/\\\/www.naturafrig.com.br\\\/exportacoes-do-agronegocio-crescem-237-em-setembro\\\/#primaryimage\"},\"image\":{\"@id\":\"https:\\\/\\\/www.naturafrig.com.br\\\/exportacoes-do-agronegocio-crescem-237-em-setembro\\\/#primaryimage\"},\"thumbnailUrl\":\"https:\\\/\\\/www.naturafrig.com.br\\\/wp-content\\\/uploads\\\/2017\\\/10\\\/lg-9e393bb3-ae3e-44cb-8328-aac13f9aaf77.jpg\",\"datePublished\":\"2017-10-18T18:23:24+00:00\",\"breadcrumb\":{\"@id\":\"https:\\\/\\\/www.naturafrig.com.br\\\/exportacoes-do-agronegocio-crescem-237-em-setembro\\\/#breadcrumb\"},\"inLanguage\":\"es\",\"potentialAction\":[{\"@type\":\"ReadAction\",\"target\":[\"https:\\\/\\\/www.naturafrig.com.br\\\/exportacoes-do-agronegocio-crescem-237-em-setembro\\\/\"]}]},{\"@type\":\"ImageObject\",\"inLanguage\":\"es\",\"@id\":\"https:\\\/\\\/www.naturafrig.com.br\\\/exportacoes-do-agronegocio-crescem-237-em-setembro\\\/#primaryimage\",\"url\":\"https:\\\/\\\/www.naturafrig.com.br\\\/wp-content\\\/uploads\\\/2017\\\/10\\\/lg-9e393bb3-ae3e-44cb-8328-aac13f9aaf77.jpg\",\"contentUrl\":\"https:\\\/\\\/www.naturafrig.com.br\\\/wp-content\\\/uploads\\\/2017\\\/10\\\/lg-9e393bb3-ae3e-44cb-8328-aac13f9aaf77.jpg\",\"width\":961,\"height\":531},{\"@type\":\"BreadcrumbList\",\"@id\":\"https:\\\/\\\/www.naturafrig.com.br\\\/exportacoes-do-agronegocio-crescem-237-em-setembro\\\/#breadcrumb\",\"itemListElement\":[{\"@type\":\"ListItem\",\"position\":1,\"name\":\"In\u00edcio\",\"item\":\"https:\\\/\\\/www.naturafrig.com.br\\\/\"},{\"@type\":\"ListItem\",\"position\":2,\"name\":\"Exporta\u00e7\u00f5es do agroneg\u00f3cio crescem 23,7% em setembro\"}]},{\"@type\":\"WebSite\",\"@id\":\"https:\\\/\\\/www.naturafrig.com.br\\\/#website\",\"url\":\"https:\\\/\\\/www.naturafrig.com.br\\\/\",\"name\":\"Naturafrig Alimentos\",\"description\":\"Qualidade em cada corte!\",\"publisher\":{\"@id\":\"https:\\\/\\\/www.naturafrig.com.br\\\/#organization\"},\"potentialAction\":[{\"@type\":\"SearchAction\",\"target\":{\"@type\":\"EntryPoint\",\"urlTemplate\":\"https:\\\/\\\/www.naturafrig.com.br\\\/?s={search_term_string}\"},\"query-input\":{\"@type\":\"PropertyValueSpecification\",\"valueRequired\":true,\"valueName\":\"search_term_string\"}}],\"inLanguage\":\"es\"},{\"@type\":\"Organization\",\"@id\":\"https:\\\/\\\/www.naturafrig.com.br\\\/#organization\",\"name\":\"Naturafrig Alimentos\",\"url\":\"https:\\\/\\\/www.naturafrig.com.br\\\/\",\"logo\":{\"@type\":\"ImageObject\",\"inLanguage\":\"es\",\"@id\":\"https:\\\/\\\/www.naturafrig.com.br\\\/#\\\/schema\\\/logo\\\/image\\\/\",\"url\":\"https:\\\/\\\/www.naturafrig.com.br\\\/wp-content\\\/uploads\\\/2025\\\/11\\\/logo_naturafrig.png\",\"contentUrl\":\"https:\\\/\\\/www.naturafrig.com.br\\\/wp-content\\\/uploads\\\/2025\\\/11\\\/logo_naturafrig.png\",\"width\":450,\"height\":220,\"caption\":\"Naturafrig Alimentos\"},\"image\":{\"@id\":\"https:\\\/\\\/www.naturafrig.com.br\\\/#\\\/schema\\\/logo\\\/image\\\/\"},\"sameAs\":[\"https:\\\/\\\/www.facebook.com\\\/naturafrig\\\/\"]},{\"@type\":\"Person\",\"@id\":\"https:\\\/\\\/www.naturafrig.com.br\\\/#\\\/schema\\\/person\\\/2236af56dd336b8153c73d7ce6952ffa\",\"name\":\"naturafrig\",\"image\":{\"@type\":\"ImageObject\",\"inLanguage\":\"es\",\"@id\":\"https:\\\/\\\/secure.gravatar.com\\\/avatar\\\/bf850200d24c8ad5ac328f455ea5424b4aab297cbdf824ea4518f2b240d94a64?s=96&d=mm&r=g\",\"url\":\"https:\\\/\\\/secure.gravatar.com\\\/avatar\\\/bf850200d24c8ad5ac328f455ea5424b4aab297cbdf824ea4518f2b240d94a64?s=96&d=mm&r=g\",\"contentUrl\":\"https:\\\/\\\/secure.gravatar.com\\\/avatar\\\/bf850200d24c8ad5ac328f455ea5424b4aab297cbdf824ea4518f2b240d94a64?s=96&d=mm&r=g\",\"caption\":\"naturafrig\"},\"sameAs\":[\"https:\\\/\\\/www.naturafrig.com.br\"],\"url\":\"https:\\\/\\\/www.naturafrig.com.br\\\/es\\\/author\\\/naturafrig\\\/\"}]}<\/script>\n<!-- \/ Yoast SEO plugin. -->","yoast_head_json":{"title":"Exporta\u00e7\u00f5es do agroneg\u00f3cio crescem 23,7% em setembro - Naturafrig Alimentos","robots":{"index":"index","follow":"follow","max-snippet":"max-snippet:-1","max-image-preview":"max-image-preview:large","max-video-preview":"max-video-preview:-1"},"canonical":"https:\/\/www.naturafrig.com.br\/es\/exportacoes-do-agronegocio-crescem-237-em-setembro\/","og_locale":"es_ES","og_type":"article","og_title":"Exporta\u00e7\u00f5es do agroneg\u00f3cio crescem 23,7% em setembro - Naturafrig Alimentos","og_description":"Embarques brasileiros totalizam US$ 8,56 bilh\u00f5es; super\u00e1vit do setor foi de US$ 7,41 bi. O setor de carnes ocupou a segunda posi\u00e7\u00e3o no ranking de setores exportadores do agroneg\u00f3cio, com US$ 1,38 bilh\u00e3o. As exporta\u00e7\u00f5es brasileiras do agroneg\u00f3cio aumentaram 23,7% em setembro, em rela\u00e7\u00e3o ao mesmo m\u00eas de 2016. Os embarques somaram US$ 8,56 bilh\u00f5es, [&hellip;]","og_url":"https:\/\/www.naturafrig.com.br\/es\/exportacoes-do-agronegocio-crescem-237-em-setembro\/","og_site_name":"Naturafrig Alimentos","article_publisher":"https:\/\/www.facebook.com\/naturafrig\/","article_published_time":"2017-10-18T18:23:24+00:00","og_image":[{"width":961,"height":531,"url":"https:\/\/www.naturafrig.com.br\/wp-content\/uploads\/2017\/10\/lg-9e393bb3-ae3e-44cb-8328-aac13f9aaf77.jpg","type":"image\/jpeg"}],"author":"naturafrig","twitter_card":"summary_large_image","twitter_misc":{"Escrito por":"naturafrig","Tiempo de lectura":"2 minutos"},"schema":{"@context":"https:\/\/schema.org","@graph":[{"@type":"Article","@id":"https:\/\/www.naturafrig.com.br\/exportacoes-do-agronegocio-crescem-237-em-setembro\/#article","isPartOf":{"@id":"https:\/\/www.naturafrig.com.br\/exportacoes-do-agronegocio-crescem-237-em-setembro\/"},"author":{"name":"naturafrig","@id":"https:\/\/www.naturafrig.com.br\/#\/schema\/person\/2236af56dd336b8153c73d7ce6952ffa"},"headline":"Exporta\u00e7\u00f5es do agroneg\u00f3cio crescem 23,7% em setembro","datePublished":"2017-10-18T18:23:24+00:00","mainEntityOfPage":{"@id":"https:\/\/www.naturafrig.com.br\/exportacoes-do-agronegocio-crescem-237-em-setembro\/"},"wordCount":453,"commentCount":0,"publisher":{"@id":"https:\/\/www.naturafrig.com.br\/#organization"},"image":{"@id":"https:\/\/www.naturafrig.com.br\/exportacoes-do-agronegocio-crescem-237-em-setembro\/#primaryimage"},"thumbnailUrl":"https:\/\/www.naturafrig.com.br\/wp-content\/uploads\/2017\/10\/lg-9e393bb3-ae3e-44cb-8328-aac13f9aaf77.jpg","articleSection":["Not\u00edcias"],"inLanguage":"es"},{"@type":"WebPage","@id":"https:\/\/www.naturafrig.com.br\/exportacoes-do-agronegocio-crescem-237-em-setembro\/","url":"https:\/\/www.naturafrig.com.br\/exportacoes-do-agronegocio-crescem-237-em-setembro\/","name":"Exporta\u00e7\u00f5es do agroneg\u00f3cio crescem 23,7% em setembro - Naturafrig Alimentos","isPartOf":{"@id":"https:\/\/www.naturafrig.com.br\/#website"},"primaryImageOfPage":{"@id":"https:\/\/www.naturafrig.com.br\/exportacoes-do-agronegocio-crescem-237-em-setembro\/#primaryimage"},"image":{"@id":"https:\/\/www.naturafrig.com.br\/exportacoes-do-agronegocio-crescem-237-em-setembro\/#primaryimage"},"thumbnailUrl":"https:\/\/www.naturafrig.com.br\/wp-content\/uploads\/2017\/10\/lg-9e393bb3-ae3e-44cb-8328-aac13f9aaf77.jpg","datePublished":"2017-10-18T18:23:24+00:00","breadcrumb":{"@id":"https:\/\/www.naturafrig.com.br\/exportacoes-do-agronegocio-crescem-237-em-setembro\/#breadcrumb"},"inLanguage":"es","potentialAction":[{"@type":"ReadAction","target":["https:\/\/www.naturafrig.com.br\/exportacoes-do-agronegocio-crescem-237-em-setembro\/"]}]},{"@type":"ImageObject","inLanguage":"es","@id":"https:\/\/www.naturafrig.com.br\/exportacoes-do-agronegocio-crescem-237-em-setembro\/#primaryimage","url":"https:\/\/www.naturafrig.com.br\/wp-content\/uploads\/2017\/10\/lg-9e393bb3-ae3e-44cb-8328-aac13f9aaf77.jpg","contentUrl":"https:\/\/www.naturafrig.com.br\/wp-content\/uploads\/2017\/10\/lg-9e393bb3-ae3e-44cb-8328-aac13f9aaf77.jpg","width":961,"height":531},{"@type":"BreadcrumbList","@id":"https:\/\/www.naturafrig.com.br\/exportacoes-do-agronegocio-crescem-237-em-setembro\/#breadcrumb","itemListElement":[{"@type":"ListItem","position":1,"name":"In\u00edcio","item":"https:\/\/www.naturafrig.com.br\/"},{"@type":"ListItem","position":2,"name":"Exporta\u00e7\u00f5es do agroneg\u00f3cio crescem 23,7% em setembro"}]},{"@type":"WebSite","@id":"https:\/\/www.naturafrig.com.br\/#website","url":"https:\/\/www.naturafrig.com.br\/","name":"Naturafrig Alimentos","description":"Qualidade em cada corte!","publisher":{"@id":"https:\/\/www.naturafrig.com.br\/#organization"},"potentialAction":[{"@type":"SearchAction","target":{"@type":"EntryPoint","urlTemplate":"https:\/\/www.naturafrig.com.br\/?s={search_term_string}"},"query-input":{"@type":"PropertyValueSpecification","valueRequired":true,"valueName":"search_term_string"}}],"inLanguage":"es"},{"@type":"Organization","@id":"https:\/\/www.naturafrig.com.br\/#organization","name":"Naturafrig Alimentos","url":"https:\/\/www.naturafrig.com.br\/","logo":{"@type":"ImageObject","inLanguage":"es","@id":"https:\/\/www.naturafrig.com.br\/#\/schema\/logo\/image\/","url":"https:\/\/www.naturafrig.com.br\/wp-content\/uploads\/2025\/11\/logo_naturafrig.png","contentUrl":"https:\/\/www.naturafrig.com.br\/wp-content\/uploads\/2025\/11\/logo_naturafrig.png","width":450,"height":220,"caption":"Naturafrig Alimentos"},"image":{"@id":"https:\/\/www.naturafrig.com.br\/#\/schema\/logo\/image\/"},"sameAs":["https:\/\/www.facebook.com\/naturafrig\/"]},{"@type":"Person","@id":"https:\/\/www.naturafrig.com.br\/#\/schema\/person\/2236af56dd336b8153c73d7ce6952ffa","name":"naturafrig","image":{"@type":"ImageObject","inLanguage":"es","@id":"https:\/\/secure.gravatar.com\/avatar\/bf850200d24c8ad5ac328f455ea5424b4aab297cbdf824ea4518f2b240d94a64?s=96&d=mm&r=g","url":"https:\/\/secure.gravatar.com\/avatar\/bf850200d24c8ad5ac328f455ea5424b4aab297cbdf824ea4518f2b240d94a64?s=96&d=mm&r=g","contentUrl":"https:\/\/secure.gravatar.com\/avatar\/bf850200d24c8ad5ac328f455ea5424b4aab297cbdf824ea4518f2b240d94a64?s=96&d=mm&r=g","caption":"naturafrig"},"sameAs":["https:\/\/www.naturafrig.com.br"],"url":"https:\/\/www.naturafrig.com.br\/es\/author\/naturafrig\/"}]}},"_links":{"self":[{"href":"https:\/\/www.naturafrig.com.br\/es\/wp-json\/wp\/v2\/posts\/750","targetHints":{"allow":["GET"]}}],"collection":[{"href":"https:\/\/www.naturafrig.com.br\/es\/wp-json\/wp\/v2\/posts"}],"about":[{"href":"https:\/\/www.naturafrig.com.br\/es\/wp-json\/wp\/v2\/types\/post"}],"author":[{"embeddable":true,"href":"https:\/\/www.naturafrig.com.br\/es\/wp-json\/wp\/v2\/users\/1"}],"replies":[{"embeddable":true,"href":"https:\/\/www.naturafrig.com.br\/es\/wp-json\/wp\/v2\/comments?post=750"}],"version-history":[{"count":0,"href":"https:\/\/www.naturafrig.com.br\/es\/wp-json\/wp\/v2\/posts\/750\/revisions"}],"wp:featuredmedia":[{"embeddable":true,"href":"https:\/\/www.naturafrig.com.br\/es\/wp-json\/wp\/v2\/media\/751"}],"wp:attachment":[{"href":"https:\/\/www.naturafrig.com.br\/es\/wp-json\/wp\/v2\/media?parent=750"}],"wp:term":[{"taxonomy":"category","embeddable":true,"href":"https:\/\/www.naturafrig.com.br\/es\/wp-json\/wp\/v2\/categories?post=750"},{"taxonomy":"post_tag","embeddable":true,"href":"https:\/\/www.naturafrig.com.br\/es\/wp-json\/wp\/v2\/tags?post=750"}],"curies":[{"name":"wp","href":"https:\/\/api.w.org\/{rel}","templated":true}]}}