{"id":862,"date":"2019-04-17T14:38:58","date_gmt":"2019-04-17T17:38:58","guid":{"rendered":"http:\/\/www.naturafrig.com.br\/site\/?p=862"},"modified":"2019-04-17T14:38:58","modified_gmt":"2019-04-17T17:38:58","slug":"promotores-de-ponto-de-venda-naturafrig-recebem-treinamento-para-especializacao","status":"publish","type":"post","link":"https:\/\/www.naturafrig.com.br\/es\/promotores-de-ponto-de-venda-naturafrig-recebem-treinamento-para-especializacao\/","title":{"rendered":"Promotores de ponto de venda Naturafrig recebem treinamento para especializa\u00e7\u00e3o"},"content":{"rendered":"<p>No dia dois de abril, promotores de venda Naturafrig se reuniram em S\u00e3o Paulo para uma capacita\u00e7\u00e3o com foco em processos de venda. O objetivo \u00e9 garantir que o atendimento oferecido nestes locais seja cada vez mais organizado e pr\u00e1tico, que auxilie e resolva d\u00favidas do cliente.<\/p>\n<p>Assuntos como conserva\u00e7\u00e3o do produto, como proceder com seguran\u00e7a e caracter\u00edsticas dos produtos foram temas conversados.<\/p>\n<p>Confira alguns registros do dia!<\/p>\n<div><\/div>","protected":false},"excerpt":{"rendered":"<p>No dia dois de abril, promotores de venda Naturafrig se reuniram em S\u00e3o Paulo para uma capacita\u00e7\u00e3o com foco em processos de venda. O objetivo \u00e9 garantir que o atendimento oferecido nestes locais seja cada vez mais organizado e pr\u00e1tico, que auxilie e resolva d\u00favidas do cliente. Assuntos como conserva\u00e7\u00e3o do produto, como proceder com [&hellip;]<\/p>\n","protected":false},"author":1,"featured_media":865,"comment_status":"open","ping_status":"open","sticky":false,"template":"","format":"standard","meta":{"_acf_changed":false,"inline_featured_image":false,"footnotes":""},"categories":[1],"tags":[],"class_list":["post-862","post","type-post","status-publish","format-standard","has-post-thumbnail","hentry","category-noticias"],"acf":[],"yoast_head":"<!-- This site is optimized with the Yoast SEO plugin v27.5 - https:\/\/yoast.com\/product\/yoast-seo-wordpress\/ -->\n<title>Promotores de ponto de venda Naturafrig recebem treinamento para especializa\u00e7\u00e3o - Naturafrig Alimentos<\/title>\n<meta name=\"robots\" content=\"index, follow, max-snippet:-1, max-image-preview:large, max-video-preview:-1\" \/>\n<link rel=\"canonical\" href=\"https:\/\/www.naturafrig.com.br\/es\/promotores-de-ponto-de-venda-naturafrig-recebem-treinamento-para-especializacao\/\" \/>\n<meta property=\"og:locale\" content=\"es_ES\" \/>\n<meta property=\"og:type\" content=\"article\" \/>\n<meta property=\"og:title\" content=\"Promotores de ponto de venda Naturafrig recebem treinamento para especializa\u00e7\u00e3o - Naturafrig Alimentos\" \/>\n<meta property=\"og:description\" content=\"No dia dois de abril, promotores de venda Naturafrig se reuniram em S\u00e3o Paulo para uma capacita\u00e7\u00e3o com foco em processos de venda. O objetivo \u00e9 garantir que o atendimento oferecido nestes locais seja cada vez mais organizado e pr\u00e1tico, que auxilie e resolva d\u00favidas do cliente. Assuntos como conserva\u00e7\u00e3o do produto, como proceder com [&hellip;]\" \/>\n<meta property=\"og:url\" content=\"https:\/\/www.naturafrig.com.br\/es\/promotores-de-ponto-de-venda-naturafrig-recebem-treinamento-para-especializacao\/\" \/>\n<meta property=\"og:site_name\" content=\"Naturafrig Alimentos\" \/>\n<meta property=\"article:publisher\" content=\"https:\/\/www.facebook.com\/naturafrig\/\" \/>\n<meta property=\"article:published_time\" content=\"2019-04-17T17:38:58+00:00\" \/>\n<meta property=\"og:image\" content=\"https:\/\/www.naturafrig.com.br\/wp-content\/uploads\/2019\/04\/WhatsApp-Image-2019-04-16-at-09.17.55.jpeg\" \/>\n\t<meta property=\"og:image:width\" content=\"1280\" \/>\n\t<meta property=\"og:image:height\" content=\"960\" \/>\n\t<meta property=\"og:image:type\" content=\"image\/jpeg\" \/>\n<meta name=\"author\" content=\"naturafrig\" \/>\n<meta name=\"twitter:card\" content=\"summary_large_image\" \/>\n<meta name=\"twitter:label1\" content=\"Escrito por\" \/>\n\t<meta name=\"twitter:data1\" content=\"naturafrig\" \/>\n<script type=\"application\/ld+json\" class=\"yoast-schema-graph\">{\"@context\":\"https:\\\/\\\/schema.org\",\"@graph\":[{\"@type\":\"Article\",\"@id\":\"https:\\\/\\\/www.naturafrig.com.br\\\/promotores-de-ponto-de-venda-naturafrig-recebem-treinamento-para-especializacao\\\/#article\",\"isPartOf\":{\"@id\":\"https:\\\/\\\/www.naturafrig.com.br\\\/promotores-de-ponto-de-venda-naturafrig-recebem-treinamento-para-especializacao\\\/\"},\"author\":{\"name\":\"naturafrig\",\"@id\":\"https:\\\/\\\/www.naturafrig.com.br\\\/#\\\/schema\\\/person\\\/2236af56dd336b8153c73d7ce6952ffa\"},\"headline\":\"Promotores de ponto de venda Naturafrig recebem treinamento para especializa\u00e7\u00e3o\",\"datePublished\":\"2019-04-17T17:38:58+00:00\",\"mainEntityOfPage\":{\"@id\":\"https:\\\/\\\/www.naturafrig.com.br\\\/promotores-de-ponto-de-venda-naturafrig-recebem-treinamento-para-especializacao\\\/\"},\"wordCount\":87,\"commentCount\":0,\"publisher\":{\"@id\":\"https:\\\/\\\/www.naturafrig.com.br\\\/#organization\"},\"image\":{\"@id\":\"https:\\\/\\\/www.naturafrig.com.br\\\/promotores-de-ponto-de-venda-naturafrig-recebem-treinamento-para-especializacao\\\/#primaryimage\"},\"thumbnailUrl\":\"https:\\\/\\\/www.naturafrig.com.br\\\/wp-content\\\/uploads\\\/2019\\\/04\\\/WhatsApp-Image-2019-04-16-at-09.17.55.jpeg\",\"articleSection\":[\"Not\u00edcias\"],\"inLanguage\":\"es\"},{\"@type\":\"WebPage\",\"@id\":\"https:\\\/\\\/www.naturafrig.com.br\\\/promotores-de-ponto-de-venda-naturafrig-recebem-treinamento-para-especializacao\\\/\",\"url\":\"https:\\\/\\\/www.naturafrig.com.br\\\/promotores-de-ponto-de-venda-naturafrig-recebem-treinamento-para-especializacao\\\/\",\"name\":\"Promotores de ponto de venda Naturafrig recebem treinamento para especializa\u00e7\u00e3o - Naturafrig Alimentos\",\"isPartOf\":{\"@id\":\"https:\\\/\\\/www.naturafrig.com.br\\\/#website\"},\"primaryImageOfPage\":{\"@id\":\"https:\\\/\\\/www.naturafrig.com.br\\\/promotores-de-ponto-de-venda-naturafrig-recebem-treinamento-para-especializacao\\\/#primaryimage\"},\"image\":{\"@id\":\"https:\\\/\\\/www.naturafrig.com.br\\\/promotores-de-ponto-de-venda-naturafrig-recebem-treinamento-para-especializacao\\\/#primaryimage\"},\"thumbnailUrl\":\"https:\\\/\\\/www.naturafrig.com.br\\\/wp-content\\\/uploads\\\/2019\\\/04\\\/WhatsApp-Image-2019-04-16-at-09.17.55.jpeg\",\"datePublished\":\"2019-04-17T17:38:58+00:00\",\"breadcrumb\":{\"@id\":\"https:\\\/\\\/www.naturafrig.com.br\\\/promotores-de-ponto-de-venda-naturafrig-recebem-treinamento-para-especializacao\\\/#breadcrumb\"},\"inLanguage\":\"es\",\"potentialAction\":[{\"@type\":\"ReadAction\",\"target\":[\"https:\\\/\\\/www.naturafrig.com.br\\\/promotores-de-ponto-de-venda-naturafrig-recebem-treinamento-para-especializacao\\\/\"]}]},{\"@type\":\"ImageObject\",\"inLanguage\":\"es\",\"@id\":\"https:\\\/\\\/www.naturafrig.com.br\\\/promotores-de-ponto-de-venda-naturafrig-recebem-treinamento-para-especializacao\\\/#primaryimage\",\"url\":\"https:\\\/\\\/www.naturafrig.com.br\\\/wp-content\\\/uploads\\\/2019\\\/04\\\/WhatsApp-Image-2019-04-16-at-09.17.55.jpeg\",\"contentUrl\":\"https:\\\/\\\/www.naturafrig.com.br\\\/wp-content\\\/uploads\\\/2019\\\/04\\\/WhatsApp-Image-2019-04-16-at-09.17.55.jpeg\",\"width\":1280,\"height\":960},{\"@type\":\"BreadcrumbList\",\"@id\":\"https:\\\/\\\/www.naturafrig.com.br\\\/promotores-de-ponto-de-venda-naturafrig-recebem-treinamento-para-especializacao\\\/#breadcrumb\",\"itemListElement\":[{\"@type\":\"ListItem\",\"position\":1,\"name\":\"In\u00edcio\",\"item\":\"https:\\\/\\\/www.naturafrig.com.br\\\/\"},{\"@type\":\"ListItem\",\"position\":2,\"name\":\"Promotores de ponto de venda Naturafrig recebem treinamento para especializa\u00e7\u00e3o\"}]},{\"@type\":\"WebSite\",\"@id\":\"https:\\\/\\\/www.naturafrig.com.br\\\/#website\",\"url\":\"https:\\\/\\\/www.naturafrig.com.br\\\/\",\"name\":\"Naturafrig Alimentos\",\"description\":\"Qualidade em cada corte!\",\"publisher\":{\"@id\":\"https:\\\/\\\/www.naturafrig.com.br\\\/#organization\"},\"potentialAction\":[{\"@type\":\"SearchAction\",\"target\":{\"@type\":\"EntryPoint\",\"urlTemplate\":\"https:\\\/\\\/www.naturafrig.com.br\\\/?s={search_term_string}\"},\"query-input\":{\"@type\":\"PropertyValueSpecification\",\"valueRequired\":true,\"valueName\":\"search_term_string\"}}],\"inLanguage\":\"es\"},{\"@type\":\"Organization\",\"@id\":\"https:\\\/\\\/www.naturafrig.com.br\\\/#organization\",\"name\":\"Naturafrig Alimentos\",\"url\":\"https:\\\/\\\/www.naturafrig.com.br\\\/\",\"logo\":{\"@type\":\"ImageObject\",\"inLanguage\":\"es\",\"@id\":\"https:\\\/\\\/www.naturafrig.com.br\\\/#\\\/schema\\\/logo\\\/image\\\/\",\"url\":\"https:\\\/\\\/www.naturafrig.com.br\\\/wp-content\\\/uploads\\\/2025\\\/11\\\/logo_naturafrig.png\",\"contentUrl\":\"https:\\\/\\\/www.naturafrig.com.br\\\/wp-content\\\/uploads\\\/2025\\\/11\\\/logo_naturafrig.png\",\"width\":450,\"height\":220,\"caption\":\"Naturafrig Alimentos\"},\"image\":{\"@id\":\"https:\\\/\\\/www.naturafrig.com.br\\\/#\\\/schema\\\/logo\\\/image\\\/\"},\"sameAs\":[\"https:\\\/\\\/www.facebook.com\\\/naturafrig\\\/\"]},{\"@type\":\"Person\",\"@id\":\"https:\\\/\\\/www.naturafrig.com.br\\\/#\\\/schema\\\/person\\\/2236af56dd336b8153c73d7ce6952ffa\",\"name\":\"naturafrig\",\"image\":{\"@type\":\"ImageObject\",\"inLanguage\":\"es\",\"@id\":\"https:\\\/\\\/secure.gravatar.com\\\/avatar\\\/bf850200d24c8ad5ac328f455ea5424b4aab297cbdf824ea4518f2b240d94a64?s=96&d=mm&r=g\",\"url\":\"https:\\\/\\\/secure.gravatar.com\\\/avatar\\\/bf850200d24c8ad5ac328f455ea5424b4aab297cbdf824ea4518f2b240d94a64?s=96&d=mm&r=g\",\"contentUrl\":\"https:\\\/\\\/secure.gravatar.com\\\/avatar\\\/bf850200d24c8ad5ac328f455ea5424b4aab297cbdf824ea4518f2b240d94a64?s=96&d=mm&r=g\",\"caption\":\"naturafrig\"},\"sameAs\":[\"https:\\\/\\\/www.naturafrig.com.br\"],\"url\":\"https:\\\/\\\/www.naturafrig.com.br\\\/es\\\/author\\\/naturafrig\\\/\"}]}<\/script>\n<!-- \/ Yoast SEO plugin. -->","yoast_head_json":{"title":"Promotores de ponto de venda Naturafrig recebem treinamento para especializa\u00e7\u00e3o - Naturafrig Alimentos","robots":{"index":"index","follow":"follow","max-snippet":"max-snippet:-1","max-image-preview":"max-image-preview:large","max-video-preview":"max-video-preview:-1"},"canonical":"https:\/\/www.naturafrig.com.br\/es\/promotores-de-ponto-de-venda-naturafrig-recebem-treinamento-para-especializacao\/","og_locale":"es_ES","og_type":"article","og_title":"Promotores de ponto de venda Naturafrig recebem treinamento para especializa\u00e7\u00e3o - Naturafrig Alimentos","og_description":"No dia dois de abril, promotores de venda Naturafrig se reuniram em S\u00e3o Paulo para uma capacita\u00e7\u00e3o com foco em processos de venda. O objetivo \u00e9 garantir que o atendimento oferecido nestes locais seja cada vez mais organizado e pr\u00e1tico, que auxilie e resolva d\u00favidas do cliente. Assuntos como conserva\u00e7\u00e3o do produto, como proceder com [&hellip;]","og_url":"https:\/\/www.naturafrig.com.br\/es\/promotores-de-ponto-de-venda-naturafrig-recebem-treinamento-para-especializacao\/","og_site_name":"Naturafrig Alimentos","article_publisher":"https:\/\/www.facebook.com\/naturafrig\/","article_published_time":"2019-04-17T17:38:58+00:00","og_image":[{"width":1280,"height":960,"url":"https:\/\/www.naturafrig.com.br\/wp-content\/uploads\/2019\/04\/WhatsApp-Image-2019-04-16-at-09.17.55.jpeg","type":"image\/jpeg"}],"author":"naturafrig","twitter_card":"summary_large_image","twitter_misc":{"Escrito por":"naturafrig"},"schema":{"@context":"https:\/\/schema.org","@graph":[{"@type":"Article","@id":"https:\/\/www.naturafrig.com.br\/promotores-de-ponto-de-venda-naturafrig-recebem-treinamento-para-especializacao\/#article","isPartOf":{"@id":"https:\/\/www.naturafrig.com.br\/promotores-de-ponto-de-venda-naturafrig-recebem-treinamento-para-especializacao\/"},"author":{"name":"naturafrig","@id":"https:\/\/www.naturafrig.com.br\/#\/schema\/person\/2236af56dd336b8153c73d7ce6952ffa"},"headline":"Promotores de ponto de venda Naturafrig recebem treinamento para especializa\u00e7\u00e3o","datePublished":"2019-04-17T17:38:58+00:00","mainEntityOfPage":{"@id":"https:\/\/www.naturafrig.com.br\/promotores-de-ponto-de-venda-naturafrig-recebem-treinamento-para-especializacao\/"},"wordCount":87,"commentCount":0,"publisher":{"@id":"https:\/\/www.naturafrig.com.br\/#organization"},"image":{"@id":"https:\/\/www.naturafrig.com.br\/promotores-de-ponto-de-venda-naturafrig-recebem-treinamento-para-especializacao\/#primaryimage"},"thumbnailUrl":"https:\/\/www.naturafrig.com.br\/wp-content\/uploads\/2019\/04\/WhatsApp-Image-2019-04-16-at-09.17.55.jpeg","articleSection":["Not\u00edcias"],"inLanguage":"es"},{"@type":"WebPage","@id":"https:\/\/www.naturafrig.com.br\/promotores-de-ponto-de-venda-naturafrig-recebem-treinamento-para-especializacao\/","url":"https:\/\/www.naturafrig.com.br\/promotores-de-ponto-de-venda-naturafrig-recebem-treinamento-para-especializacao\/","name":"Promotores de ponto de venda Naturafrig recebem treinamento para especializa\u00e7\u00e3o - Naturafrig Alimentos","isPartOf":{"@id":"https:\/\/www.naturafrig.com.br\/#website"},"primaryImageOfPage":{"@id":"https:\/\/www.naturafrig.com.br\/promotores-de-ponto-de-venda-naturafrig-recebem-treinamento-para-especializacao\/#primaryimage"},"image":{"@id":"https:\/\/www.naturafrig.com.br\/promotores-de-ponto-de-venda-naturafrig-recebem-treinamento-para-especializacao\/#primaryimage"},"thumbnailUrl":"https:\/\/www.naturafrig.com.br\/wp-content\/uploads\/2019\/04\/WhatsApp-Image-2019-04-16-at-09.17.55.jpeg","datePublished":"2019-04-17T17:38:58+00:00","breadcrumb":{"@id":"https:\/\/www.naturafrig.com.br\/promotores-de-ponto-de-venda-naturafrig-recebem-treinamento-para-especializacao\/#breadcrumb"},"inLanguage":"es","potentialAction":[{"@type":"ReadAction","target":["https:\/\/www.naturafrig.com.br\/promotores-de-ponto-de-venda-naturafrig-recebem-treinamento-para-especializacao\/"]}]},{"@type":"ImageObject","inLanguage":"es","@id":"https:\/\/www.naturafrig.com.br\/promotores-de-ponto-de-venda-naturafrig-recebem-treinamento-para-especializacao\/#primaryimage","url":"https:\/\/www.naturafrig.com.br\/wp-content\/uploads\/2019\/04\/WhatsApp-Image-2019-04-16-at-09.17.55.jpeg","contentUrl":"https:\/\/www.naturafrig.com.br\/wp-content\/uploads\/2019\/04\/WhatsApp-Image-2019-04-16-at-09.17.55.jpeg","width":1280,"height":960},{"@type":"BreadcrumbList","@id":"https:\/\/www.naturafrig.com.br\/promotores-de-ponto-de-venda-naturafrig-recebem-treinamento-para-especializacao\/#breadcrumb","itemListElement":[{"@type":"ListItem","position":1,"name":"In\u00edcio","item":"https:\/\/www.naturafrig.com.br\/"},{"@type":"ListItem","position":2,"name":"Promotores de ponto de venda Naturafrig recebem treinamento para especializa\u00e7\u00e3o"}]},{"@type":"WebSite","@id":"https:\/\/www.naturafrig.com.br\/#website","url":"https:\/\/www.naturafrig.com.br\/","name":"Naturafrig Alimentos","description":"Qualidade em cada corte!","publisher":{"@id":"https:\/\/www.naturafrig.com.br\/#organization"},"potentialAction":[{"@type":"SearchAction","target":{"@type":"EntryPoint","urlTemplate":"https:\/\/www.naturafrig.com.br\/?s={search_term_string}"},"query-input":{"@type":"PropertyValueSpecification","valueRequired":true,"valueName":"search_term_string"}}],"inLanguage":"es"},{"@type":"Organization","@id":"https:\/\/www.naturafrig.com.br\/#organization","name":"Naturafrig Alimentos","url":"https:\/\/www.naturafrig.com.br\/","logo":{"@type":"ImageObject","inLanguage":"es","@id":"https:\/\/www.naturafrig.com.br\/#\/schema\/logo\/image\/","url":"https:\/\/www.naturafrig.com.br\/wp-content\/uploads\/2025\/11\/logo_naturafrig.png","contentUrl":"https:\/\/www.naturafrig.com.br\/wp-content\/uploads\/2025\/11\/logo_naturafrig.png","width":450,"height":220,"caption":"Naturafrig Alimentos"},"image":{"@id":"https:\/\/www.naturafrig.com.br\/#\/schema\/logo\/image\/"},"sameAs":["https:\/\/www.facebook.com\/naturafrig\/"]},{"@type":"Person","@id":"https:\/\/www.naturafrig.com.br\/#\/schema\/person\/2236af56dd336b8153c73d7ce6952ffa","name":"naturafrig","image":{"@type":"ImageObject","inLanguage":"es","@id":"https:\/\/secure.gravatar.com\/avatar\/bf850200d24c8ad5ac328f455ea5424b4aab297cbdf824ea4518f2b240d94a64?s=96&d=mm&r=g","url":"https:\/\/secure.gravatar.com\/avatar\/bf850200d24c8ad5ac328f455ea5424b4aab297cbdf824ea4518f2b240d94a64?s=96&d=mm&r=g","contentUrl":"https:\/\/secure.gravatar.com\/avatar\/bf850200d24c8ad5ac328f455ea5424b4aab297cbdf824ea4518f2b240d94a64?s=96&d=mm&r=g","caption":"naturafrig"},"sameAs":["https:\/\/www.naturafrig.com.br"],"url":"https:\/\/www.naturafrig.com.br\/es\/author\/naturafrig\/"}]}},"_links":{"self":[{"href":"https:\/\/www.naturafrig.com.br\/es\/wp-json\/wp\/v2\/posts\/862","targetHints":{"allow":["GET"]}}],"collection":[{"href":"https:\/\/www.naturafrig.com.br\/es\/wp-json\/wp\/v2\/posts"}],"about":[{"href":"https:\/\/www.naturafrig.com.br\/es\/wp-json\/wp\/v2\/types\/post"}],"author":[{"embeddable":true,"href":"https:\/\/www.naturafrig.com.br\/es\/wp-json\/wp\/v2\/users\/1"}],"replies":[{"embeddable":true,"href":"https:\/\/www.naturafrig.com.br\/es\/wp-json\/wp\/v2\/comments?post=862"}],"version-history":[{"count":0,"href":"https:\/\/www.naturafrig.com.br\/es\/wp-json\/wp\/v2\/posts\/862\/revisions"}],"wp:featuredmedia":[{"embeddable":true,"href":"https:\/\/www.naturafrig.com.br\/es\/wp-json\/wp\/v2\/media\/865"}],"wp:attachment":[{"href":"https:\/\/www.naturafrig.com.br\/es\/wp-json\/wp\/v2\/media?parent=862"}],"wp:term":[{"taxonomy":"category","embeddable":true,"href":"https:\/\/www.naturafrig.com.br\/es\/wp-json\/wp\/v2\/categories?post=862"},{"taxonomy":"post_tag","embeddable":true,"href":"https:\/\/www.naturafrig.com.br\/es\/wp-json\/wp\/v2\/tags?post=862"}],"curies":[{"name":"wp","href":"https:\/\/api.w.org\/{rel}","templated":true}]}}