{"id":12739,"date":"2026-01-16T21:51:04","date_gmt":"2026-01-17T00:51:04","guid":{"rendered":"https:\/\/www.naturafrig.com.br\/?p=12739"},"modified":"2026-01-16T21:51:04","modified_gmt":"2026-01-17T00:51:04","slug":"naturafrig-kids-day-movimenta-a-semana-da-crianca-com-programacao-especial","status":"publish","type":"post","link":"https:\/\/www.naturafrig.com.br\/zh\/naturafrig-kids-day-movimenta-a-semana-da-crianca-com-programacao-especial\/","title":{"rendered":"Naturafrig \u513f\u7ae5\u8282\u4ee5\u7279\u522b\u6d3b\u52a8\u70b9\u4eae\u513f\u7ae5\u5468"},"content":{"rendered":"<h3><em>Evento re\u00fane filhos de colaboradores para um dia de lazer, aprendizado e conscientiza\u00e7\u00e3o ambiental.<\/em><\/h3>\n<p class=\"s8\">Em outubro, a Naturafrig Alimentos promoveu mais uma edi\u00e7\u00e3o do tradicional Naturafrig Kids Day, evento que celebra o M\u00eas das Crian\u00e7as. A a\u00e7\u00e3o reuniu filhos de colaboradores (de 0 a 11 anos) e seus pais para um dia inesquec\u00edvel de entretenimento, educa\u00e7\u00e3o e conviv\u00eancia familiar.<\/p>\n<p class=\"s8\">O encontro contou com uma pra\u00e7a de alimenta\u00e7\u00e3o variada para garantir o conforto de todos. Enquanto as fam\u00edlias aproveitavam os lanches, as crian\u00e7as se divertiam em brinquedos e din\u00e2micas planejadas para diferentes faixas et\u00e1rias, estimulando a criatividade e a intera\u00e7\u00e3o social.<\/p>\n<p class=\"s8\">O Naturafrig Kids Day tamb\u00e9m promoveu concursos de incentivo. Estudantes com as melhores notas escolares ganharam uma visita guiada \u00e0s instala\u00e7\u00f5es da empresa para aprender sobre o processo de produ\u00e7\u00e3o de alimentos.<\/p>\n<p class=\"s8\">A express\u00e3o art\u00edstica foi valorizada em um concurso de desenhos, premiando as 10 melhores obras. Al\u00e9m disso, para fomentar a responsabilidade ecol\u00f3gica, crian\u00e7as que apresentaram objetos confeccionados com materiais recicl\u00e1veis tamb\u00e9m foram contempladas.<\/p>\n<p class=\"s8\">O Naturafrig Kids Day cumpre seu prop\u00f3sito de estreitar os v\u00ednculos entre empresa, colaboradores e sociedade. Ao focar em a\u00e7\u00f5es de reciclagem, a Naturafrig reafirma seu compromisso com a sustentabilidade e a preserva\u00e7\u00e3o ambiental.<\/p>","protected":false},"excerpt":{"rendered":"<p>Evento re\u00fane filhos de colaboradores para um dia de lazer, aprendizado e conscientiza\u00e7\u00e3o ambiental. Em outubro, a Naturafrig Alimentos promoveu mais uma edi\u00e7\u00e3o do tradicional Naturafrig Kids Day, evento que celebra o M\u00eas das Crian\u00e7as. A a\u00e7\u00e3o reuniu filhos de colaboradores (de 0 a 11 anos) e seus pais para um dia inesquec\u00edvel de entretenimento, [&hellip;]<\/p>\n","protected":false},"author":1,"featured_media":12740,"comment_status":"closed","ping_status":"closed","sticky":false,"template":"","format":"standard","meta":{"_acf_changed":false,"inline_featured_image":false,"footnotes":""},"categories":[1],"tags":[33,60,61],"class_list":["post-12739","post","type-post","status-publish","format-standard","has-post-thumbnail","hentry","category-noticias","tag-naturafrig","tag-naturafrig-kids-day","tag-semana-da-crianca"],"acf":[],"yoast_head":"<!-- This site is optimized with the Yoast SEO plugin v27.5 - https:\/\/yoast.com\/product\/yoast-seo-wordpress\/ -->\n<title>Naturafrig Kids Day movimenta a Semana da Crian\u00e7a com programa\u00e7\u00e3o especial - Naturafrig Alimentos<\/title>\n<meta name=\"robots\" content=\"index, follow, max-snippet:-1, max-image-preview:large, max-video-preview:-1\" \/>\n<link rel=\"canonical\" href=\"https:\/\/www.naturafrig.com.br\/zh\/naturafrig-kids-day-movimenta-a-semana-da-crianca-com-programacao-especial\/\" \/>\n<meta property=\"og:locale\" content=\"zh_CN\" \/>\n<meta property=\"og:type\" content=\"article\" \/>\n<meta property=\"og:title\" content=\"Naturafrig Kids Day movimenta a Semana da Crian\u00e7a com programa\u00e7\u00e3o especial - Naturafrig Alimentos\" \/>\n<meta property=\"og:description\" content=\"Evento re\u00fane filhos de colaboradores para um dia de lazer, aprendizado e conscientiza\u00e7\u00e3o ambiental. Em outubro, a Naturafrig Alimentos promoveu mais uma edi\u00e7\u00e3o do tradicional Naturafrig Kids Day, evento que celebra o M\u00eas das Crian\u00e7as. A a\u00e7\u00e3o reuniu filhos de colaboradores (de 0 a 11 anos) e seus pais para um dia inesquec\u00edvel de entretenimento, [&hellip;]\" \/>\n<meta property=\"og:url\" content=\"https:\/\/www.naturafrig.com.br\/zh\/naturafrig-kids-day-movimenta-a-semana-da-crianca-com-programacao-especial\/\" \/>\n<meta property=\"og:site_name\" content=\"Naturafrig Alimentos\" \/>\n<meta property=\"article:publisher\" content=\"https:\/\/www.facebook.com\/naturafrig\/\" \/>\n<meta property=\"article:published_time\" content=\"2026-01-17T00:51:04+00:00\" \/>\n<meta property=\"og:image\" content=\"https:\/\/www.naturafrig.com.br\/wp-content\/uploads\/2026\/01\/kidsday.jpg\" \/>\n\t<meta property=\"og:image:width\" content=\"800\" \/>\n\t<meta property=\"og:image:height\" content=\"571\" \/>\n\t<meta property=\"og:image:type\" content=\"image\/jpeg\" \/>\n<meta name=\"author\" content=\"naturafrig\" \/>\n<meta name=\"twitter:card\" content=\"summary_large_image\" \/>\n<meta name=\"twitter:label1\" content=\"\u4f5c\u8005\" \/>\n\t<meta name=\"twitter:data1\" content=\"naturafrig\" \/>\n\t<meta name=\"twitter:label2\" content=\"\u9884\u8ba1\u9605\u8bfb\u65f6\u95f4\" \/>\n\t<meta name=\"twitter:data2\" content=\"2 \u5206\" \/>\n<script type=\"application\/ld+json\" class=\"yoast-schema-graph\">{\"@context\":\"https:\\\/\\\/schema.org\",\"@graph\":[{\"@type\":\"Article\",\"@id\":\"https:\\\/\\\/www.naturafrig.com.br\\\/naturafrig-kids-day-movimenta-a-semana-da-crianca-com-programacao-especial\\\/#article\",\"isPartOf\":{\"@id\":\"https:\\\/\\\/www.naturafrig.com.br\\\/naturafrig-kids-day-movimenta-a-semana-da-crianca-com-programacao-especial\\\/\"},\"author\":{\"name\":\"naturafrig\",\"@id\":\"https:\\\/\\\/www.naturafrig.com.br\\\/#\\\/schema\\\/person\\\/2236af56dd336b8153c73d7ce6952ffa\"},\"headline\":\"Naturafrig Kids Day movimenta a Semana da Crian\u00e7a com programa\u00e7\u00e3o especial\",\"datePublished\":\"2026-01-17T00:51:04+00:00\",\"mainEntityOfPage\":{\"@id\":\"https:\\\/\\\/www.naturafrig.com.br\\\/naturafrig-kids-day-movimenta-a-semana-da-crianca-com-programacao-especial\\\/\"},\"wordCount\":239,\"publisher\":{\"@id\":\"https:\\\/\\\/www.naturafrig.com.br\\\/#organization\"},\"image\":{\"@id\":\"https:\\\/\\\/www.naturafrig.com.br\\\/naturafrig-kids-day-movimenta-a-semana-da-crianca-com-programacao-especial\\\/#primaryimage\"},\"thumbnailUrl\":\"https:\\\/\\\/www.naturafrig.com.br\\\/wp-content\\\/uploads\\\/2026\\\/01\\\/kidsday.jpg\",\"keywords\":[\"Naturafrig\",\"Naturafrig Kids Day\",\"Semana da Crian\u00e7a\"],\"articleSection\":[\"Not\u00edcias\"],\"inLanguage\":\"zh-Hans\"},{\"@type\":\"WebPage\",\"@id\":\"https:\\\/\\\/www.naturafrig.com.br\\\/naturafrig-kids-day-movimenta-a-semana-da-crianca-com-programacao-especial\\\/\",\"url\":\"https:\\\/\\\/www.naturafrig.com.br\\\/naturafrig-kids-day-movimenta-a-semana-da-crianca-com-programacao-especial\\\/\",\"name\":\"Naturafrig Kids Day movimenta a Semana da Crian\u00e7a com programa\u00e7\u00e3o especial - Naturafrig Alimentos\",\"isPartOf\":{\"@id\":\"https:\\\/\\\/www.naturafrig.com.br\\\/#website\"},\"primaryImageOfPage\":{\"@id\":\"https:\\\/\\\/www.naturafrig.com.br\\\/naturafrig-kids-day-movimenta-a-semana-da-crianca-com-programacao-especial\\\/#primaryimage\"},\"image\":{\"@id\":\"https:\\\/\\\/www.naturafrig.com.br\\\/naturafrig-kids-day-movimenta-a-semana-da-crianca-com-programacao-especial\\\/#primaryimage\"},\"thumbnailUrl\":\"https:\\\/\\\/www.naturafrig.com.br\\\/wp-content\\\/uploads\\\/2026\\\/01\\\/kidsday.jpg\",\"datePublished\":\"2026-01-17T00:51:04+00:00\",\"breadcrumb\":{\"@id\":\"https:\\\/\\\/www.naturafrig.com.br\\\/naturafrig-kids-day-movimenta-a-semana-da-crianca-com-programacao-especial\\\/#breadcrumb\"},\"inLanguage\":\"zh-Hans\",\"potentialAction\":[{\"@type\":\"ReadAction\",\"target\":[\"https:\\\/\\\/www.naturafrig.com.br\\\/naturafrig-kids-day-movimenta-a-semana-da-crianca-com-programacao-especial\\\/\"]}]},{\"@type\":\"ImageObject\",\"inLanguage\":\"zh-Hans\",\"@id\":\"https:\\\/\\\/www.naturafrig.com.br\\\/naturafrig-kids-day-movimenta-a-semana-da-crianca-com-programacao-especial\\\/#primaryimage\",\"url\":\"https:\\\/\\\/www.naturafrig.com.br\\\/wp-content\\\/uploads\\\/2026\\\/01\\\/kidsday.jpg\",\"contentUrl\":\"https:\\\/\\\/www.naturafrig.com.br\\\/wp-content\\\/uploads\\\/2026\\\/01\\\/kidsday.jpg\",\"width\":800,\"height\":571},{\"@type\":\"BreadcrumbList\",\"@id\":\"https:\\\/\\\/www.naturafrig.com.br\\\/naturafrig-kids-day-movimenta-a-semana-da-crianca-com-programacao-especial\\\/#breadcrumb\",\"itemListElement\":[{\"@type\":\"ListItem\",\"position\":1,\"name\":\"In\u00edcio\",\"item\":\"https:\\\/\\\/www.naturafrig.com.br\\\/\"},{\"@type\":\"ListItem\",\"position\":2,\"name\":\"Naturafrig Kids Day movimenta a Semana da Crian\u00e7a com programa\u00e7\u00e3o especial\"}]},{\"@type\":\"WebSite\",\"@id\":\"https:\\\/\\\/www.naturafrig.com.br\\\/#website\",\"url\":\"https:\\\/\\\/www.naturafrig.com.br\\\/\",\"name\":\"Naturafrig Alimentos\",\"description\":\"Qualidade em cada corte!\",\"publisher\":{\"@id\":\"https:\\\/\\\/www.naturafrig.com.br\\\/#organization\"},\"potentialAction\":[{\"@type\":\"SearchAction\",\"target\":{\"@type\":\"EntryPoint\",\"urlTemplate\":\"https:\\\/\\\/www.naturafrig.com.br\\\/?s={search_term_string}\"},\"query-input\":{\"@type\":\"PropertyValueSpecification\",\"valueRequired\":true,\"valueName\":\"search_term_string\"}}],\"inLanguage\":\"zh-Hans\"},{\"@type\":\"Organization\",\"@id\":\"https:\\\/\\\/www.naturafrig.com.br\\\/#organization\",\"name\":\"Naturafrig Alimentos\",\"url\":\"https:\\\/\\\/www.naturafrig.com.br\\\/\",\"logo\":{\"@type\":\"ImageObject\",\"inLanguage\":\"zh-Hans\",\"@id\":\"https:\\\/\\\/www.naturafrig.com.br\\\/#\\\/schema\\\/logo\\\/image\\\/\",\"url\":\"https:\\\/\\\/www.naturafrig.com.br\\\/wp-content\\\/uploads\\\/2025\\\/11\\\/logo_naturafrig.png\",\"contentUrl\":\"https:\\\/\\\/www.naturafrig.com.br\\\/wp-content\\\/uploads\\\/2025\\\/11\\\/logo_naturafrig.png\",\"width\":450,\"height\":220,\"caption\":\"Naturafrig Alimentos\"},\"image\":{\"@id\":\"https:\\\/\\\/www.naturafrig.com.br\\\/#\\\/schema\\\/logo\\\/image\\\/\"},\"sameAs\":[\"https:\\\/\\\/www.facebook.com\\\/naturafrig\\\/\"]},{\"@type\":\"Person\",\"@id\":\"https:\\\/\\\/www.naturafrig.com.br\\\/#\\\/schema\\\/person\\\/2236af56dd336b8153c73d7ce6952ffa\",\"name\":\"naturafrig\",\"image\":{\"@type\":\"ImageObject\",\"inLanguage\":\"zh-Hans\",\"@id\":\"https:\\\/\\\/secure.gravatar.com\\\/avatar\\\/bf850200d24c8ad5ac328f455ea5424b4aab297cbdf824ea4518f2b240d94a64?s=96&d=mm&r=g\",\"url\":\"https:\\\/\\\/secure.gravatar.com\\\/avatar\\\/bf850200d24c8ad5ac328f455ea5424b4aab297cbdf824ea4518f2b240d94a64?s=96&d=mm&r=g\",\"contentUrl\":\"https:\\\/\\\/secure.gravatar.com\\\/avatar\\\/bf850200d24c8ad5ac328f455ea5424b4aab297cbdf824ea4518f2b240d94a64?s=96&d=mm&r=g\",\"caption\":\"naturafrig\"},\"sameAs\":[\"https:\\\/\\\/www.naturafrig.com.br\"],\"url\":\"https:\\\/\\\/www.naturafrig.com.br\\\/zh\\\/author\\\/naturafrig\\\/\"}]}<\/script>\n<!-- \/ Yoast SEO plugin. -->","yoast_head_json":{"title":"Naturafrig Kids Day movimenta a Semana da Crian\u00e7a com programa\u00e7\u00e3o especial - Naturafrig Alimentos","robots":{"index":"index","follow":"follow","max-snippet":"max-snippet:-1","max-image-preview":"max-image-preview:large","max-video-preview":"max-video-preview:-1"},"canonical":"https:\/\/www.naturafrig.com.br\/zh\/naturafrig-kids-day-movimenta-a-semana-da-crianca-com-programacao-especial\/","og_locale":"zh_CN","og_type":"article","og_title":"Naturafrig Kids Day movimenta a Semana da Crian\u00e7a com programa\u00e7\u00e3o especial - Naturafrig Alimentos","og_description":"Evento re\u00fane filhos de colaboradores para um dia de lazer, aprendizado e conscientiza\u00e7\u00e3o ambiental. Em outubro, a Naturafrig Alimentos promoveu mais uma edi\u00e7\u00e3o do tradicional Naturafrig Kids Day, evento que celebra o M\u00eas das Crian\u00e7as. A a\u00e7\u00e3o reuniu filhos de colaboradores (de 0 a 11 anos) e seus pais para um dia inesquec\u00edvel de entretenimento, [&hellip;]","og_url":"https:\/\/www.naturafrig.com.br\/zh\/naturafrig-kids-day-movimenta-a-semana-da-crianca-com-programacao-especial\/","og_site_name":"Naturafrig Alimentos","article_publisher":"https:\/\/www.facebook.com\/naturafrig\/","article_published_time":"2026-01-17T00:51:04+00:00","og_image":[{"width":800,"height":571,"url":"https:\/\/www.naturafrig.com.br\/wp-content\/uploads\/2026\/01\/kidsday.jpg","type":"image\/jpeg"}],"author":"naturafrig","twitter_card":"summary_large_image","twitter_misc":{"\u4f5c\u8005":"naturafrig","\u9884\u8ba1\u9605\u8bfb\u65f6\u95f4":"2 \u5206"},"schema":{"@context":"https:\/\/schema.org","@graph":[{"@type":"Article","@id":"https:\/\/www.naturafrig.com.br\/naturafrig-kids-day-movimenta-a-semana-da-crianca-com-programacao-especial\/#article","isPartOf":{"@id":"https:\/\/www.naturafrig.com.br\/naturafrig-kids-day-movimenta-a-semana-da-crianca-com-programacao-especial\/"},"author":{"name":"naturafrig","@id":"https:\/\/www.naturafrig.com.br\/#\/schema\/person\/2236af56dd336b8153c73d7ce6952ffa"},"headline":"Naturafrig Kids Day movimenta a Semana da Crian\u00e7a com programa\u00e7\u00e3o especial","datePublished":"2026-01-17T00:51:04+00:00","mainEntityOfPage":{"@id":"https:\/\/www.naturafrig.com.br\/naturafrig-kids-day-movimenta-a-semana-da-crianca-com-programacao-especial\/"},"wordCount":239,"publisher":{"@id":"https:\/\/www.naturafrig.com.br\/#organization"},"image":{"@id":"https:\/\/www.naturafrig.com.br\/naturafrig-kids-day-movimenta-a-semana-da-crianca-com-programacao-especial\/#primaryimage"},"thumbnailUrl":"https:\/\/www.naturafrig.com.br\/wp-content\/uploads\/2026\/01\/kidsday.jpg","keywords":["Naturafrig","Naturafrig Kids Day","Semana da Crian\u00e7a"],"articleSection":["Not\u00edcias"],"inLanguage":"zh-Hans"},{"@type":"WebPage","@id":"https:\/\/www.naturafrig.com.br\/naturafrig-kids-day-movimenta-a-semana-da-crianca-com-programacao-especial\/","url":"https:\/\/www.naturafrig.com.br\/naturafrig-kids-day-movimenta-a-semana-da-crianca-com-programacao-especial\/","name":"Naturafrig Kids Day movimenta a Semana da Crian\u00e7a com programa\u00e7\u00e3o especial - Naturafrig Alimentos","isPartOf":{"@id":"https:\/\/www.naturafrig.com.br\/#website"},"primaryImageOfPage":{"@id":"https:\/\/www.naturafrig.com.br\/naturafrig-kids-day-movimenta-a-semana-da-crianca-com-programacao-especial\/#primaryimage"},"image":{"@id":"https:\/\/www.naturafrig.com.br\/naturafrig-kids-day-movimenta-a-semana-da-crianca-com-programacao-especial\/#primaryimage"},"thumbnailUrl":"https:\/\/www.naturafrig.com.br\/wp-content\/uploads\/2026\/01\/kidsday.jpg","datePublished":"2026-01-17T00:51:04+00:00","breadcrumb":{"@id":"https:\/\/www.naturafrig.com.br\/naturafrig-kids-day-movimenta-a-semana-da-crianca-com-programacao-especial\/#breadcrumb"},"inLanguage":"zh-Hans","potentialAction":[{"@type":"ReadAction","target":["https:\/\/www.naturafrig.com.br\/naturafrig-kids-day-movimenta-a-semana-da-crianca-com-programacao-especial\/"]}]},{"@type":"ImageObject","inLanguage":"zh-Hans","@id":"https:\/\/www.naturafrig.com.br\/naturafrig-kids-day-movimenta-a-semana-da-crianca-com-programacao-especial\/#primaryimage","url":"https:\/\/www.naturafrig.com.br\/wp-content\/uploads\/2026\/01\/kidsday.jpg","contentUrl":"https:\/\/www.naturafrig.com.br\/wp-content\/uploads\/2026\/01\/kidsday.jpg","width":800,"height":571},{"@type":"BreadcrumbList","@id":"https:\/\/www.naturafrig.com.br\/naturafrig-kids-day-movimenta-a-semana-da-crianca-com-programacao-especial\/#breadcrumb","itemListElement":[{"@type":"ListItem","position":1,"name":"In\u00edcio","item":"https:\/\/www.naturafrig.com.br\/"},{"@type":"ListItem","position":2,"name":"Naturafrig Kids Day movimenta a Semana da Crian\u00e7a com programa\u00e7\u00e3o especial"}]},{"@type":"WebSite","@id":"https:\/\/www.naturafrig.com.br\/#website","url":"https:\/\/www.naturafrig.com.br\/","name":"Naturafrig Alimentos","description":"Qualidade em cada corte!","publisher":{"@id":"https:\/\/www.naturafrig.com.br\/#organization"},"potentialAction":[{"@type":"SearchAction","target":{"@type":"EntryPoint","urlTemplate":"https:\/\/www.naturafrig.com.br\/?s={search_term_string}"},"query-input":{"@type":"PropertyValueSpecification","valueRequired":true,"valueName":"search_term_string"}}],"inLanguage":"zh-Hans"},{"@type":"Organization","@id":"https:\/\/www.naturafrig.com.br\/#organization","name":"Naturafrig Alimentos","url":"https:\/\/www.naturafrig.com.br\/","logo":{"@type":"ImageObject","inLanguage":"zh-Hans","@id":"https:\/\/www.naturafrig.com.br\/#\/schema\/logo\/image\/","url":"https:\/\/www.naturafrig.com.br\/wp-content\/uploads\/2025\/11\/logo_naturafrig.png","contentUrl":"https:\/\/www.naturafrig.com.br\/wp-content\/uploads\/2025\/11\/logo_naturafrig.png","width":450,"height":220,"caption":"Naturafrig Alimentos"},"image":{"@id":"https:\/\/www.naturafrig.com.br\/#\/schema\/logo\/image\/"},"sameAs":["https:\/\/www.facebook.com\/naturafrig\/"]},{"@type":"Person","@id":"https:\/\/www.naturafrig.com.br\/#\/schema\/person\/2236af56dd336b8153c73d7ce6952ffa","name":"naturafrig","image":{"@type":"ImageObject","inLanguage":"zh-Hans","@id":"https:\/\/secure.gravatar.com\/avatar\/bf850200d24c8ad5ac328f455ea5424b4aab297cbdf824ea4518f2b240d94a64?s=96&d=mm&r=g","url":"https:\/\/secure.gravatar.com\/avatar\/bf850200d24c8ad5ac328f455ea5424b4aab297cbdf824ea4518f2b240d94a64?s=96&d=mm&r=g","contentUrl":"https:\/\/secure.gravatar.com\/avatar\/bf850200d24c8ad5ac328f455ea5424b4aab297cbdf824ea4518f2b240d94a64?s=96&d=mm&r=g","caption":"naturafrig"},"sameAs":["https:\/\/www.naturafrig.com.br"],"url":"https:\/\/www.naturafrig.com.br\/zh\/author\/naturafrig\/"}]}},"_links":{"self":[{"href":"https:\/\/www.naturafrig.com.br\/zh\/wp-json\/wp\/v2\/posts\/12739","targetHints":{"allow":["GET"]}}],"collection":[{"href":"https:\/\/www.naturafrig.com.br\/zh\/wp-json\/wp\/v2\/posts"}],"about":[{"href":"https:\/\/www.naturafrig.com.br\/zh\/wp-json\/wp\/v2\/types\/post"}],"author":[{"embeddable":true,"href":"https:\/\/www.naturafrig.com.br\/zh\/wp-json\/wp\/v2\/users\/1"}],"replies":[{"embeddable":true,"href":"https:\/\/www.naturafrig.com.br\/zh\/wp-json\/wp\/v2\/comments?post=12739"}],"version-history":[{"count":1,"href":"https:\/\/www.naturafrig.com.br\/zh\/wp-json\/wp\/v2\/posts\/12739\/revisions"}],"predecessor-version":[{"id":12741,"href":"https:\/\/www.naturafrig.com.br\/zh\/wp-json\/wp\/v2\/posts\/12739\/revisions\/12741"}],"wp:featuredmedia":[{"embeddable":true,"href":"https:\/\/www.naturafrig.com.br\/zh\/wp-json\/wp\/v2\/media\/12740"}],"wp:attachment":[{"href":"https:\/\/www.naturafrig.com.br\/zh\/wp-json\/wp\/v2\/media?parent=12739"}],"wp:term":[{"taxonomy":"category","embeddable":true,"href":"https:\/\/www.naturafrig.com.br\/zh\/wp-json\/wp\/v2\/categories?post=12739"},{"taxonomy":"post_tag","embeddable":true,"href":"https:\/\/www.naturafrig.com.br\/zh\/wp-json\/wp\/v2\/tags?post=12739"}],"curies":[{"name":"wp","href":"https:\/\/api.w.org\/{rel}","templated":true}]}}