{"id":12753,"date":"2026-01-16T21:50:58","date_gmt":"2026-01-17T00:50:58","guid":{"rendered":"https:\/\/www.naturafrig.com.br\/?p=12753"},"modified":"2026-01-21T11:49:43","modified_gmt":"2026-01-21T14:49:43","slug":"naturafrig-promove-acoes-de-conscientizacao-e-saude-preventiva-para-colaboradores","status":"publish","type":"post","link":"https:\/\/www.naturafrig.com.br\/zh\/naturafrig-promove-acoes-de-conscientizacao-e-saude-preventiva-para-colaboradores\/","title":{"rendered":"Naturafrig promove a\u00e7\u00f5es de conscientiza\u00e7\u00e3o e sa\u00fade preventiva para colaboradores"},"content":{"rendered":"<h3><em><span class=\"s6\">A A\u00e7\u00e3o integra campanhas do <\/span><span class=\"s6\">Outubro<\/span><span class=\"s6\"> Rosa e <\/span><span class=\"s6\">Novembro<\/span><span class=\"s6\"> Azul, oferecendo exames, consultas e atendimento especializado em todas as unidades.<\/span><\/em><\/h3>\n<p class=\"s8\">Reafirmando o compromisso com o bem-estar e o autocuidado, a Naturafrig promoveu uma s\u00e9rie de atividades voltadas \u00e0 sa\u00fade em suas quatro unidades. A iniciativa integrou as campanhas de conscientiza\u00e7\u00e3o sobre o c\u00e2ncer de mama e de pr\u00f3stata, mobilizando equipes em prol da preven\u00e7\u00e3o.<\/p>\n<p class=\"s8\">A a\u00e7\u00e3o ofereceu exames essenciais e consultas especializadas. Com o apoio da Secretaria Municipal de Sa\u00fade, uma equipe multidisciplinar composta por m\u00e9dicos, enfermeiros, t\u00e9cnicos e dentistas realizou atendimentos focados na sa\u00fade integral e na detec\u00e7\u00e3o precoce de patologias, com aten\u00e7\u00e3o especial ao c\u00e2ncer de pr\u00f3stata.<\/p>\n<p class=\"s8\">Em parceria com o Hospital de Amor de Nova Andradina (MS), uma unidade m\u00f3vel (carreta) atendeu as colaboradoras, realizando mamografias e exames de Papanicolau. O objetivo foi sensibilizar homens e mulheres sobre a import\u00e2ncia do diagn\u00f3stico antecipado, fator decisivo para o sucesso do tratamento do c\u00e2ncer de mama, colo do \u00fatero e pr\u00f3stata.<\/p>\n<p class=\"s8\">A relev\u00e2ncia da a\u00e7\u00e3o \u00e9 sustentada por dados do Minist\u00e9rio da Sa\u00fade: em 2023, o Brasil estimou mais de 73 mil novos casos de c\u00e2ncer de mama. J\u00e1 em rela\u00e7\u00e3o ao p\u00fablico masculino, o c\u00e2ncer de pr\u00f3stata segue como a segunda maior causa de \u00f3bito por c\u00e2ncer entre homens, vitimando cerca de 42 pessoas diariamente no pa\u00eds.<\/p>","protected":false},"excerpt":{"rendered":"<p>A A\u00e7\u00e3o integra campanhas do Outubro Rosa e Novembro Azul, oferecendo exames, consultas e atendimento especializado em todas as unidades. Reafirmando o compromisso com o bem-estar e o autocuidado, a Naturafrig promoveu uma s\u00e9rie de atividades voltadas \u00e0 sa\u00fade em suas quatro unidades. A iniciativa integrou as campanhas de conscientiza\u00e7\u00e3o sobre o c\u00e2ncer de mama [&hellip;]<\/p>\n","protected":false},"author":1,"featured_media":12754,"comment_status":"closed","ping_status":"closed","sticky":false,"template":"","format":"standard","meta":{"_acf_changed":false,"inline_featured_image":false,"footnotes":""},"categories":[1],"tags":[33,70,71,72,73],"class_list":["post-12753","post","type-post","status-publish","format-standard","has-post-thumbnail","hentry","category-noticias","tag-naturafrig","tag-novembro-azul","tag-outubro-rosa","tag-consultas","tag-exames"],"acf":[],"yoast_head":"<!-- This site is optimized with the Yoast SEO plugin v27.5 - https:\/\/yoast.com\/product\/yoast-seo-wordpress\/ -->\n<title>Naturafrig promove a\u00e7\u00f5es de conscientiza\u00e7\u00e3o e sa\u00fade preventiva para colaboradores - Naturafrig Alimentos<\/title>\n<meta name=\"robots\" content=\"index, follow, max-snippet:-1, max-image-preview:large, max-video-preview:-1\" \/>\n<link rel=\"canonical\" href=\"https:\/\/www.naturafrig.com.br\/zh\/naturafrig-promove-acoes-de-conscientizacao-e-saude-preventiva-para-colaboradores\/\" \/>\n<meta property=\"og:locale\" content=\"zh_CN\" \/>\n<meta property=\"og:type\" content=\"article\" \/>\n<meta property=\"og:title\" content=\"Naturafrig promove a\u00e7\u00f5es de conscientiza\u00e7\u00e3o e sa\u00fade preventiva para colaboradores - Naturafrig Alimentos\" \/>\n<meta property=\"og:description\" content=\"A A\u00e7\u00e3o integra campanhas do Outubro Rosa e Novembro Azul, oferecendo exames, consultas e atendimento especializado em todas as unidades. Reafirmando o compromisso com o bem-estar e o autocuidado, a Naturafrig promoveu uma s\u00e9rie de atividades voltadas \u00e0 sa\u00fade em suas quatro unidades. A iniciativa integrou as campanhas de conscientiza\u00e7\u00e3o sobre o c\u00e2ncer de mama [&hellip;]\" \/>\n<meta property=\"og:url\" content=\"https:\/\/www.naturafrig.com.br\/zh\/naturafrig-promove-acoes-de-conscientizacao-e-saude-preventiva-para-colaboradores\/\" \/>\n<meta property=\"og:site_name\" content=\"Naturafrig Alimentos\" \/>\n<meta property=\"article:publisher\" content=\"https:\/\/www.facebook.com\/naturafrig\/\" \/>\n<meta property=\"article:published_time\" content=\"2026-01-17T00:50:58+00:00\" \/>\n<meta property=\"article:modified_time\" content=\"2026-01-21T14:49:43+00:00\" \/>\n<meta property=\"og:image\" content=\"https:\/\/www.naturafrig.com.br\/wp-content\/uploads\/2026\/01\/WhatsApp-Image-2026-01-16-at-14.50.13.jpeg\" \/>\n\t<meta property=\"og:image:width\" content=\"1600\" \/>\n\t<meta property=\"og:image:height\" content=\"1200\" \/>\n\t<meta property=\"og:image:type\" content=\"image\/jpeg\" \/>\n<meta name=\"author\" content=\"naturafrig\" \/>\n<meta name=\"twitter:card\" content=\"summary_large_image\" \/>\n<meta name=\"twitter:label1\" content=\"\u4f5c\u8005\" \/>\n\t<meta name=\"twitter:data1\" content=\"naturafrig\" \/>\n\t<meta name=\"twitter:label2\" content=\"\u9884\u8ba1\u9605\u8bfb\u65f6\u95f4\" \/>\n\t<meta name=\"twitter:data2\" content=\"2 \u5206\" \/>\n<script type=\"application\/ld+json\" class=\"yoast-schema-graph\">{\"@context\":\"https:\\\/\\\/schema.org\",\"@graph\":[{\"@type\":\"Article\",\"@id\":\"https:\\\/\\\/www.naturafrig.com.br\\\/naturafrig-promove-acoes-de-conscientizacao-e-saude-preventiva-para-colaboradores\\\/#article\",\"isPartOf\":{\"@id\":\"https:\\\/\\\/www.naturafrig.com.br\\\/naturafrig-promove-acoes-de-conscientizacao-e-saude-preventiva-para-colaboradores\\\/\"},\"author\":{\"name\":\"naturafrig\",\"@id\":\"https:\\\/\\\/www.naturafrig.com.br\\\/#\\\/schema\\\/person\\\/2236af56dd336b8153c73d7ce6952ffa\"},\"headline\":\"Naturafrig promove a\u00e7\u00f5es de conscientiza\u00e7\u00e3o e sa\u00fade preventiva para colaboradores\",\"datePublished\":\"2026-01-17T00:50:58+00:00\",\"dateModified\":\"2026-01-21T14:49:43+00:00\",\"mainEntityOfPage\":{\"@id\":\"https:\\\/\\\/www.naturafrig.com.br\\\/naturafrig-promove-acoes-de-conscientizacao-e-saude-preventiva-para-colaboradores\\\/\"},\"wordCount\":259,\"publisher\":{\"@id\":\"https:\\\/\\\/www.naturafrig.com.br\\\/#organization\"},\"image\":{\"@id\":\"https:\\\/\\\/www.naturafrig.com.br\\\/naturafrig-promove-acoes-de-conscientizacao-e-saude-preventiva-para-colaboradores\\\/#primaryimage\"},\"thumbnailUrl\":\"https:\\\/\\\/www.naturafrig.com.br\\\/wp-content\\\/uploads\\\/2026\\\/01\\\/WhatsApp-Image-2026-01-16-at-14.50.13.jpeg\",\"keywords\":[\"Naturafrig\",\"Novembro Azul\",\"Outubro Rosa\",\"consultas\",\"exames\"],\"articleSection\":[\"Not\u00edcias\"],\"inLanguage\":\"zh-Hans\"},{\"@type\":\"WebPage\",\"@id\":\"https:\\\/\\\/www.naturafrig.com.br\\\/naturafrig-promove-acoes-de-conscientizacao-e-saude-preventiva-para-colaboradores\\\/\",\"url\":\"https:\\\/\\\/www.naturafrig.com.br\\\/naturafrig-promove-acoes-de-conscientizacao-e-saude-preventiva-para-colaboradores\\\/\",\"name\":\"Naturafrig promove a\u00e7\u00f5es de conscientiza\u00e7\u00e3o e sa\u00fade preventiva para colaboradores - Naturafrig Alimentos\",\"isPartOf\":{\"@id\":\"https:\\\/\\\/www.naturafrig.com.br\\\/#website\"},\"primaryImageOfPage\":{\"@id\":\"https:\\\/\\\/www.naturafrig.com.br\\\/naturafrig-promove-acoes-de-conscientizacao-e-saude-preventiva-para-colaboradores\\\/#primaryimage\"},\"image\":{\"@id\":\"https:\\\/\\\/www.naturafrig.com.br\\\/naturafrig-promove-acoes-de-conscientizacao-e-saude-preventiva-para-colaboradores\\\/#primaryimage\"},\"thumbnailUrl\":\"https:\\\/\\\/www.naturafrig.com.br\\\/wp-content\\\/uploads\\\/2026\\\/01\\\/WhatsApp-Image-2026-01-16-at-14.50.13.jpeg\",\"datePublished\":\"2026-01-17T00:50:58+00:00\",\"dateModified\":\"2026-01-21T14:49:43+00:00\",\"breadcrumb\":{\"@id\":\"https:\\\/\\\/www.naturafrig.com.br\\\/naturafrig-promove-acoes-de-conscientizacao-e-saude-preventiva-para-colaboradores\\\/#breadcrumb\"},\"inLanguage\":\"zh-Hans\",\"potentialAction\":[{\"@type\":\"ReadAction\",\"target\":[\"https:\\\/\\\/www.naturafrig.com.br\\\/naturafrig-promove-acoes-de-conscientizacao-e-saude-preventiva-para-colaboradores\\\/\"]}]},{\"@type\":\"ImageObject\",\"inLanguage\":\"zh-Hans\",\"@id\":\"https:\\\/\\\/www.naturafrig.com.br\\\/naturafrig-promove-acoes-de-conscientizacao-e-saude-preventiva-para-colaboradores\\\/#primaryimage\",\"url\":\"https:\\\/\\\/www.naturafrig.com.br\\\/wp-content\\\/uploads\\\/2026\\\/01\\\/WhatsApp-Image-2026-01-16-at-14.50.13.jpeg\",\"contentUrl\":\"https:\\\/\\\/www.naturafrig.com.br\\\/wp-content\\\/uploads\\\/2026\\\/01\\\/WhatsApp-Image-2026-01-16-at-14.50.13.jpeg\",\"width\":1600,\"height\":1200},{\"@type\":\"BreadcrumbList\",\"@id\":\"https:\\\/\\\/www.naturafrig.com.br\\\/naturafrig-promove-acoes-de-conscientizacao-e-saude-preventiva-para-colaboradores\\\/#breadcrumb\",\"itemListElement\":[{\"@type\":\"ListItem\",\"position\":1,\"name\":\"In\u00edcio\",\"item\":\"https:\\\/\\\/www.naturafrig.com.br\\\/\"},{\"@type\":\"ListItem\",\"position\":2,\"name\":\"Naturafrig promove a\u00e7\u00f5es de conscientiza\u00e7\u00e3o e sa\u00fade preventiva para colaboradores\"}]},{\"@type\":\"WebSite\",\"@id\":\"https:\\\/\\\/www.naturafrig.com.br\\\/#website\",\"url\":\"https:\\\/\\\/www.naturafrig.com.br\\\/\",\"name\":\"Naturafrig Alimentos\",\"description\":\"Qualidade em cada corte!\",\"publisher\":{\"@id\":\"https:\\\/\\\/www.naturafrig.com.br\\\/#organization\"},\"potentialAction\":[{\"@type\":\"SearchAction\",\"target\":{\"@type\":\"EntryPoint\",\"urlTemplate\":\"https:\\\/\\\/www.naturafrig.com.br\\\/?s={search_term_string}\"},\"query-input\":{\"@type\":\"PropertyValueSpecification\",\"valueRequired\":true,\"valueName\":\"search_term_string\"}}],\"inLanguage\":\"zh-Hans\"},{\"@type\":\"Organization\",\"@id\":\"https:\\\/\\\/www.naturafrig.com.br\\\/#organization\",\"name\":\"Naturafrig Alimentos\",\"url\":\"https:\\\/\\\/www.naturafrig.com.br\\\/\",\"logo\":{\"@type\":\"ImageObject\",\"inLanguage\":\"zh-Hans\",\"@id\":\"https:\\\/\\\/www.naturafrig.com.br\\\/#\\\/schema\\\/logo\\\/image\\\/\",\"url\":\"https:\\\/\\\/www.naturafrig.com.br\\\/wp-content\\\/uploads\\\/2025\\\/11\\\/logo_naturafrig.png\",\"contentUrl\":\"https:\\\/\\\/www.naturafrig.com.br\\\/wp-content\\\/uploads\\\/2025\\\/11\\\/logo_naturafrig.png\",\"width\":450,\"height\":220,\"caption\":\"Naturafrig Alimentos\"},\"image\":{\"@id\":\"https:\\\/\\\/www.naturafrig.com.br\\\/#\\\/schema\\\/logo\\\/image\\\/\"},\"sameAs\":[\"https:\\\/\\\/www.facebook.com\\\/naturafrig\\\/\"]},{\"@type\":\"Person\",\"@id\":\"https:\\\/\\\/www.naturafrig.com.br\\\/#\\\/schema\\\/person\\\/2236af56dd336b8153c73d7ce6952ffa\",\"name\":\"naturafrig\",\"image\":{\"@type\":\"ImageObject\",\"inLanguage\":\"zh-Hans\",\"@id\":\"https:\\\/\\\/secure.gravatar.com\\\/avatar\\\/bf850200d24c8ad5ac328f455ea5424b4aab297cbdf824ea4518f2b240d94a64?s=96&d=mm&r=g\",\"url\":\"https:\\\/\\\/secure.gravatar.com\\\/avatar\\\/bf850200d24c8ad5ac328f455ea5424b4aab297cbdf824ea4518f2b240d94a64?s=96&d=mm&r=g\",\"contentUrl\":\"https:\\\/\\\/secure.gravatar.com\\\/avatar\\\/bf850200d24c8ad5ac328f455ea5424b4aab297cbdf824ea4518f2b240d94a64?s=96&d=mm&r=g\",\"caption\":\"naturafrig\"},\"sameAs\":[\"https:\\\/\\\/www.naturafrig.com.br\"],\"url\":\"https:\\\/\\\/www.naturafrig.com.br\\\/zh\\\/author\\\/naturafrig\\\/\"}]}<\/script>\n<!-- \/ Yoast SEO plugin. -->","yoast_head_json":{"title":"Naturafrig promove a\u00e7\u00f5es de conscientiza\u00e7\u00e3o e sa\u00fade preventiva para colaboradores - Naturafrig Alimentos","robots":{"index":"index","follow":"follow","max-snippet":"max-snippet:-1","max-image-preview":"max-image-preview:large","max-video-preview":"max-video-preview:-1"},"canonical":"https:\/\/www.naturafrig.com.br\/zh\/naturafrig-promove-acoes-de-conscientizacao-e-saude-preventiva-para-colaboradores\/","og_locale":"zh_CN","og_type":"article","og_title":"Naturafrig promove a\u00e7\u00f5es de conscientiza\u00e7\u00e3o e sa\u00fade preventiva para colaboradores - Naturafrig Alimentos","og_description":"A A\u00e7\u00e3o integra campanhas do Outubro Rosa e Novembro Azul, oferecendo exames, consultas e atendimento especializado em todas as unidades. Reafirmando o compromisso com o bem-estar e o autocuidado, a Naturafrig promoveu uma s\u00e9rie de atividades voltadas \u00e0 sa\u00fade em suas quatro unidades. A iniciativa integrou as campanhas de conscientiza\u00e7\u00e3o sobre o c\u00e2ncer de mama [&hellip;]","og_url":"https:\/\/www.naturafrig.com.br\/zh\/naturafrig-promove-acoes-de-conscientizacao-e-saude-preventiva-para-colaboradores\/","og_site_name":"Naturafrig Alimentos","article_publisher":"https:\/\/www.facebook.com\/naturafrig\/","article_published_time":"2026-01-17T00:50:58+00:00","article_modified_time":"2026-01-21T14:49:43+00:00","og_image":[{"width":1600,"height":1200,"url":"https:\/\/www.naturafrig.com.br\/wp-content\/uploads\/2026\/01\/WhatsApp-Image-2026-01-16-at-14.50.13.jpeg","type":"image\/jpeg"}],"author":"naturafrig","twitter_card":"summary_large_image","twitter_misc":{"\u4f5c\u8005":"naturafrig","\u9884\u8ba1\u9605\u8bfb\u65f6\u95f4":"2 \u5206"},"schema":{"@context":"https:\/\/schema.org","@graph":[{"@type":"Article","@id":"https:\/\/www.naturafrig.com.br\/naturafrig-promove-acoes-de-conscientizacao-e-saude-preventiva-para-colaboradores\/#article","isPartOf":{"@id":"https:\/\/www.naturafrig.com.br\/naturafrig-promove-acoes-de-conscientizacao-e-saude-preventiva-para-colaboradores\/"},"author":{"name":"naturafrig","@id":"https:\/\/www.naturafrig.com.br\/#\/schema\/person\/2236af56dd336b8153c73d7ce6952ffa"},"headline":"Naturafrig promove a\u00e7\u00f5es de conscientiza\u00e7\u00e3o e sa\u00fade preventiva para colaboradores","datePublished":"2026-01-17T00:50:58+00:00","dateModified":"2026-01-21T14:49:43+00:00","mainEntityOfPage":{"@id":"https:\/\/www.naturafrig.com.br\/naturafrig-promove-acoes-de-conscientizacao-e-saude-preventiva-para-colaboradores\/"},"wordCount":259,"publisher":{"@id":"https:\/\/www.naturafrig.com.br\/#organization"},"image":{"@id":"https:\/\/www.naturafrig.com.br\/naturafrig-promove-acoes-de-conscientizacao-e-saude-preventiva-para-colaboradores\/#primaryimage"},"thumbnailUrl":"https:\/\/www.naturafrig.com.br\/wp-content\/uploads\/2026\/01\/WhatsApp-Image-2026-01-16-at-14.50.13.jpeg","keywords":["Naturafrig","Novembro Azul","Outubro Rosa","consultas","exames"],"articleSection":["Not\u00edcias"],"inLanguage":"zh-Hans"},{"@type":"WebPage","@id":"https:\/\/www.naturafrig.com.br\/naturafrig-promove-acoes-de-conscientizacao-e-saude-preventiva-para-colaboradores\/","url":"https:\/\/www.naturafrig.com.br\/naturafrig-promove-acoes-de-conscientizacao-e-saude-preventiva-para-colaboradores\/","name":"Naturafrig promove a\u00e7\u00f5es de conscientiza\u00e7\u00e3o e sa\u00fade preventiva para colaboradores - Naturafrig Alimentos","isPartOf":{"@id":"https:\/\/www.naturafrig.com.br\/#website"},"primaryImageOfPage":{"@id":"https:\/\/www.naturafrig.com.br\/naturafrig-promove-acoes-de-conscientizacao-e-saude-preventiva-para-colaboradores\/#primaryimage"},"image":{"@id":"https:\/\/www.naturafrig.com.br\/naturafrig-promove-acoes-de-conscientizacao-e-saude-preventiva-para-colaboradores\/#primaryimage"},"thumbnailUrl":"https:\/\/www.naturafrig.com.br\/wp-content\/uploads\/2026\/01\/WhatsApp-Image-2026-01-16-at-14.50.13.jpeg","datePublished":"2026-01-17T00:50:58+00:00","dateModified":"2026-01-21T14:49:43+00:00","breadcrumb":{"@id":"https:\/\/www.naturafrig.com.br\/naturafrig-promove-acoes-de-conscientizacao-e-saude-preventiva-para-colaboradores\/#breadcrumb"},"inLanguage":"zh-Hans","potentialAction":[{"@type":"ReadAction","target":["https:\/\/www.naturafrig.com.br\/naturafrig-promove-acoes-de-conscientizacao-e-saude-preventiva-para-colaboradores\/"]}]},{"@type":"ImageObject","inLanguage":"zh-Hans","@id":"https:\/\/www.naturafrig.com.br\/naturafrig-promove-acoes-de-conscientizacao-e-saude-preventiva-para-colaboradores\/#primaryimage","url":"https:\/\/www.naturafrig.com.br\/wp-content\/uploads\/2026\/01\/WhatsApp-Image-2026-01-16-at-14.50.13.jpeg","contentUrl":"https:\/\/www.naturafrig.com.br\/wp-content\/uploads\/2026\/01\/WhatsApp-Image-2026-01-16-at-14.50.13.jpeg","width":1600,"height":1200},{"@type":"BreadcrumbList","@id":"https:\/\/www.naturafrig.com.br\/naturafrig-promove-acoes-de-conscientizacao-e-saude-preventiva-para-colaboradores\/#breadcrumb","itemListElement":[{"@type":"ListItem","position":1,"name":"In\u00edcio","item":"https:\/\/www.naturafrig.com.br\/"},{"@type":"ListItem","position":2,"name":"Naturafrig promove a\u00e7\u00f5es de conscientiza\u00e7\u00e3o e sa\u00fade preventiva para colaboradores"}]},{"@type":"WebSite","@id":"https:\/\/www.naturafrig.com.br\/#website","url":"https:\/\/www.naturafrig.com.br\/","name":"Naturafrig Alimentos","description":"Qualidade em cada corte!","publisher":{"@id":"https:\/\/www.naturafrig.com.br\/#organization"},"potentialAction":[{"@type":"SearchAction","target":{"@type":"EntryPoint","urlTemplate":"https:\/\/www.naturafrig.com.br\/?s={search_term_string}"},"query-input":{"@type":"PropertyValueSpecification","valueRequired":true,"valueName":"search_term_string"}}],"inLanguage":"zh-Hans"},{"@type":"Organization","@id":"https:\/\/www.naturafrig.com.br\/#organization","name":"Naturafrig Alimentos","url":"https:\/\/www.naturafrig.com.br\/","logo":{"@type":"ImageObject","inLanguage":"zh-Hans","@id":"https:\/\/www.naturafrig.com.br\/#\/schema\/logo\/image\/","url":"https:\/\/www.naturafrig.com.br\/wp-content\/uploads\/2025\/11\/logo_naturafrig.png","contentUrl":"https:\/\/www.naturafrig.com.br\/wp-content\/uploads\/2025\/11\/logo_naturafrig.png","width":450,"height":220,"caption":"Naturafrig Alimentos"},"image":{"@id":"https:\/\/www.naturafrig.com.br\/#\/schema\/logo\/image\/"},"sameAs":["https:\/\/www.facebook.com\/naturafrig\/"]},{"@type":"Person","@id":"https:\/\/www.naturafrig.com.br\/#\/schema\/person\/2236af56dd336b8153c73d7ce6952ffa","name":"naturafrig","image":{"@type":"ImageObject","inLanguage":"zh-Hans","@id":"https:\/\/secure.gravatar.com\/avatar\/bf850200d24c8ad5ac328f455ea5424b4aab297cbdf824ea4518f2b240d94a64?s=96&d=mm&r=g","url":"https:\/\/secure.gravatar.com\/avatar\/bf850200d24c8ad5ac328f455ea5424b4aab297cbdf824ea4518f2b240d94a64?s=96&d=mm&r=g","contentUrl":"https:\/\/secure.gravatar.com\/avatar\/bf850200d24c8ad5ac328f455ea5424b4aab297cbdf824ea4518f2b240d94a64?s=96&d=mm&r=g","caption":"naturafrig"},"sameAs":["https:\/\/www.naturafrig.com.br"],"url":"https:\/\/www.naturafrig.com.br\/zh\/author\/naturafrig\/"}]}},"_links":{"self":[{"href":"https:\/\/www.naturafrig.com.br\/zh\/wp-json\/wp\/v2\/posts\/12753","targetHints":{"allow":["GET"]}}],"collection":[{"href":"https:\/\/www.naturafrig.com.br\/zh\/wp-json\/wp\/v2\/posts"}],"about":[{"href":"https:\/\/www.naturafrig.com.br\/zh\/wp-json\/wp\/v2\/types\/post"}],"author":[{"embeddable":true,"href":"https:\/\/www.naturafrig.com.br\/zh\/wp-json\/wp\/v2\/users\/1"}],"replies":[{"embeddable":true,"href":"https:\/\/www.naturafrig.com.br\/zh\/wp-json\/wp\/v2\/comments?post=12753"}],"version-history":[{"count":1,"href":"https:\/\/www.naturafrig.com.br\/zh\/wp-json\/wp\/v2\/posts\/12753\/revisions"}],"predecessor-version":[{"id":12755,"href":"https:\/\/www.naturafrig.com.br\/zh\/wp-json\/wp\/v2\/posts\/12753\/revisions\/12755"}],"wp:featuredmedia":[{"embeddable":true,"href":"https:\/\/www.naturafrig.com.br\/zh\/wp-json\/wp\/v2\/media\/12754"}],"wp:attachment":[{"href":"https:\/\/www.naturafrig.com.br\/zh\/wp-json\/wp\/v2\/media?parent=12753"}],"wp:term":[{"taxonomy":"category","embeddable":true,"href":"https:\/\/www.naturafrig.com.br\/zh\/wp-json\/wp\/v2\/categories?post=12753"},{"taxonomy":"post_tag","embeddable":true,"href":"https:\/\/www.naturafrig.com.br\/zh\/wp-json\/wp\/v2\/tags?post=12753"}],"curies":[{"name":"wp","href":"https:\/\/api.w.org\/{rel}","templated":true}]}}