{"id":2965,"date":"2020-08-27T14:24:28","date_gmt":"2020-08-27T17:24:28","guid":{"rendered":"https:\/\/www.naturafrig.com.br\/?p=2965"},"modified":"2020-08-27T14:24:28","modified_gmt":"2020-08-27T17:24:28","slug":"naturafrig-faz-testagem-em-massa-para-a-covid-19","status":"publish","type":"post","link":"https:\/\/www.naturafrig.com.br\/zh\/naturafrig-faz-testagem-em-massa-para-a-covid-19\/","title":{"rendered":"NATURAFRIG FAZ TESTAGEM EM MASSA PARA A COVID-19"},"content":{"rendered":"<p style=\"font-weight: 400;\">O frigor\u00edfico Naturafrig conclui hoje (27) a testagem de todos os 900 colaboradores para a Covid-19, na Unidade Pirapozinho. Durante dois dias, os funcion\u00e1rios \u2013 que no momento est\u00e3o em f\u00e9rias coletivas \u2013 compareceram \u00e0 empresa para fazer os testes. O objetivo da testagem em massa \u00e9 assegurar o retorno ao trabalho somente dos negativados no teste e afastar poss\u00edveis casos positivos por 14 dias ou at\u00e9 a devida libera\u00e7\u00e3o m\u00e9dica.<\/p>\n<p style=\"font-weight: 400;\">As\u00a0f\u00e9rias coletivas come\u00e7aram no dia 16 e prosseguem at\u00e9 o dia 31, e foram previstas no \u201cPlano de Conting\u00eancia para Preven\u00e7\u00e3o de Cont\u00e1gio pelo Coronav\u00edrus\u201d da empresa, assim como a testagem em massa nos dias 26 e 27 e outras medidas\u00a0necess\u00e1rias \u00e0 preven\u00e7\u00e3o, controle\u00a0e redu\u00e7\u00e3o dos riscos no trabalho.\u00a0Essas a\u00e7\u00f5es j\u00e1 estavam sendo desenvolvidas pela empresa e est\u00e3o contempladas no Termo de Ajuste de Conduta (TAC) firmado, no dia 24, entre o frigor\u00edfico e o Minist\u00e9rio P\u00fablico de Presidente Prudente.<\/p>\n<p style=\"font-weight: 400;\">\u201cDesde o in\u00edcio da pandemia, a Naturafrig formou um comit\u00ea de conting\u00eancia e o documento firmado com o Minist\u00e9rio P\u00fablico atesta que sempre estivemos no caminho certo\u201d, diz o m\u00e9dico do trabalho da empresa, Gustavo de Almeida Re. \u201cA empresa elaborou e colocou em pr\u00e1tica um rigoroso plano de a\u00e7\u00e3o, atendendo orienta\u00e7\u00f5es e normas dos \u00f3rg\u00e3os competentes, como os minist\u00e9rios da Sa\u00fade, Agricultura e Trabalho\u201d, exp\u00f5e.<\/p>\n<p style=\"font-weight: 400;\">Ainda segundo o m\u00e9dico do trabalho, j\u00e1 em mar\u00e7o a Naturafrig promoveu palestras de orienta\u00e7\u00e3o e conscientiza\u00e7\u00e3o sobre a Covid-19, distribuiu m\u00e1scaras e disponibilizou o \u00e1lcool em gel a todos os colaboradores. As a\u00e7\u00f5es foram continuamente aprimoradas, com a demarca\u00e7\u00e3o de \u00e1reas para distanciamento entre os trabalhadores e monitoramento di\u00e1rio da sa\u00fade de todos os que entram em \u00e1reas da empresa, com aferi\u00e7\u00e3o de temperatura e question\u00e1rios para identificar poss\u00edveis sintomas compat\u00edveis com a Covid-19.<\/p>\n<p style=\"font-weight: 400;\">\u201cInvestimos em uma cabine de desinfec\u00e7\u00e3o dos trabalhadores e adotamos r\u00edgidos protocolos para higieniza\u00e7\u00e3o das \u00e1reas internas e dos ve\u00edculos que entram na Naturafrig, sempre utilizando produtos certificados para o combate \u00e0 Covid-19. Tamb\u00e9m fomos aplicando os testes, nos casos pertinentes, al\u00e9m da testagem em massa que antecede o retorno das f\u00e9rias coletivas. Todo esse conjunto de a\u00e7\u00f5es tem o objetivo de tornar o nosso ambiente de trabalho mais seguro do que o ambiente externo da empresa\u201d, enfatiza Almeida Re.<\/p>\n<p style=\"font-weight: 400;\"><strong>CASOS &#8211;<\/strong>\u00a0Ao longo da pandemia, a Naturafrig registrou 30 casos positivos para a Covid-19 dentre os funcion\u00e1rios da Unidade Pirapozinho. Todos os colaboradores que apresentam sintomas compat\u00edveis com a doen\u00e7a \u2013 positivados ou n\u00e3o \u2013 s\u00e3o afastados pelo per\u00edodo de seguran\u00e7a e orientados a fazer o isolamento corretamente. Nenhum dos casos confirmados evoluiu com gravidade e todos j\u00e1 receberam libera\u00e7\u00e3o m\u00e9dica.<\/p>","protected":false},"excerpt":{"rendered":"<p>O frigor\u00edfico Naturafrig conclui hoje (27) a testagem de todos os 900 colaboradores para a Covid-19, na Unidade Pirapozinho. Durante dois dias, os funcion\u00e1rios \u2013 que no momento est\u00e3o em f\u00e9rias coletivas \u2013 compareceram \u00e0 empresa para fazer os testes. O objetivo da testagem em massa \u00e9 assegurar o retorno ao trabalho somente dos negativados [&hellip;]<\/p>\n","protected":false},"author":1,"featured_media":2966,"comment_status":"open","ping_status":"open","sticky":false,"template":"","format":"standard","meta":{"_acf_changed":false,"inline_featured_image":false,"footnotes":""},"categories":[1],"tags":[],"class_list":["post-2965","post","type-post","status-publish","format-standard","has-post-thumbnail","hentry","category-noticias"],"acf":[],"yoast_head":"<!-- This site is optimized with the Yoast SEO plugin v27.5 - https:\/\/yoast.com\/product\/yoast-seo-wordpress\/ -->\n<title>NATURAFRIG FAZ TESTAGEM EM MASSA PARA A COVID-19 - Naturafrig Alimentos<\/title>\n<meta name=\"robots\" content=\"index, follow, max-snippet:-1, max-image-preview:large, max-video-preview:-1\" \/>\n<link rel=\"canonical\" href=\"https:\/\/www.naturafrig.com.br\/zh\/naturafrig-faz-testagem-em-massa-para-a-covid-19\/\" \/>\n<meta property=\"og:locale\" content=\"zh_CN\" \/>\n<meta property=\"og:type\" content=\"article\" \/>\n<meta property=\"og:title\" content=\"NATURAFRIG FAZ TESTAGEM EM MASSA PARA A COVID-19 - Naturafrig Alimentos\" \/>\n<meta property=\"og:description\" content=\"O frigor\u00edfico Naturafrig conclui hoje (27) a testagem de todos os 900 colaboradores para a Covid-19, na Unidade Pirapozinho. Durante dois dias, os funcion\u00e1rios \u2013 que no momento est\u00e3o em f\u00e9rias coletivas \u2013 compareceram \u00e0 empresa para fazer os testes. O objetivo da testagem em massa \u00e9 assegurar o retorno ao trabalho somente dos negativados [&hellip;]\" \/>\n<meta property=\"og:url\" content=\"https:\/\/www.naturafrig.com.br\/zh\/naturafrig-faz-testagem-em-massa-para-a-covid-19\/\" \/>\n<meta property=\"og:site_name\" content=\"Naturafrig Alimentos\" \/>\n<meta property=\"article:publisher\" content=\"https:\/\/www.facebook.com\/naturafrig\/\" \/>\n<meta property=\"article:published_time\" content=\"2020-08-27T17:24:28+00:00\" \/>\n<meta property=\"og:image\" content=\"https:\/\/www.naturafrig.com.br\/wp-content\/uploads\/2020\/08\/Naturafrig-unidade-Pirapozinho-SP.jpg\" \/>\n\t<meta property=\"og:image:width\" content=\"1280\" \/>\n\t<meta property=\"og:image:height\" content=\"959\" \/>\n\t<meta property=\"og:image:type\" content=\"image\/jpeg\" \/>\n<meta name=\"author\" content=\"naturafrig\" \/>\n<meta name=\"twitter:card\" content=\"summary_large_image\" \/>\n<meta name=\"twitter:label1\" content=\"\u4f5c\u8005\" \/>\n\t<meta name=\"twitter:data1\" content=\"naturafrig\" \/>\n\t<meta name=\"twitter:label2\" content=\"\u9884\u8ba1\u9605\u8bfb\u65f6\u95f4\" \/>\n\t<meta name=\"twitter:data2\" content=\"2 \u5206\" \/>\n<script type=\"application\/ld+json\" class=\"yoast-schema-graph\">{\"@context\":\"https:\\\/\\\/schema.org\",\"@graph\":[{\"@type\":\"Article\",\"@id\":\"https:\\\/\\\/www.naturafrig.com.br\\\/naturafrig-faz-testagem-em-massa-para-a-covid-19\\\/#article\",\"isPartOf\":{\"@id\":\"https:\\\/\\\/www.naturafrig.com.br\\\/naturafrig-faz-testagem-em-massa-para-a-covid-19\\\/\"},\"author\":{\"name\":\"naturafrig\",\"@id\":\"https:\\\/\\\/www.naturafrig.com.br\\\/#\\\/schema\\\/person\\\/2236af56dd336b8153c73d7ce6952ffa\"},\"headline\":\"NATURAFRIG FAZ TESTAGEM EM MASSA PARA A COVID-19\",\"datePublished\":\"2020-08-27T17:24:28+00:00\",\"mainEntityOfPage\":{\"@id\":\"https:\\\/\\\/www.naturafrig.com.br\\\/naturafrig-faz-testagem-em-massa-para-a-covid-19\\\/\"},\"wordCount\":492,\"commentCount\":0,\"publisher\":{\"@id\":\"https:\\\/\\\/www.naturafrig.com.br\\\/#organization\"},\"image\":{\"@id\":\"https:\\\/\\\/www.naturafrig.com.br\\\/naturafrig-faz-testagem-em-massa-para-a-covid-19\\\/#primaryimage\"},\"thumbnailUrl\":\"https:\\\/\\\/www.naturafrig.com.br\\\/wp-content\\\/uploads\\\/2020\\\/08\\\/Naturafrig-unidade-Pirapozinho-SP.jpg\",\"articleSection\":[\"Not\u00edcias\"],\"inLanguage\":\"zh-Hans\"},{\"@type\":\"WebPage\",\"@id\":\"https:\\\/\\\/www.naturafrig.com.br\\\/naturafrig-faz-testagem-em-massa-para-a-covid-19\\\/\",\"url\":\"https:\\\/\\\/www.naturafrig.com.br\\\/naturafrig-faz-testagem-em-massa-para-a-covid-19\\\/\",\"name\":\"NATURAFRIG FAZ TESTAGEM EM MASSA PARA A COVID-19 - Naturafrig Alimentos\",\"isPartOf\":{\"@id\":\"https:\\\/\\\/www.naturafrig.com.br\\\/#website\"},\"primaryImageOfPage\":{\"@id\":\"https:\\\/\\\/www.naturafrig.com.br\\\/naturafrig-faz-testagem-em-massa-para-a-covid-19\\\/#primaryimage\"},\"image\":{\"@id\":\"https:\\\/\\\/www.naturafrig.com.br\\\/naturafrig-faz-testagem-em-massa-para-a-covid-19\\\/#primaryimage\"},\"thumbnailUrl\":\"https:\\\/\\\/www.naturafrig.com.br\\\/wp-content\\\/uploads\\\/2020\\\/08\\\/Naturafrig-unidade-Pirapozinho-SP.jpg\",\"datePublished\":\"2020-08-27T17:24:28+00:00\",\"breadcrumb\":{\"@id\":\"https:\\\/\\\/www.naturafrig.com.br\\\/naturafrig-faz-testagem-em-massa-para-a-covid-19\\\/#breadcrumb\"},\"inLanguage\":\"zh-Hans\",\"potentialAction\":[{\"@type\":\"ReadAction\",\"target\":[\"https:\\\/\\\/www.naturafrig.com.br\\\/naturafrig-faz-testagem-em-massa-para-a-covid-19\\\/\"]}]},{\"@type\":\"ImageObject\",\"inLanguage\":\"zh-Hans\",\"@id\":\"https:\\\/\\\/www.naturafrig.com.br\\\/naturafrig-faz-testagem-em-massa-para-a-covid-19\\\/#primaryimage\",\"url\":\"https:\\\/\\\/www.naturafrig.com.br\\\/wp-content\\\/uploads\\\/2020\\\/08\\\/Naturafrig-unidade-Pirapozinho-SP.jpg\",\"contentUrl\":\"https:\\\/\\\/www.naturafrig.com.br\\\/wp-content\\\/uploads\\\/2020\\\/08\\\/Naturafrig-unidade-Pirapozinho-SP.jpg\",\"width\":1280,\"height\":959},{\"@type\":\"BreadcrumbList\",\"@id\":\"https:\\\/\\\/www.naturafrig.com.br\\\/naturafrig-faz-testagem-em-massa-para-a-covid-19\\\/#breadcrumb\",\"itemListElement\":[{\"@type\":\"ListItem\",\"position\":1,\"name\":\"In\u00edcio\",\"item\":\"https:\\\/\\\/www.naturafrig.com.br\\\/\"},{\"@type\":\"ListItem\",\"position\":2,\"name\":\"NATURAFRIG FAZ TESTAGEM EM MASSA PARA A COVID-19\"}]},{\"@type\":\"WebSite\",\"@id\":\"https:\\\/\\\/www.naturafrig.com.br\\\/#website\",\"url\":\"https:\\\/\\\/www.naturafrig.com.br\\\/\",\"name\":\"Naturafrig Alimentos\",\"description\":\"Qualidade em cada corte!\",\"publisher\":{\"@id\":\"https:\\\/\\\/www.naturafrig.com.br\\\/#organization\"},\"potentialAction\":[{\"@type\":\"SearchAction\",\"target\":{\"@type\":\"EntryPoint\",\"urlTemplate\":\"https:\\\/\\\/www.naturafrig.com.br\\\/?s={search_term_string}\"},\"query-input\":{\"@type\":\"PropertyValueSpecification\",\"valueRequired\":true,\"valueName\":\"search_term_string\"}}],\"inLanguage\":\"zh-Hans\"},{\"@type\":\"Organization\",\"@id\":\"https:\\\/\\\/www.naturafrig.com.br\\\/#organization\",\"name\":\"Naturafrig Alimentos\",\"url\":\"https:\\\/\\\/www.naturafrig.com.br\\\/\",\"logo\":{\"@type\":\"ImageObject\",\"inLanguage\":\"zh-Hans\",\"@id\":\"https:\\\/\\\/www.naturafrig.com.br\\\/#\\\/schema\\\/logo\\\/image\\\/\",\"url\":\"https:\\\/\\\/www.naturafrig.com.br\\\/wp-content\\\/uploads\\\/2025\\\/11\\\/logo_naturafrig.png\",\"contentUrl\":\"https:\\\/\\\/www.naturafrig.com.br\\\/wp-content\\\/uploads\\\/2025\\\/11\\\/logo_naturafrig.png\",\"width\":450,\"height\":220,\"caption\":\"Naturafrig Alimentos\"},\"image\":{\"@id\":\"https:\\\/\\\/www.naturafrig.com.br\\\/#\\\/schema\\\/logo\\\/image\\\/\"},\"sameAs\":[\"https:\\\/\\\/www.facebook.com\\\/naturafrig\\\/\"]},{\"@type\":\"Person\",\"@id\":\"https:\\\/\\\/www.naturafrig.com.br\\\/#\\\/schema\\\/person\\\/2236af56dd336b8153c73d7ce6952ffa\",\"name\":\"naturafrig\",\"image\":{\"@type\":\"ImageObject\",\"inLanguage\":\"zh-Hans\",\"@id\":\"https:\\\/\\\/secure.gravatar.com\\\/avatar\\\/bf850200d24c8ad5ac328f455ea5424b4aab297cbdf824ea4518f2b240d94a64?s=96&d=mm&r=g\",\"url\":\"https:\\\/\\\/secure.gravatar.com\\\/avatar\\\/bf850200d24c8ad5ac328f455ea5424b4aab297cbdf824ea4518f2b240d94a64?s=96&d=mm&r=g\",\"contentUrl\":\"https:\\\/\\\/secure.gravatar.com\\\/avatar\\\/bf850200d24c8ad5ac328f455ea5424b4aab297cbdf824ea4518f2b240d94a64?s=96&d=mm&r=g\",\"caption\":\"naturafrig\"},\"sameAs\":[\"https:\\\/\\\/www.naturafrig.com.br\"],\"url\":\"https:\\\/\\\/www.naturafrig.com.br\\\/zh\\\/author\\\/naturafrig\\\/\"}]}<\/script>\n<!-- \/ Yoast SEO plugin. -->","yoast_head_json":{"title":"NATURAFRIG FAZ TESTAGEM EM MASSA PARA A COVID-19 - Naturafrig Alimentos","robots":{"index":"index","follow":"follow","max-snippet":"max-snippet:-1","max-image-preview":"max-image-preview:large","max-video-preview":"max-video-preview:-1"},"canonical":"https:\/\/www.naturafrig.com.br\/zh\/naturafrig-faz-testagem-em-massa-para-a-covid-19\/","og_locale":"zh_CN","og_type":"article","og_title":"NATURAFRIG FAZ TESTAGEM EM MASSA PARA A COVID-19 - Naturafrig Alimentos","og_description":"O frigor\u00edfico Naturafrig conclui hoje (27) a testagem de todos os 900 colaboradores para a Covid-19, na Unidade Pirapozinho. Durante dois dias, os funcion\u00e1rios \u2013 que no momento est\u00e3o em f\u00e9rias coletivas \u2013 compareceram \u00e0 empresa para fazer os testes. O objetivo da testagem em massa \u00e9 assegurar o retorno ao trabalho somente dos negativados [&hellip;]","og_url":"https:\/\/www.naturafrig.com.br\/zh\/naturafrig-faz-testagem-em-massa-para-a-covid-19\/","og_site_name":"Naturafrig Alimentos","article_publisher":"https:\/\/www.facebook.com\/naturafrig\/","article_published_time":"2020-08-27T17:24:28+00:00","og_image":[{"width":1280,"height":959,"url":"https:\/\/www.naturafrig.com.br\/wp-content\/uploads\/2020\/08\/Naturafrig-unidade-Pirapozinho-SP.jpg","type":"image\/jpeg"}],"author":"naturafrig","twitter_card":"summary_large_image","twitter_misc":{"\u4f5c\u8005":"naturafrig","\u9884\u8ba1\u9605\u8bfb\u65f6\u95f4":"2 \u5206"},"schema":{"@context":"https:\/\/schema.org","@graph":[{"@type":"Article","@id":"https:\/\/www.naturafrig.com.br\/naturafrig-faz-testagem-em-massa-para-a-covid-19\/#article","isPartOf":{"@id":"https:\/\/www.naturafrig.com.br\/naturafrig-faz-testagem-em-massa-para-a-covid-19\/"},"author":{"name":"naturafrig","@id":"https:\/\/www.naturafrig.com.br\/#\/schema\/person\/2236af56dd336b8153c73d7ce6952ffa"},"headline":"NATURAFRIG FAZ TESTAGEM EM MASSA PARA A COVID-19","datePublished":"2020-08-27T17:24:28+00:00","mainEntityOfPage":{"@id":"https:\/\/www.naturafrig.com.br\/naturafrig-faz-testagem-em-massa-para-a-covid-19\/"},"wordCount":492,"commentCount":0,"publisher":{"@id":"https:\/\/www.naturafrig.com.br\/#organization"},"image":{"@id":"https:\/\/www.naturafrig.com.br\/naturafrig-faz-testagem-em-massa-para-a-covid-19\/#primaryimage"},"thumbnailUrl":"https:\/\/www.naturafrig.com.br\/wp-content\/uploads\/2020\/08\/Naturafrig-unidade-Pirapozinho-SP.jpg","articleSection":["Not\u00edcias"],"inLanguage":"zh-Hans"},{"@type":"WebPage","@id":"https:\/\/www.naturafrig.com.br\/naturafrig-faz-testagem-em-massa-para-a-covid-19\/","url":"https:\/\/www.naturafrig.com.br\/naturafrig-faz-testagem-em-massa-para-a-covid-19\/","name":"NATURAFRIG FAZ TESTAGEM EM MASSA PARA A COVID-19 - Naturafrig Alimentos","isPartOf":{"@id":"https:\/\/www.naturafrig.com.br\/#website"},"primaryImageOfPage":{"@id":"https:\/\/www.naturafrig.com.br\/naturafrig-faz-testagem-em-massa-para-a-covid-19\/#primaryimage"},"image":{"@id":"https:\/\/www.naturafrig.com.br\/naturafrig-faz-testagem-em-massa-para-a-covid-19\/#primaryimage"},"thumbnailUrl":"https:\/\/www.naturafrig.com.br\/wp-content\/uploads\/2020\/08\/Naturafrig-unidade-Pirapozinho-SP.jpg","datePublished":"2020-08-27T17:24:28+00:00","breadcrumb":{"@id":"https:\/\/www.naturafrig.com.br\/naturafrig-faz-testagem-em-massa-para-a-covid-19\/#breadcrumb"},"inLanguage":"zh-Hans","potentialAction":[{"@type":"ReadAction","target":["https:\/\/www.naturafrig.com.br\/naturafrig-faz-testagem-em-massa-para-a-covid-19\/"]}]},{"@type":"ImageObject","inLanguage":"zh-Hans","@id":"https:\/\/www.naturafrig.com.br\/naturafrig-faz-testagem-em-massa-para-a-covid-19\/#primaryimage","url":"https:\/\/www.naturafrig.com.br\/wp-content\/uploads\/2020\/08\/Naturafrig-unidade-Pirapozinho-SP.jpg","contentUrl":"https:\/\/www.naturafrig.com.br\/wp-content\/uploads\/2020\/08\/Naturafrig-unidade-Pirapozinho-SP.jpg","width":1280,"height":959},{"@type":"BreadcrumbList","@id":"https:\/\/www.naturafrig.com.br\/naturafrig-faz-testagem-em-massa-para-a-covid-19\/#breadcrumb","itemListElement":[{"@type":"ListItem","position":1,"name":"In\u00edcio","item":"https:\/\/www.naturafrig.com.br\/"},{"@type":"ListItem","position":2,"name":"NATURAFRIG FAZ TESTAGEM EM MASSA PARA A COVID-19"}]},{"@type":"WebSite","@id":"https:\/\/www.naturafrig.com.br\/#website","url":"https:\/\/www.naturafrig.com.br\/","name":"Naturafrig Alimentos","description":"Qualidade em cada corte!","publisher":{"@id":"https:\/\/www.naturafrig.com.br\/#organization"},"potentialAction":[{"@type":"SearchAction","target":{"@type":"EntryPoint","urlTemplate":"https:\/\/www.naturafrig.com.br\/?s={search_term_string}"},"query-input":{"@type":"PropertyValueSpecification","valueRequired":true,"valueName":"search_term_string"}}],"inLanguage":"zh-Hans"},{"@type":"Organization","@id":"https:\/\/www.naturafrig.com.br\/#organization","name":"Naturafrig Alimentos","url":"https:\/\/www.naturafrig.com.br\/","logo":{"@type":"ImageObject","inLanguage":"zh-Hans","@id":"https:\/\/www.naturafrig.com.br\/#\/schema\/logo\/image\/","url":"https:\/\/www.naturafrig.com.br\/wp-content\/uploads\/2025\/11\/logo_naturafrig.png","contentUrl":"https:\/\/www.naturafrig.com.br\/wp-content\/uploads\/2025\/11\/logo_naturafrig.png","width":450,"height":220,"caption":"Naturafrig Alimentos"},"image":{"@id":"https:\/\/www.naturafrig.com.br\/#\/schema\/logo\/image\/"},"sameAs":["https:\/\/www.facebook.com\/naturafrig\/"]},{"@type":"Person","@id":"https:\/\/www.naturafrig.com.br\/#\/schema\/person\/2236af56dd336b8153c73d7ce6952ffa","name":"naturafrig","image":{"@type":"ImageObject","inLanguage":"zh-Hans","@id":"https:\/\/secure.gravatar.com\/avatar\/bf850200d24c8ad5ac328f455ea5424b4aab297cbdf824ea4518f2b240d94a64?s=96&d=mm&r=g","url":"https:\/\/secure.gravatar.com\/avatar\/bf850200d24c8ad5ac328f455ea5424b4aab297cbdf824ea4518f2b240d94a64?s=96&d=mm&r=g","contentUrl":"https:\/\/secure.gravatar.com\/avatar\/bf850200d24c8ad5ac328f455ea5424b4aab297cbdf824ea4518f2b240d94a64?s=96&d=mm&r=g","caption":"naturafrig"},"sameAs":["https:\/\/www.naturafrig.com.br"],"url":"https:\/\/www.naturafrig.com.br\/zh\/author\/naturafrig\/"}]}},"_links":{"self":[{"href":"https:\/\/www.naturafrig.com.br\/zh\/wp-json\/wp\/v2\/posts\/2965","targetHints":{"allow":["GET"]}}],"collection":[{"href":"https:\/\/www.naturafrig.com.br\/zh\/wp-json\/wp\/v2\/posts"}],"about":[{"href":"https:\/\/www.naturafrig.com.br\/zh\/wp-json\/wp\/v2\/types\/post"}],"author":[{"embeddable":true,"href":"https:\/\/www.naturafrig.com.br\/zh\/wp-json\/wp\/v2\/users\/1"}],"replies":[{"embeddable":true,"href":"https:\/\/www.naturafrig.com.br\/zh\/wp-json\/wp\/v2\/comments?post=2965"}],"version-history":[{"count":0,"href":"https:\/\/www.naturafrig.com.br\/zh\/wp-json\/wp\/v2\/posts\/2965\/revisions"}],"wp:featuredmedia":[{"embeddable":true,"href":"https:\/\/www.naturafrig.com.br\/zh\/wp-json\/wp\/v2\/media\/2966"}],"wp:attachment":[{"href":"https:\/\/www.naturafrig.com.br\/zh\/wp-json\/wp\/v2\/media?parent=2965"}],"wp:term":[{"taxonomy":"category","embeddable":true,"href":"https:\/\/www.naturafrig.com.br\/zh\/wp-json\/wp\/v2\/categories?post=2965"},{"taxonomy":"post_tag","embeddable":true,"href":"https:\/\/www.naturafrig.com.br\/zh\/wp-json\/wp\/v2\/tags?post=2965"}],"curies":[{"name":"wp","href":"https:\/\/api.w.org\/{rel}","templated":true}]}}