{"id":760,"date":"2017-11-07T11:07:14","date_gmt":"2017-11-07T13:07:14","guid":{"rendered":"http:\/\/www.naturafrig.com.br\/site\/?p=760"},"modified":"2017-11-07T11:07:14","modified_gmt":"2017-11-07T13:07:14","slug":"pecuaristas-e-frigorificos-comemoram-retomada-de-exportacao-de-carne","status":"publish","type":"post","link":"https:\/\/www.naturafrig.com.br\/zh\/pecuaristas-e-frigorificos-comemoram-retomada-de-exportacao-de-carne\/","title":{"rendered":"Pecuaristas e frigor\u00edficos comemoram retomada de exporta\u00e7\u00e3o de carne"},"content":{"rendered":"<p>As restri\u00e7\u00f5es anunciadas pela R\u00fassia \u00e0s importa\u00e7\u00f5es de carne de seis frigor\u00edficos do Brasil, no fim de semana, ocorreram no momento em que o setor come\u00e7a a consolidar um processo de recupera\u00e7\u00e3o, ap\u00f3s passar pela maior crise de sua hist\u00f3ria, com a Opera\u00e7\u00e3o Carne Fraca, da Pol\u00edcia Federal, que colocou em d\u00favida o sistema de inspe\u00e7\u00e3o sanit\u00e1ria do governo. Embora o ministro da Agricultura, Blairo Maggi, tenha avaliado que as recentes medidas russas n\u00e3o t\u00eam gravidade, elas preocupam representantes da cadeia de produ\u00e7\u00e3o.<\/p>\n<p>A Carne Fraca provocou um decl\u00ednio de 25% nas exporta\u00e7\u00f5es brasileiras de carne, em mar\u00e7o e abril. Hoje, o setor respira aliviado. Em setembro, as vendas de carne bovina ao exterior somaram US$ 557 milh\u00f5es, alta de 17,46% sobre o faturado em igual per\u00edodo do ano passado. No m\u00eas, foram embarcados 135.562 toneladas.<\/p>\n<p>Os dados revelam que o Brasil superou os preju\u00edzos causados pela repercuss\u00e3o negativa dos problemas encontrados pelas autoridades em frigor\u00edficos nacionais, que levaram diversos pa\u00edses a suspender as compras do Brasil. Passada a fase ruim, o setor deve terminar o ano com um faturamento de US$ 5,7 bilh\u00f5es, apenas US$ 4 milh\u00f5es a mais do que o registrado em 2016, de acordo com a Associa\u00e7\u00e3o Brasileira das Ind\u00fastrias Exportadoras de Carnes (ABIEC).<\/p>\n<h3><strong>Inspe\u00e7\u00e3o refor\u00e7ada<\/strong><\/h3>\n<p>O Brasil exporta carne bovina para 93 pa\u00edses. O com\u00e9rcio j\u00e1 est\u00e1 normalizado com 33 na\u00e7\u00f5es. Outras 56 ainda mant\u00eam um sistema de inspe\u00e7\u00e3o refor\u00e7ada ao produto brasileiro. Apenas tr\u00eas pa\u00edses continuam com o com\u00e9rcio inteiramente fechado \u2014 Benin, San Vicente e Granadinas, e Zimbabue, mas eles t\u00eam pouca representatividade no conjunto de importadores, segundo a ABIEC. A entidade re\u00fane 31 empresas do setor no pa\u00eds, respons\u00e1veis por 90% da carne negociada em mercados internacionais.<\/p>\n<p>O principal importador da carne bovina brasileira \u00e9 Hong Kong, respons\u00e1vel pela compra de 32.786 toneladas em setembro, 57% a mais do que em setembro do ano passado. O Egito, segundo maior importador, comprou 21.194 toneladas, o que representou um aumento de 5,34% em rela\u00e7\u00e3o ao mesmo per\u00edodo de 2016. As exporta\u00e7\u00f5es para a China tiveram alta de 10,98%, com a venda de 17.502 toneladas.<\/p>\n<p>De janeiro a setembro, as exporta\u00e7\u00f5es alcan\u00e7aram 1,06 milh\u00e3o de toneladas, 1,84% a mais do que nos nove primeiros meses de 2016. O faturamento acumulado no ano \u00e9 de US$ 4,3 bilh\u00f5es, 6,61% maior que o do mesmo per\u00edodo do ano passado. A carne in natura se manteve como a categoria mais exportada em setembro, com o embarque de 111.933 toneladas, que geraram faturamento de US$ 471 milh\u00f5es, crescimento de 21,25% na varia\u00e7\u00e3o anual.<\/p>\n<p>Dados do Minist\u00e9rio da Ind\u00fastria, Com\u00e9rcio Exterior e Servi\u00e7os indicam que em mar\u00e7o, m\u00eas em que foi realizada a Opera\u00e7\u00e3o Carne Fraca, o Brasil exportou 98,2 mil toneladas do produto in natura, um volume 11,3% menor que o registrado no mesmo per\u00edodo do ano anterior. Em abril, as vendas ca\u00edram ainda mais \u2014 18%, para 88.947 toneladas.<\/p>\n<p>Fonte:\u00a0www.correiobraziliense.com.br<\/p>","protected":false},"excerpt":{"rendered":"<p>As restri\u00e7\u00f5es anunciadas pela R\u00fassia \u00e0s importa\u00e7\u00f5es de carne de seis frigor\u00edficos do Brasil, no fim de semana, ocorreram no momento em que o setor come\u00e7a a consolidar um processo de recupera\u00e7\u00e3o, ap\u00f3s passar pela maior crise de sua hist\u00f3ria, com a Opera\u00e7\u00e3o Carne Fraca, da Pol\u00edcia Federal, que colocou em d\u00favida o sistema de [&hellip;]<\/p>\n","protected":false},"author":1,"featured_media":761,"comment_status":"open","ping_status":"open","sticky":false,"template":"","format":"standard","meta":{"_acf_changed":false,"inline_featured_image":false,"footnotes":""},"categories":[1],"tags":[],"class_list":["post-760","post","type-post","status-publish","format-standard","has-post-thumbnail","hentry","category-noticias"],"acf":[],"yoast_head":"<!-- This site is optimized with the Yoast SEO plugin v27.5 - https:\/\/yoast.com\/product\/yoast-seo-wordpress\/ -->\n<title>Pecuaristas e frigor\u00edficos comemoram retomada de exporta\u00e7\u00e3o de carne - Naturafrig Alimentos<\/title>\n<meta name=\"robots\" content=\"index, follow, max-snippet:-1, max-image-preview:large, max-video-preview:-1\" \/>\n<link rel=\"canonical\" href=\"https:\/\/www.naturafrig.com.br\/zh\/pecuaristas-e-frigorificos-comemoram-retomada-de-exportacao-de-carne\/\" \/>\n<meta property=\"og:locale\" content=\"zh_CN\" \/>\n<meta property=\"og:type\" content=\"article\" \/>\n<meta property=\"og:title\" content=\"Pecuaristas e frigor\u00edficos comemoram retomada de exporta\u00e7\u00e3o de carne - Naturafrig Alimentos\" \/>\n<meta property=\"og:description\" content=\"As restri\u00e7\u00f5es anunciadas pela R\u00fassia \u00e0s importa\u00e7\u00f5es de carne de seis frigor\u00edficos do Brasil, no fim de semana, ocorreram no momento em que o setor come\u00e7a a consolidar um processo de recupera\u00e7\u00e3o, ap\u00f3s passar pela maior crise de sua hist\u00f3ria, com a Opera\u00e7\u00e3o Carne Fraca, da Pol\u00edcia Federal, que colocou em d\u00favida o sistema de [&hellip;]\" \/>\n<meta property=\"og:url\" content=\"https:\/\/www.naturafrig.com.br\/zh\/pecuaristas-e-frigorificos-comemoram-retomada-de-exportacao-de-carne\/\" \/>\n<meta property=\"og:site_name\" content=\"Naturafrig Alimentos\" \/>\n<meta property=\"article:publisher\" content=\"https:\/\/www.facebook.com\/naturafrig\/\" \/>\n<meta property=\"article:published_time\" content=\"2017-11-07T13:07:14+00:00\" \/>\n<meta property=\"og:image\" content=\"https:\/\/www.naturafrig.com.br\/wp-content\/uploads\/2017\/11\/Carne.jpg\" \/>\n\t<meta property=\"og:image:width\" content=\"960\" \/>\n\t<meta property=\"og:image:height\" content=\"635\" \/>\n\t<meta property=\"og:image:type\" content=\"image\/jpeg\" \/>\n<meta name=\"author\" content=\"naturafrig\" \/>\n<meta name=\"twitter:card\" content=\"summary_large_image\" \/>\n<meta name=\"twitter:label1\" content=\"\u4f5c\u8005\" \/>\n\t<meta name=\"twitter:data1\" content=\"naturafrig\" \/>\n\t<meta name=\"twitter:label2\" content=\"\u9884\u8ba1\u9605\u8bfb\u65f6\u95f4\" \/>\n\t<meta name=\"twitter:data2\" content=\"3 \u5206\" \/>\n<script type=\"application\/ld+json\" class=\"yoast-schema-graph\">{\"@context\":\"https:\\\/\\\/schema.org\",\"@graph\":[{\"@type\":\"Article\",\"@id\":\"https:\\\/\\\/www.naturafrig.com.br\\\/pecuaristas-e-frigorificos-comemoram-retomada-de-exportacao-de-carne\\\/#article\",\"isPartOf\":{\"@id\":\"https:\\\/\\\/www.naturafrig.com.br\\\/pecuaristas-e-frigorificos-comemoram-retomada-de-exportacao-de-carne\\\/\"},\"author\":{\"name\":\"naturafrig\",\"@id\":\"https:\\\/\\\/www.naturafrig.com.br\\\/#\\\/schema\\\/person\\\/2236af56dd336b8153c73d7ce6952ffa\"},\"headline\":\"Pecuaristas e frigor\u00edficos comemoram retomada de exporta\u00e7\u00e3o de carne\",\"datePublished\":\"2017-11-07T13:07:14+00:00\",\"mainEntityOfPage\":{\"@id\":\"https:\\\/\\\/www.naturafrig.com.br\\\/pecuaristas-e-frigorificos-comemoram-retomada-de-exportacao-de-carne\\\/\"},\"wordCount\":527,\"commentCount\":0,\"publisher\":{\"@id\":\"https:\\\/\\\/www.naturafrig.com.br\\\/#organization\"},\"image\":{\"@id\":\"https:\\\/\\\/www.naturafrig.com.br\\\/pecuaristas-e-frigorificos-comemoram-retomada-de-exportacao-de-carne\\\/#primaryimage\"},\"thumbnailUrl\":\"https:\\\/\\\/www.naturafrig.com.br\\\/wp-content\\\/uploads\\\/2017\\\/11\\\/Carne.jpg\",\"articleSection\":[\"Not\u00edcias\"],\"inLanguage\":\"zh-Hans\"},{\"@type\":\"WebPage\",\"@id\":\"https:\\\/\\\/www.naturafrig.com.br\\\/pecuaristas-e-frigorificos-comemoram-retomada-de-exportacao-de-carne\\\/\",\"url\":\"https:\\\/\\\/www.naturafrig.com.br\\\/pecuaristas-e-frigorificos-comemoram-retomada-de-exportacao-de-carne\\\/\",\"name\":\"Pecuaristas e frigor\u00edficos comemoram retomada de exporta\u00e7\u00e3o de carne - Naturafrig Alimentos\",\"isPartOf\":{\"@id\":\"https:\\\/\\\/www.naturafrig.com.br\\\/#website\"},\"primaryImageOfPage\":{\"@id\":\"https:\\\/\\\/www.naturafrig.com.br\\\/pecuaristas-e-frigorificos-comemoram-retomada-de-exportacao-de-carne\\\/#primaryimage\"},\"image\":{\"@id\":\"https:\\\/\\\/www.naturafrig.com.br\\\/pecuaristas-e-frigorificos-comemoram-retomada-de-exportacao-de-carne\\\/#primaryimage\"},\"thumbnailUrl\":\"https:\\\/\\\/www.naturafrig.com.br\\\/wp-content\\\/uploads\\\/2017\\\/11\\\/Carne.jpg\",\"datePublished\":\"2017-11-07T13:07:14+00:00\",\"breadcrumb\":{\"@id\":\"https:\\\/\\\/www.naturafrig.com.br\\\/pecuaristas-e-frigorificos-comemoram-retomada-de-exportacao-de-carne\\\/#breadcrumb\"},\"inLanguage\":\"zh-Hans\",\"potentialAction\":[{\"@type\":\"ReadAction\",\"target\":[\"https:\\\/\\\/www.naturafrig.com.br\\\/pecuaristas-e-frigorificos-comemoram-retomada-de-exportacao-de-carne\\\/\"]}]},{\"@type\":\"ImageObject\",\"inLanguage\":\"zh-Hans\",\"@id\":\"https:\\\/\\\/www.naturafrig.com.br\\\/pecuaristas-e-frigorificos-comemoram-retomada-de-exportacao-de-carne\\\/#primaryimage\",\"url\":\"https:\\\/\\\/www.naturafrig.com.br\\\/wp-content\\\/uploads\\\/2017\\\/11\\\/Carne.jpg\",\"contentUrl\":\"https:\\\/\\\/www.naturafrig.com.br\\\/wp-content\\\/uploads\\\/2017\\\/11\\\/Carne.jpg\",\"width\":960,\"height\":635},{\"@type\":\"BreadcrumbList\",\"@id\":\"https:\\\/\\\/www.naturafrig.com.br\\\/pecuaristas-e-frigorificos-comemoram-retomada-de-exportacao-de-carne\\\/#breadcrumb\",\"itemListElement\":[{\"@type\":\"ListItem\",\"position\":1,\"name\":\"In\u00edcio\",\"item\":\"https:\\\/\\\/www.naturafrig.com.br\\\/\"},{\"@type\":\"ListItem\",\"position\":2,\"name\":\"Pecuaristas e frigor\u00edficos comemoram retomada de exporta\u00e7\u00e3o de carne\"}]},{\"@type\":\"WebSite\",\"@id\":\"https:\\\/\\\/www.naturafrig.com.br\\\/#website\",\"url\":\"https:\\\/\\\/www.naturafrig.com.br\\\/\",\"name\":\"Naturafrig Alimentos\",\"description\":\"Qualidade em cada corte!\",\"publisher\":{\"@id\":\"https:\\\/\\\/www.naturafrig.com.br\\\/#organization\"},\"potentialAction\":[{\"@type\":\"SearchAction\",\"target\":{\"@type\":\"EntryPoint\",\"urlTemplate\":\"https:\\\/\\\/www.naturafrig.com.br\\\/?s={search_term_string}\"},\"query-input\":{\"@type\":\"PropertyValueSpecification\",\"valueRequired\":true,\"valueName\":\"search_term_string\"}}],\"inLanguage\":\"zh-Hans\"},{\"@type\":\"Organization\",\"@id\":\"https:\\\/\\\/www.naturafrig.com.br\\\/#organization\",\"name\":\"Naturafrig Alimentos\",\"url\":\"https:\\\/\\\/www.naturafrig.com.br\\\/\",\"logo\":{\"@type\":\"ImageObject\",\"inLanguage\":\"zh-Hans\",\"@id\":\"https:\\\/\\\/www.naturafrig.com.br\\\/#\\\/schema\\\/logo\\\/image\\\/\",\"url\":\"https:\\\/\\\/www.naturafrig.com.br\\\/wp-content\\\/uploads\\\/2025\\\/11\\\/logo_naturafrig.png\",\"contentUrl\":\"https:\\\/\\\/www.naturafrig.com.br\\\/wp-content\\\/uploads\\\/2025\\\/11\\\/logo_naturafrig.png\",\"width\":450,\"height\":220,\"caption\":\"Naturafrig Alimentos\"},\"image\":{\"@id\":\"https:\\\/\\\/www.naturafrig.com.br\\\/#\\\/schema\\\/logo\\\/image\\\/\"},\"sameAs\":[\"https:\\\/\\\/www.facebook.com\\\/naturafrig\\\/\"]},{\"@type\":\"Person\",\"@id\":\"https:\\\/\\\/www.naturafrig.com.br\\\/#\\\/schema\\\/person\\\/2236af56dd336b8153c73d7ce6952ffa\",\"name\":\"naturafrig\",\"image\":{\"@type\":\"ImageObject\",\"inLanguage\":\"zh-Hans\",\"@id\":\"https:\\\/\\\/secure.gravatar.com\\\/avatar\\\/bf850200d24c8ad5ac328f455ea5424b4aab297cbdf824ea4518f2b240d94a64?s=96&d=mm&r=g\",\"url\":\"https:\\\/\\\/secure.gravatar.com\\\/avatar\\\/bf850200d24c8ad5ac328f455ea5424b4aab297cbdf824ea4518f2b240d94a64?s=96&d=mm&r=g\",\"contentUrl\":\"https:\\\/\\\/secure.gravatar.com\\\/avatar\\\/bf850200d24c8ad5ac328f455ea5424b4aab297cbdf824ea4518f2b240d94a64?s=96&d=mm&r=g\",\"caption\":\"naturafrig\"},\"sameAs\":[\"https:\\\/\\\/www.naturafrig.com.br\"],\"url\":\"https:\\\/\\\/www.naturafrig.com.br\\\/zh\\\/author\\\/naturafrig\\\/\"}]}<\/script>\n<!-- \/ Yoast SEO plugin. -->","yoast_head_json":{"title":"Pecuaristas e frigor\u00edficos comemoram retomada de exporta\u00e7\u00e3o de carne - Naturafrig Alimentos","robots":{"index":"index","follow":"follow","max-snippet":"max-snippet:-1","max-image-preview":"max-image-preview:large","max-video-preview":"max-video-preview:-1"},"canonical":"https:\/\/www.naturafrig.com.br\/zh\/pecuaristas-e-frigorificos-comemoram-retomada-de-exportacao-de-carne\/","og_locale":"zh_CN","og_type":"article","og_title":"Pecuaristas e frigor\u00edficos comemoram retomada de exporta\u00e7\u00e3o de carne - Naturafrig Alimentos","og_description":"As restri\u00e7\u00f5es anunciadas pela R\u00fassia \u00e0s importa\u00e7\u00f5es de carne de seis frigor\u00edficos do Brasil, no fim de semana, ocorreram no momento em que o setor come\u00e7a a consolidar um processo de recupera\u00e7\u00e3o, ap\u00f3s passar pela maior crise de sua hist\u00f3ria, com a Opera\u00e7\u00e3o Carne Fraca, da Pol\u00edcia Federal, que colocou em d\u00favida o sistema de [&hellip;]","og_url":"https:\/\/www.naturafrig.com.br\/zh\/pecuaristas-e-frigorificos-comemoram-retomada-de-exportacao-de-carne\/","og_site_name":"Naturafrig Alimentos","article_publisher":"https:\/\/www.facebook.com\/naturafrig\/","article_published_time":"2017-11-07T13:07:14+00:00","og_image":[{"width":960,"height":635,"url":"https:\/\/www.naturafrig.com.br\/wp-content\/uploads\/2017\/11\/Carne.jpg","type":"image\/jpeg"}],"author":"naturafrig","twitter_card":"summary_large_image","twitter_misc":{"\u4f5c\u8005":"naturafrig","\u9884\u8ba1\u9605\u8bfb\u65f6\u95f4":"3 \u5206"},"schema":{"@context":"https:\/\/schema.org","@graph":[{"@type":"Article","@id":"https:\/\/www.naturafrig.com.br\/pecuaristas-e-frigorificos-comemoram-retomada-de-exportacao-de-carne\/#article","isPartOf":{"@id":"https:\/\/www.naturafrig.com.br\/pecuaristas-e-frigorificos-comemoram-retomada-de-exportacao-de-carne\/"},"author":{"name":"naturafrig","@id":"https:\/\/www.naturafrig.com.br\/#\/schema\/person\/2236af56dd336b8153c73d7ce6952ffa"},"headline":"Pecuaristas e frigor\u00edficos comemoram retomada de exporta\u00e7\u00e3o de carne","datePublished":"2017-11-07T13:07:14+00:00","mainEntityOfPage":{"@id":"https:\/\/www.naturafrig.com.br\/pecuaristas-e-frigorificos-comemoram-retomada-de-exportacao-de-carne\/"},"wordCount":527,"commentCount":0,"publisher":{"@id":"https:\/\/www.naturafrig.com.br\/#organization"},"image":{"@id":"https:\/\/www.naturafrig.com.br\/pecuaristas-e-frigorificos-comemoram-retomada-de-exportacao-de-carne\/#primaryimage"},"thumbnailUrl":"https:\/\/www.naturafrig.com.br\/wp-content\/uploads\/2017\/11\/Carne.jpg","articleSection":["Not\u00edcias"],"inLanguage":"zh-Hans"},{"@type":"WebPage","@id":"https:\/\/www.naturafrig.com.br\/pecuaristas-e-frigorificos-comemoram-retomada-de-exportacao-de-carne\/","url":"https:\/\/www.naturafrig.com.br\/pecuaristas-e-frigorificos-comemoram-retomada-de-exportacao-de-carne\/","name":"Pecuaristas e frigor\u00edficos comemoram retomada de exporta\u00e7\u00e3o de carne - Naturafrig Alimentos","isPartOf":{"@id":"https:\/\/www.naturafrig.com.br\/#website"},"primaryImageOfPage":{"@id":"https:\/\/www.naturafrig.com.br\/pecuaristas-e-frigorificos-comemoram-retomada-de-exportacao-de-carne\/#primaryimage"},"image":{"@id":"https:\/\/www.naturafrig.com.br\/pecuaristas-e-frigorificos-comemoram-retomada-de-exportacao-de-carne\/#primaryimage"},"thumbnailUrl":"https:\/\/www.naturafrig.com.br\/wp-content\/uploads\/2017\/11\/Carne.jpg","datePublished":"2017-11-07T13:07:14+00:00","breadcrumb":{"@id":"https:\/\/www.naturafrig.com.br\/pecuaristas-e-frigorificos-comemoram-retomada-de-exportacao-de-carne\/#breadcrumb"},"inLanguage":"zh-Hans","potentialAction":[{"@type":"ReadAction","target":["https:\/\/www.naturafrig.com.br\/pecuaristas-e-frigorificos-comemoram-retomada-de-exportacao-de-carne\/"]}]},{"@type":"ImageObject","inLanguage":"zh-Hans","@id":"https:\/\/www.naturafrig.com.br\/pecuaristas-e-frigorificos-comemoram-retomada-de-exportacao-de-carne\/#primaryimage","url":"https:\/\/www.naturafrig.com.br\/wp-content\/uploads\/2017\/11\/Carne.jpg","contentUrl":"https:\/\/www.naturafrig.com.br\/wp-content\/uploads\/2017\/11\/Carne.jpg","width":960,"height":635},{"@type":"BreadcrumbList","@id":"https:\/\/www.naturafrig.com.br\/pecuaristas-e-frigorificos-comemoram-retomada-de-exportacao-de-carne\/#breadcrumb","itemListElement":[{"@type":"ListItem","position":1,"name":"In\u00edcio","item":"https:\/\/www.naturafrig.com.br\/"},{"@type":"ListItem","position":2,"name":"Pecuaristas e frigor\u00edficos comemoram retomada de exporta\u00e7\u00e3o de carne"}]},{"@type":"WebSite","@id":"https:\/\/www.naturafrig.com.br\/#website","url":"https:\/\/www.naturafrig.com.br\/","name":"Naturafrig Alimentos","description":"Qualidade em cada corte!","publisher":{"@id":"https:\/\/www.naturafrig.com.br\/#organization"},"potentialAction":[{"@type":"SearchAction","target":{"@type":"EntryPoint","urlTemplate":"https:\/\/www.naturafrig.com.br\/?s={search_term_string}"},"query-input":{"@type":"PropertyValueSpecification","valueRequired":true,"valueName":"search_term_string"}}],"inLanguage":"zh-Hans"},{"@type":"Organization","@id":"https:\/\/www.naturafrig.com.br\/#organization","name":"Naturafrig Alimentos","url":"https:\/\/www.naturafrig.com.br\/","logo":{"@type":"ImageObject","inLanguage":"zh-Hans","@id":"https:\/\/www.naturafrig.com.br\/#\/schema\/logo\/image\/","url":"https:\/\/www.naturafrig.com.br\/wp-content\/uploads\/2025\/11\/logo_naturafrig.png","contentUrl":"https:\/\/www.naturafrig.com.br\/wp-content\/uploads\/2025\/11\/logo_naturafrig.png","width":450,"height":220,"caption":"Naturafrig Alimentos"},"image":{"@id":"https:\/\/www.naturafrig.com.br\/#\/schema\/logo\/image\/"},"sameAs":["https:\/\/www.facebook.com\/naturafrig\/"]},{"@type":"Person","@id":"https:\/\/www.naturafrig.com.br\/#\/schema\/person\/2236af56dd336b8153c73d7ce6952ffa","name":"naturafrig","image":{"@type":"ImageObject","inLanguage":"zh-Hans","@id":"https:\/\/secure.gravatar.com\/avatar\/bf850200d24c8ad5ac328f455ea5424b4aab297cbdf824ea4518f2b240d94a64?s=96&d=mm&r=g","url":"https:\/\/secure.gravatar.com\/avatar\/bf850200d24c8ad5ac328f455ea5424b4aab297cbdf824ea4518f2b240d94a64?s=96&d=mm&r=g","contentUrl":"https:\/\/secure.gravatar.com\/avatar\/bf850200d24c8ad5ac328f455ea5424b4aab297cbdf824ea4518f2b240d94a64?s=96&d=mm&r=g","caption":"naturafrig"},"sameAs":["https:\/\/www.naturafrig.com.br"],"url":"https:\/\/www.naturafrig.com.br\/zh\/author\/naturafrig\/"}]}},"_links":{"self":[{"href":"https:\/\/www.naturafrig.com.br\/zh\/wp-json\/wp\/v2\/posts\/760","targetHints":{"allow":["GET"]}}],"collection":[{"href":"https:\/\/www.naturafrig.com.br\/zh\/wp-json\/wp\/v2\/posts"}],"about":[{"href":"https:\/\/www.naturafrig.com.br\/zh\/wp-json\/wp\/v2\/types\/post"}],"author":[{"embeddable":true,"href":"https:\/\/www.naturafrig.com.br\/zh\/wp-json\/wp\/v2\/users\/1"}],"replies":[{"embeddable":true,"href":"https:\/\/www.naturafrig.com.br\/zh\/wp-json\/wp\/v2\/comments?post=760"}],"version-history":[{"count":0,"href":"https:\/\/www.naturafrig.com.br\/zh\/wp-json\/wp\/v2\/posts\/760\/revisions"}],"wp:featuredmedia":[{"embeddable":true,"href":"https:\/\/www.naturafrig.com.br\/zh\/wp-json\/wp\/v2\/media\/761"}],"wp:attachment":[{"href":"https:\/\/www.naturafrig.com.br\/zh\/wp-json\/wp\/v2\/media?parent=760"}],"wp:term":[{"taxonomy":"category","embeddable":true,"href":"https:\/\/www.naturafrig.com.br\/zh\/wp-json\/wp\/v2\/categories?post=760"},{"taxonomy":"post_tag","embeddable":true,"href":"https:\/\/www.naturafrig.com.br\/zh\/wp-json\/wp\/v2\/tags?post=760"}],"curies":[{"name":"wp","href":"https:\/\/api.w.org\/{rel}","templated":true}]}}