{"id":808,"date":"2018-05-10T12:03:35","date_gmt":"2018-05-10T15:03:35","guid":{"rendered":"http:\/\/www.naturafrig.com.br\/site\/?p=808"},"modified":"2018-05-10T12:03:35","modified_gmt":"2018-05-10T15:03:35","slug":"receitas-de-filhos-para-maes","status":"publish","type":"post","link":"https:\/\/www.naturafrig.com.br\/zh\/receitas-de-filhos-para-maes\/","title":{"rendered":"Receitas de filhos para m\u00e3es: conhe\u00e7a a campanha de dia das m\u00e3es da Naturafrig."},"content":{"rendered":"<p>N\u00e3o tem coisa mais nost\u00e1lgica do que aquela\u00a0<span class=\"il\">receita<\/span>\u00a0com gosto de inf\u00e2ncia\u00a0que nos leva para\u00a0os dias em que cheg\u00e1vamos da escola e, na mesa do almo\u00e7o, um prato de comida nos esperava. Tudo feito com carinho e aquele tempero que, de longe, define a nossa m\u00e3e.\u00a0<\/p>\n<p>Somos apaixonados por essa mistura de amor e paladares, e por isso, desafiamos os nossos consumidores a participar da nossa campanha de Dia das M\u00e3es, &#8220;<span class=\"il\">\u98df\u8c31<\/span>\u00a0de\u00a0<span class=\"il\">filhos<\/span>\u00a0para m\u00e3es&#8221;. Como o pr\u00f3prio nome diz, aqui o chefe ser\u00e1 voc\u00ea e ela, quem degustar\u00e1 o resultado final.\u00a0<\/p>\n<p>E claro que n\u00e3o vamos deixar voc\u00ea \u00e0s cegas nesta!\u00a0<\/p>\n<p>Para dar in\u00edcio ao seu momento chefe de cozinha, deixamos uma\u00a0<span class=\"il\">receita<\/span>\u00a0saborosa que vai conquistar a sua m\u00e3e.\u00a0\u00a0<\/p>\n<p><strong>Fraldinha de panela<\/strong><\/p>\n<p>Ingredientes:<\/p>\n<ul>\n<li>1 pe\u00e7a de fraldinha ou picanha<\/li>\n<li>3 cebolas grandes, em rodelas<\/li>\n<li>1 colher, das de sobremesa, de sal fino<\/li>\n<li>Pimenta-do-reino a gosto<\/li>\n<li>Pimenta calabresa a gosto<\/li>\n<li>3 colheres, das de sopa, de azeite<\/li>\n<li>3 dentes de alho, amassados<\/li>\n<\/ul>\n<p>Modo de preparo:\u00a0<\/p>\n<ol>\n<li>Compre uma pe\u00e7a de fraldinha\u00a0<span style=\"color: #000000;\">Naturafrig<\/span>\u00a0de aproximadamente 1,3 kg;<\/li>\n<li>Tempere com sal fino e reserve;<\/li>\n<li>Em uma panela de press\u00e3o, coloque um fio de azeite, a pe\u00e7a de fraldinha com a gordura virada para baixo e cubra a carne com as rodelas de cebola;<\/li>\n<li>Salpique pimenta calabresa, pimenta-do-reino mo\u00edda na hora, alho espremido, sal fino e regue com o azeite restante;<\/li>\n<li>Depois \u00e9 s\u00f3 tampar a panela e levar ao fogo alto e contar 35 minutos ap\u00f3s a panela pegar press\u00e3o;<\/li>\n<li>Espere a press\u00e3o sair completamente, retire as rodelas de cebola. Com cuidado, fatie a carne e coloque em uma travessa;<\/li>\n<li>Cubra a carne com as rodelas de cebola cozidas e com o caldo que sobrou na panela.<\/li>\n<\/ol>\n<p>Acompanhe com um arroz branco e salada de folhas. F\u00e1cil, n\u00e3o?\u00a0<\/p>","protected":false},"excerpt":{"rendered":"<p>N\u00e3o tem coisa mais nost\u00e1lgica do que aquela\u00a0receita\u00a0com gosto de inf\u00e2ncia\u00a0que nos leva para\u00a0os dias em que cheg\u00e1vamos da escola e, na mesa do almo\u00e7o, um prato de comida nos esperava. Tudo feito com carinho e aquele tempero que, de longe, define a nossa m\u00e3e.\u00a0 Somos apaixonados por essa mistura de amor e paladares, e [&hellip;]<\/p>\n","protected":false},"author":1,"featured_media":6348,"comment_status":"open","ping_status":"open","sticky":false,"template":"","format":"standard","meta":{"_acf_changed":false,"inline_featured_image":false,"footnotes":""},"categories":[1],"tags":[],"class_list":["post-808","post","type-post","status-publish","format-standard","has-post-thumbnail","hentry","category-noticias"],"acf":[],"yoast_head":"<!-- This site is optimized with the Yoast SEO plugin v27.5 - https:\/\/yoast.com\/product\/yoast-seo-wordpress\/ -->\n<title>Receitas de filhos para m\u00e3es: conhe\u00e7a a campanha de dia das m\u00e3es da Naturafrig. - Naturafrig Alimentos<\/title>\n<meta name=\"robots\" content=\"index, follow, max-snippet:-1, max-image-preview:large, max-video-preview:-1\" \/>\n<link rel=\"canonical\" href=\"https:\/\/www.naturafrig.com.br\/zh\/receitas-de-filhos-para-maes\/\" \/>\n<meta property=\"og:locale\" content=\"zh_CN\" \/>\n<meta property=\"og:type\" content=\"article\" \/>\n<meta property=\"og:title\" content=\"Receitas de filhos para m\u00e3es: conhe\u00e7a a campanha de dia das m\u00e3es da Naturafrig. - Naturafrig Alimentos\" \/>\n<meta property=\"og:description\" content=\"N\u00e3o tem coisa mais nost\u00e1lgica do que aquela\u00a0receita\u00a0com gosto de inf\u00e2ncia\u00a0que nos leva para\u00a0os dias em que cheg\u00e1vamos da escola e, na mesa do almo\u00e7o, um prato de comida nos esperava. Tudo feito com carinho e aquele tempero que, de longe, define a nossa m\u00e3e.\u00a0 Somos apaixonados por essa mistura de amor e paladares, e [&hellip;]\" \/>\n<meta property=\"og:url\" content=\"https:\/\/www.naturafrig.com.br\/zh\/receitas-de-filhos-para-maes\/\" \/>\n<meta property=\"og:site_name\" content=\"Naturafrig Alimentos\" \/>\n<meta property=\"article:publisher\" content=\"https:\/\/www.facebook.com\/naturafrig\/\" \/>\n<meta property=\"article:published_time\" content=\"2018-05-10T15:03:35+00:00\" \/>\n<meta property=\"og:image\" content=\"https:\/\/www.naturafrig.com.br\/wp-content\/uploads\/2018\/05\/03_RECEITAS-DE-FILHOS-PARA-MaES-CONHEcA-A-CAMPANHA-DE-DIA-DAS-MaES-DA-NATURAFRIG.jpg\" \/>\n\t<meta property=\"og:image:width\" content=\"770\" \/>\n\t<meta property=\"og:image:height\" content=\"530\" \/>\n\t<meta property=\"og:image:type\" content=\"image\/jpeg\" \/>\n<meta name=\"author\" content=\"naturafrig\" \/>\n<meta name=\"twitter:card\" content=\"summary_large_image\" \/>\n<meta name=\"twitter:label1\" content=\"\u4f5c\u8005\" \/>\n\t<meta name=\"twitter:data1\" content=\"naturafrig\" \/>\n\t<meta name=\"twitter:label2\" content=\"\u9884\u8ba1\u9605\u8bfb\u65f6\u95f4\" \/>\n\t<meta name=\"twitter:data2\" content=\"2 \u5206\" \/>\n<script type=\"application\/ld+json\" class=\"yoast-schema-graph\">{\"@context\":\"https:\\\/\\\/schema.org\",\"@graph\":[{\"@type\":\"Article\",\"@id\":\"https:\\\/\\\/www.naturafrig.com.br\\\/receitas-de-filhos-para-maes\\\/#article\",\"isPartOf\":{\"@id\":\"https:\\\/\\\/www.naturafrig.com.br\\\/receitas-de-filhos-para-maes\\\/\"},\"author\":{\"name\":\"naturafrig\",\"@id\":\"https:\\\/\\\/www.naturafrig.com.br\\\/#\\\/schema\\\/person\\\/2236af56dd336b8153c73d7ce6952ffa\"},\"headline\":\"Receitas de filhos para m\u00e3es: conhe\u00e7a a campanha de dia das m\u00e3es da Naturafrig.\",\"datePublished\":\"2018-05-10T15:03:35+00:00\",\"mainEntityOfPage\":{\"@id\":\"https:\\\/\\\/www.naturafrig.com.br\\\/receitas-de-filhos-para-maes\\\/\"},\"wordCount\":331,\"commentCount\":0,\"publisher\":{\"@id\":\"https:\\\/\\\/www.naturafrig.com.br\\\/#organization\"},\"image\":{\"@id\":\"https:\\\/\\\/www.naturafrig.com.br\\\/receitas-de-filhos-para-maes\\\/#primaryimage\"},\"thumbnailUrl\":\"https:\\\/\\\/www.naturafrig.com.br\\\/wp-content\\\/uploads\\\/2018\\\/05\\\/03_RECEITAS-DE-FILHOS-PARA-MaES-CONHEcA-A-CAMPANHA-DE-DIA-DAS-MaES-DA-NATURAFRIG.jpg\",\"articleSection\":[\"Not\u00edcias\"],\"inLanguage\":\"zh-Hans\"},{\"@type\":\"WebPage\",\"@id\":\"https:\\\/\\\/www.naturafrig.com.br\\\/receitas-de-filhos-para-maes\\\/\",\"url\":\"https:\\\/\\\/www.naturafrig.com.br\\\/receitas-de-filhos-para-maes\\\/\",\"name\":\"Receitas de filhos para m\u00e3es: conhe\u00e7a a campanha de dia das m\u00e3es da Naturafrig. - Naturafrig Alimentos\",\"isPartOf\":{\"@id\":\"https:\\\/\\\/www.naturafrig.com.br\\\/#website\"},\"primaryImageOfPage\":{\"@id\":\"https:\\\/\\\/www.naturafrig.com.br\\\/receitas-de-filhos-para-maes\\\/#primaryimage\"},\"image\":{\"@id\":\"https:\\\/\\\/www.naturafrig.com.br\\\/receitas-de-filhos-para-maes\\\/#primaryimage\"},\"thumbnailUrl\":\"https:\\\/\\\/www.naturafrig.com.br\\\/wp-content\\\/uploads\\\/2018\\\/05\\\/03_RECEITAS-DE-FILHOS-PARA-MaES-CONHEcA-A-CAMPANHA-DE-DIA-DAS-MaES-DA-NATURAFRIG.jpg\",\"datePublished\":\"2018-05-10T15:03:35+00:00\",\"breadcrumb\":{\"@id\":\"https:\\\/\\\/www.naturafrig.com.br\\\/receitas-de-filhos-para-maes\\\/#breadcrumb\"},\"inLanguage\":\"zh-Hans\",\"potentialAction\":[{\"@type\":\"ReadAction\",\"target\":[\"https:\\\/\\\/www.naturafrig.com.br\\\/receitas-de-filhos-para-maes\\\/\"]}]},{\"@type\":\"ImageObject\",\"inLanguage\":\"zh-Hans\",\"@id\":\"https:\\\/\\\/www.naturafrig.com.br\\\/receitas-de-filhos-para-maes\\\/#primaryimage\",\"url\":\"https:\\\/\\\/www.naturafrig.com.br\\\/wp-content\\\/uploads\\\/2018\\\/05\\\/03_RECEITAS-DE-FILHOS-PARA-MaES-CONHEcA-A-CAMPANHA-DE-DIA-DAS-MaES-DA-NATURAFRIG.jpg\",\"contentUrl\":\"https:\\\/\\\/www.naturafrig.com.br\\\/wp-content\\\/uploads\\\/2018\\\/05\\\/03_RECEITAS-DE-FILHOS-PARA-MaES-CONHEcA-A-CAMPANHA-DE-DIA-DAS-MaES-DA-NATURAFRIG.jpg\",\"width\":770,\"height\":530},{\"@type\":\"BreadcrumbList\",\"@id\":\"https:\\\/\\\/www.naturafrig.com.br\\\/receitas-de-filhos-para-maes\\\/#breadcrumb\",\"itemListElement\":[{\"@type\":\"ListItem\",\"position\":1,\"name\":\"In\u00edcio\",\"item\":\"https:\\\/\\\/www.naturafrig.com.br\\\/\"},{\"@type\":\"ListItem\",\"position\":2,\"name\":\"Receitas de filhos para m\u00e3es: conhe\u00e7a a campanha de dia das m\u00e3es da Naturafrig.\"}]},{\"@type\":\"WebSite\",\"@id\":\"https:\\\/\\\/www.naturafrig.com.br\\\/#website\",\"url\":\"https:\\\/\\\/www.naturafrig.com.br\\\/\",\"name\":\"Naturafrig Alimentos\",\"description\":\"Qualidade em cada corte!\",\"publisher\":{\"@id\":\"https:\\\/\\\/www.naturafrig.com.br\\\/#organization\"},\"potentialAction\":[{\"@type\":\"SearchAction\",\"target\":{\"@type\":\"EntryPoint\",\"urlTemplate\":\"https:\\\/\\\/www.naturafrig.com.br\\\/?s={search_term_string}\"},\"query-input\":{\"@type\":\"PropertyValueSpecification\",\"valueRequired\":true,\"valueName\":\"search_term_string\"}}],\"inLanguage\":\"zh-Hans\"},{\"@type\":\"Organization\",\"@id\":\"https:\\\/\\\/www.naturafrig.com.br\\\/#organization\",\"name\":\"Naturafrig Alimentos\",\"url\":\"https:\\\/\\\/www.naturafrig.com.br\\\/\",\"logo\":{\"@type\":\"ImageObject\",\"inLanguage\":\"zh-Hans\",\"@id\":\"https:\\\/\\\/www.naturafrig.com.br\\\/#\\\/schema\\\/logo\\\/image\\\/\",\"url\":\"https:\\\/\\\/www.naturafrig.com.br\\\/wp-content\\\/uploads\\\/2025\\\/11\\\/logo_naturafrig.png\",\"contentUrl\":\"https:\\\/\\\/www.naturafrig.com.br\\\/wp-content\\\/uploads\\\/2025\\\/11\\\/logo_naturafrig.png\",\"width\":450,\"height\":220,\"caption\":\"Naturafrig Alimentos\"},\"image\":{\"@id\":\"https:\\\/\\\/www.naturafrig.com.br\\\/#\\\/schema\\\/logo\\\/image\\\/\"},\"sameAs\":[\"https:\\\/\\\/www.facebook.com\\\/naturafrig\\\/\"]},{\"@type\":\"Person\",\"@id\":\"https:\\\/\\\/www.naturafrig.com.br\\\/#\\\/schema\\\/person\\\/2236af56dd336b8153c73d7ce6952ffa\",\"name\":\"naturafrig\",\"image\":{\"@type\":\"ImageObject\",\"inLanguage\":\"zh-Hans\",\"@id\":\"https:\\\/\\\/secure.gravatar.com\\\/avatar\\\/bf850200d24c8ad5ac328f455ea5424b4aab297cbdf824ea4518f2b240d94a64?s=96&d=mm&r=g\",\"url\":\"https:\\\/\\\/secure.gravatar.com\\\/avatar\\\/bf850200d24c8ad5ac328f455ea5424b4aab297cbdf824ea4518f2b240d94a64?s=96&d=mm&r=g\",\"contentUrl\":\"https:\\\/\\\/secure.gravatar.com\\\/avatar\\\/bf850200d24c8ad5ac328f455ea5424b4aab297cbdf824ea4518f2b240d94a64?s=96&d=mm&r=g\",\"caption\":\"naturafrig\"},\"sameAs\":[\"https:\\\/\\\/www.naturafrig.com.br\"],\"url\":\"https:\\\/\\\/www.naturafrig.com.br\\\/zh\\\/author\\\/naturafrig\\\/\"}]}<\/script>\n<!-- \/ Yoast SEO plugin. -->","yoast_head_json":{"title":"Receitas de filhos para m\u00e3es: conhe\u00e7a a campanha de dia das m\u00e3es da Naturafrig. - Naturafrig Alimentos","robots":{"index":"index","follow":"follow","max-snippet":"max-snippet:-1","max-image-preview":"max-image-preview:large","max-video-preview":"max-video-preview:-1"},"canonical":"https:\/\/www.naturafrig.com.br\/zh\/receitas-de-filhos-para-maes\/","og_locale":"zh_CN","og_type":"article","og_title":"Receitas de filhos para m\u00e3es: conhe\u00e7a a campanha de dia das m\u00e3es da Naturafrig. - Naturafrig Alimentos","og_description":"N\u00e3o tem coisa mais nost\u00e1lgica do que aquela\u00a0receita\u00a0com gosto de inf\u00e2ncia\u00a0que nos leva para\u00a0os dias em que cheg\u00e1vamos da escola e, na mesa do almo\u00e7o, um prato de comida nos esperava. Tudo feito com carinho e aquele tempero que, de longe, define a nossa m\u00e3e.\u00a0 Somos apaixonados por essa mistura de amor e paladares, e [&hellip;]","og_url":"https:\/\/www.naturafrig.com.br\/zh\/receitas-de-filhos-para-maes\/","og_site_name":"Naturafrig Alimentos","article_publisher":"https:\/\/www.facebook.com\/naturafrig\/","article_published_time":"2018-05-10T15:03:35+00:00","og_image":[{"width":770,"height":530,"url":"https:\/\/www.naturafrig.com.br\/wp-content\/uploads\/2018\/05\/03_RECEITAS-DE-FILHOS-PARA-MaES-CONHEcA-A-CAMPANHA-DE-DIA-DAS-MaES-DA-NATURAFRIG.jpg","type":"image\/jpeg"}],"author":"naturafrig","twitter_card":"summary_large_image","twitter_misc":{"\u4f5c\u8005":"naturafrig","\u9884\u8ba1\u9605\u8bfb\u65f6\u95f4":"2 \u5206"},"schema":{"@context":"https:\/\/schema.org","@graph":[{"@type":"Article","@id":"https:\/\/www.naturafrig.com.br\/receitas-de-filhos-para-maes\/#article","isPartOf":{"@id":"https:\/\/www.naturafrig.com.br\/receitas-de-filhos-para-maes\/"},"author":{"name":"naturafrig","@id":"https:\/\/www.naturafrig.com.br\/#\/schema\/person\/2236af56dd336b8153c73d7ce6952ffa"},"headline":"Receitas de filhos para m\u00e3es: conhe\u00e7a a campanha de dia das m\u00e3es da Naturafrig.","datePublished":"2018-05-10T15:03:35+00:00","mainEntityOfPage":{"@id":"https:\/\/www.naturafrig.com.br\/receitas-de-filhos-para-maes\/"},"wordCount":331,"commentCount":0,"publisher":{"@id":"https:\/\/www.naturafrig.com.br\/#organization"},"image":{"@id":"https:\/\/www.naturafrig.com.br\/receitas-de-filhos-para-maes\/#primaryimage"},"thumbnailUrl":"https:\/\/www.naturafrig.com.br\/wp-content\/uploads\/2018\/05\/03_RECEITAS-DE-FILHOS-PARA-MaES-CONHEcA-A-CAMPANHA-DE-DIA-DAS-MaES-DA-NATURAFRIG.jpg","articleSection":["Not\u00edcias"],"inLanguage":"zh-Hans"},{"@type":"WebPage","@id":"https:\/\/www.naturafrig.com.br\/receitas-de-filhos-para-maes\/","url":"https:\/\/www.naturafrig.com.br\/receitas-de-filhos-para-maes\/","name":"Receitas de filhos para m\u00e3es: conhe\u00e7a a campanha de dia das m\u00e3es da Naturafrig. - Naturafrig Alimentos","isPartOf":{"@id":"https:\/\/www.naturafrig.com.br\/#website"},"primaryImageOfPage":{"@id":"https:\/\/www.naturafrig.com.br\/receitas-de-filhos-para-maes\/#primaryimage"},"image":{"@id":"https:\/\/www.naturafrig.com.br\/receitas-de-filhos-para-maes\/#primaryimage"},"thumbnailUrl":"https:\/\/www.naturafrig.com.br\/wp-content\/uploads\/2018\/05\/03_RECEITAS-DE-FILHOS-PARA-MaES-CONHEcA-A-CAMPANHA-DE-DIA-DAS-MaES-DA-NATURAFRIG.jpg","datePublished":"2018-05-10T15:03:35+00:00","breadcrumb":{"@id":"https:\/\/www.naturafrig.com.br\/receitas-de-filhos-para-maes\/#breadcrumb"},"inLanguage":"zh-Hans","potentialAction":[{"@type":"ReadAction","target":["https:\/\/www.naturafrig.com.br\/receitas-de-filhos-para-maes\/"]}]},{"@type":"ImageObject","inLanguage":"zh-Hans","@id":"https:\/\/www.naturafrig.com.br\/receitas-de-filhos-para-maes\/#primaryimage","url":"https:\/\/www.naturafrig.com.br\/wp-content\/uploads\/2018\/05\/03_RECEITAS-DE-FILHOS-PARA-MaES-CONHEcA-A-CAMPANHA-DE-DIA-DAS-MaES-DA-NATURAFRIG.jpg","contentUrl":"https:\/\/www.naturafrig.com.br\/wp-content\/uploads\/2018\/05\/03_RECEITAS-DE-FILHOS-PARA-MaES-CONHEcA-A-CAMPANHA-DE-DIA-DAS-MaES-DA-NATURAFRIG.jpg","width":770,"height":530},{"@type":"BreadcrumbList","@id":"https:\/\/www.naturafrig.com.br\/receitas-de-filhos-para-maes\/#breadcrumb","itemListElement":[{"@type":"ListItem","position":1,"name":"In\u00edcio","item":"https:\/\/www.naturafrig.com.br\/"},{"@type":"ListItem","position":2,"name":"Receitas de filhos para m\u00e3es: conhe\u00e7a a campanha de dia das m\u00e3es da Naturafrig."}]},{"@type":"WebSite","@id":"https:\/\/www.naturafrig.com.br\/#website","url":"https:\/\/www.naturafrig.com.br\/","name":"Naturafrig Alimentos","description":"Qualidade em cada corte!","publisher":{"@id":"https:\/\/www.naturafrig.com.br\/#organization"},"potentialAction":[{"@type":"SearchAction","target":{"@type":"EntryPoint","urlTemplate":"https:\/\/www.naturafrig.com.br\/?s={search_term_string}"},"query-input":{"@type":"PropertyValueSpecification","valueRequired":true,"valueName":"search_term_string"}}],"inLanguage":"zh-Hans"},{"@type":"Organization","@id":"https:\/\/www.naturafrig.com.br\/#organization","name":"Naturafrig Alimentos","url":"https:\/\/www.naturafrig.com.br\/","logo":{"@type":"ImageObject","inLanguage":"zh-Hans","@id":"https:\/\/www.naturafrig.com.br\/#\/schema\/logo\/image\/","url":"https:\/\/www.naturafrig.com.br\/wp-content\/uploads\/2025\/11\/logo_naturafrig.png","contentUrl":"https:\/\/www.naturafrig.com.br\/wp-content\/uploads\/2025\/11\/logo_naturafrig.png","width":450,"height":220,"caption":"Naturafrig Alimentos"},"image":{"@id":"https:\/\/www.naturafrig.com.br\/#\/schema\/logo\/image\/"},"sameAs":["https:\/\/www.facebook.com\/naturafrig\/"]},{"@type":"Person","@id":"https:\/\/www.naturafrig.com.br\/#\/schema\/person\/2236af56dd336b8153c73d7ce6952ffa","name":"naturafrig","image":{"@type":"ImageObject","inLanguage":"zh-Hans","@id":"https:\/\/secure.gravatar.com\/avatar\/bf850200d24c8ad5ac328f455ea5424b4aab297cbdf824ea4518f2b240d94a64?s=96&d=mm&r=g","url":"https:\/\/secure.gravatar.com\/avatar\/bf850200d24c8ad5ac328f455ea5424b4aab297cbdf824ea4518f2b240d94a64?s=96&d=mm&r=g","contentUrl":"https:\/\/secure.gravatar.com\/avatar\/bf850200d24c8ad5ac328f455ea5424b4aab297cbdf824ea4518f2b240d94a64?s=96&d=mm&r=g","caption":"naturafrig"},"sameAs":["https:\/\/www.naturafrig.com.br"],"url":"https:\/\/www.naturafrig.com.br\/zh\/author\/naturafrig\/"}]}},"_links":{"self":[{"href":"https:\/\/www.naturafrig.com.br\/zh\/wp-json\/wp\/v2\/posts\/808","targetHints":{"allow":["GET"]}}],"collection":[{"href":"https:\/\/www.naturafrig.com.br\/zh\/wp-json\/wp\/v2\/posts"}],"about":[{"href":"https:\/\/www.naturafrig.com.br\/zh\/wp-json\/wp\/v2\/types\/post"}],"author":[{"embeddable":true,"href":"https:\/\/www.naturafrig.com.br\/zh\/wp-json\/wp\/v2\/users\/1"}],"replies":[{"embeddable":true,"href":"https:\/\/www.naturafrig.com.br\/zh\/wp-json\/wp\/v2\/comments?post=808"}],"version-history":[{"count":0,"href":"https:\/\/www.naturafrig.com.br\/zh\/wp-json\/wp\/v2\/posts\/808\/revisions"}],"wp:featuredmedia":[{"embeddable":true,"href":"https:\/\/www.naturafrig.com.br\/zh\/wp-json\/wp\/v2\/media\/6348"}],"wp:attachment":[{"href":"https:\/\/www.naturafrig.com.br\/zh\/wp-json\/wp\/v2\/media?parent=808"}],"wp:term":[{"taxonomy":"category","embeddable":true,"href":"https:\/\/www.naturafrig.com.br\/zh\/wp-json\/wp\/v2\/categories?post=808"},{"taxonomy":"post_tag","embeddable":true,"href":"https:\/\/www.naturafrig.com.br\/zh\/wp-json\/wp\/v2\/tags?post=808"}],"curies":[{"name":"wp","href":"https:\/\/api.w.org\/{rel}","templated":true}]}}