{"id":917,"date":"2020-03-25T11:52:24","date_gmt":"2020-03-25T14:52:24","guid":{"rendered":"https:\/\/www.naturafrig.com.br\/site\/?p=917"},"modified":"2020-03-25T11:52:24","modified_gmt":"2020-03-25T14:52:24","slug":"a-sua-alimentacao-nao-pode-parar","status":"publish","type":"post","link":"https:\/\/www.naturafrig.com.br\/zh\/a-sua-alimentacao-nao-pode-parar\/","title":{"rendered":"A sua alimenta\u00e7\u00e3o n\u00e3o pode parar"},"content":{"rendered":"<p>A <strong>Naturafrig Alimentos<\/strong> est\u00e1 obedecendo as devidas regulamenta\u00e7\u00f5es impostas pelo <strong>Minist\u00e9rio da Agricultura, Pecu\u00e1ria e Abastecimento<\/strong>, e sempre mantendo o padr\u00e3o adequado de servi\u00e7o. <\/p>\n<p>Estamos cientes do desafio que nosso pa\u00eds e mundo passam, e do nosso compromisso de levar o alimento a toda a popula\u00e7\u00e3o. Portanto seguimos na produ\u00e7\u00e3o e distribui\u00e7\u00e3o das nossas <strong>carnes<\/strong>, a fim de garantir o devido abastecimento nas casas de nossas fam\u00edlias. <\/p>\n<p>Deixamos claro que seguiremos executando cada processo com responsabilidade redobrada, visando a sa\u00fade e seguran\u00e7a de todos os nossos colaboradores, mantendo nossas unidades fiscalizadas pelo <strong>Servi\u00e7o de Inspe\u00e7\u00e3o Federal<\/strong> (<strong>SIF<\/strong>). <\/p>\n<p>Sabemos que com a colabora\u00e7\u00e3o de todos iremos superar esse momento da hist\u00f3ria. Vamos abastecer cada lar, cada fam\u00edlia. Juntos e com muita f\u00e9 iremos passar por esse momento, conte com a <strong>Naturafrig<\/strong>. <\/p>\n<p>Agradecemos em particular a todos os nossos colaboradores pelo desafio,<\/p>\n<p>&nbsp;<\/p>\n<p><strong>Muito obrigado!<\/strong><\/p>","protected":false},"excerpt":{"rendered":"<p>A Naturafrig Alimentos est\u00e1 obedecendo as devidas regulamenta\u00e7\u00f5es impostas pelo Minist\u00e9rio da Agricultura, Pecu\u00e1ria e Abastecimento, e sempre mantendo o padr\u00e3o adequado de servi\u00e7o. Estamos cientes do desafio que nosso pa\u00eds e mundo passam, e do nosso compromisso de levar o alimento a toda a popula\u00e7\u00e3o. Portanto seguimos na produ\u00e7\u00e3o e distribui\u00e7\u00e3o das nossas carnes, [&hellip;]<\/p>\n","protected":false},"author":1,"featured_media":598,"comment_status":"open","ping_status":"open","sticky":false,"template":"","format":"standard","meta":{"_acf_changed":false,"inline_featured_image":false,"footnotes":""},"categories":[1],"tags":[33,37,38],"class_list":["post-917","post","type-post","status-publish","format-standard","has-post-thumbnail","hentry","category-noticias","tag-naturafrig","tag-covid","tag-sif"],"acf":[],"yoast_head":"<!-- This site is optimized with the Yoast SEO plugin v27.5 - https:\/\/yoast.com\/product\/yoast-seo-wordpress\/ -->\n<title>A sua alimenta\u00e7\u00e3o n\u00e3o pode parar - Naturafrig Alimentos<\/title>\n<meta name=\"robots\" content=\"index, follow, max-snippet:-1, max-image-preview:large, max-video-preview:-1\" \/>\n<link rel=\"canonical\" href=\"https:\/\/www.naturafrig.com.br\/zh\/a-sua-alimentacao-nao-pode-parar\/\" \/>\n<meta property=\"og:locale\" content=\"zh_CN\" \/>\n<meta property=\"og:type\" content=\"article\" \/>\n<meta property=\"og:title\" content=\"A sua alimenta\u00e7\u00e3o n\u00e3o pode parar - Naturafrig Alimentos\" \/>\n<meta property=\"og:description\" content=\"A Naturafrig Alimentos est\u00e1 obedecendo as devidas regulamenta\u00e7\u00f5es impostas pelo Minist\u00e9rio da Agricultura, Pecu\u00e1ria e Abastecimento, e sempre mantendo o padr\u00e3o adequado de servi\u00e7o. Estamos cientes do desafio que nosso pa\u00eds e mundo passam, e do nosso compromisso de levar o alimento a toda a popula\u00e7\u00e3o. Portanto seguimos na produ\u00e7\u00e3o e distribui\u00e7\u00e3o das nossas carnes, [&hellip;]\" \/>\n<meta property=\"og:url\" content=\"https:\/\/www.naturafrig.com.br\/zh\/a-sua-alimentacao-nao-pode-parar\/\" \/>\n<meta property=\"og:site_name\" content=\"Naturafrig Alimentos\" \/>\n<meta property=\"article:publisher\" content=\"https:\/\/www.facebook.com\/naturafrig\/\" \/>\n<meta property=\"article:published_time\" content=\"2020-03-25T14:52:24+00:00\" \/>\n<meta property=\"og:image\" content=\"https:\/\/www.naturafrig.com.br\/wp-content\/uploads\/2016\/09\/banner_empresa1.png\" \/>\n\t<meta property=\"og:image:width\" content=\"1920\" \/>\n\t<meta property=\"og:image:height\" content=\"500\" \/>\n\t<meta property=\"og:image:type\" content=\"image\/png\" \/>\n<meta name=\"author\" content=\"naturafrig\" \/>\n<meta name=\"twitter:card\" content=\"summary_large_image\" \/>\n<meta name=\"twitter:label1\" content=\"\u4f5c\u8005\" \/>\n\t<meta name=\"twitter:data1\" content=\"naturafrig\" \/>\n\t<meta name=\"twitter:label2\" content=\"\u9884\u8ba1\u9605\u8bfb\u65f6\u95f4\" \/>\n\t<meta name=\"twitter:data2\" content=\"1 \u5206\" \/>\n<script type=\"application\/ld+json\" class=\"yoast-schema-graph\">{\"@context\":\"https:\\\/\\\/schema.org\",\"@graph\":[{\"@type\":\"Article\",\"@id\":\"https:\\\/\\\/www.naturafrig.com.br\\\/a-sua-alimentacao-nao-pode-parar\\\/#article\",\"isPartOf\":{\"@id\":\"https:\\\/\\\/www.naturafrig.com.br\\\/a-sua-alimentacao-nao-pode-parar\\\/\"},\"author\":{\"name\":\"naturafrig\",\"@id\":\"https:\\\/\\\/www.naturafrig.com.br\\\/#\\\/schema\\\/person\\\/2236af56dd336b8153c73d7ce6952ffa\"},\"headline\":\"A sua alimenta\u00e7\u00e3o n\u00e3o pode parar\",\"datePublished\":\"2020-03-25T14:52:24+00:00\",\"mainEntityOfPage\":{\"@id\":\"https:\\\/\\\/www.naturafrig.com.br\\\/a-sua-alimentacao-nao-pode-parar\\\/\"},\"wordCount\":168,\"commentCount\":0,\"publisher\":{\"@id\":\"https:\\\/\\\/www.naturafrig.com.br\\\/#organization\"},\"image\":{\"@id\":\"https:\\\/\\\/www.naturafrig.com.br\\\/a-sua-alimentacao-nao-pode-parar\\\/#primaryimage\"},\"thumbnailUrl\":\"https:\\\/\\\/www.naturafrig.com.br\\\/wp-content\\\/uploads\\\/2016\\\/09\\\/banner_empresa1.png\",\"keywords\":[\"Naturafrig\",\"covid\",\"sif\"],\"articleSection\":[\"Not\u00edcias\"],\"inLanguage\":\"zh-Hans\"},{\"@type\":\"WebPage\",\"@id\":\"https:\\\/\\\/www.naturafrig.com.br\\\/a-sua-alimentacao-nao-pode-parar\\\/\",\"url\":\"https:\\\/\\\/www.naturafrig.com.br\\\/a-sua-alimentacao-nao-pode-parar\\\/\",\"name\":\"A sua alimenta\u00e7\u00e3o n\u00e3o pode parar - Naturafrig Alimentos\",\"isPartOf\":{\"@id\":\"https:\\\/\\\/www.naturafrig.com.br\\\/#website\"},\"primaryImageOfPage\":{\"@id\":\"https:\\\/\\\/www.naturafrig.com.br\\\/a-sua-alimentacao-nao-pode-parar\\\/#primaryimage\"},\"image\":{\"@id\":\"https:\\\/\\\/www.naturafrig.com.br\\\/a-sua-alimentacao-nao-pode-parar\\\/#primaryimage\"},\"thumbnailUrl\":\"https:\\\/\\\/www.naturafrig.com.br\\\/wp-content\\\/uploads\\\/2016\\\/09\\\/banner_empresa1.png\",\"datePublished\":\"2020-03-25T14:52:24+00:00\",\"breadcrumb\":{\"@id\":\"https:\\\/\\\/www.naturafrig.com.br\\\/a-sua-alimentacao-nao-pode-parar\\\/#breadcrumb\"},\"inLanguage\":\"zh-Hans\",\"potentialAction\":[{\"@type\":\"ReadAction\",\"target\":[\"https:\\\/\\\/www.naturafrig.com.br\\\/a-sua-alimentacao-nao-pode-parar\\\/\"]}]},{\"@type\":\"ImageObject\",\"inLanguage\":\"zh-Hans\",\"@id\":\"https:\\\/\\\/www.naturafrig.com.br\\\/a-sua-alimentacao-nao-pode-parar\\\/#primaryimage\",\"url\":\"https:\\\/\\\/www.naturafrig.com.br\\\/wp-content\\\/uploads\\\/2016\\\/09\\\/banner_empresa1.png\",\"contentUrl\":\"https:\\\/\\\/www.naturafrig.com.br\\\/wp-content\\\/uploads\\\/2016\\\/09\\\/banner_empresa1.png\",\"width\":1920,\"height\":500},{\"@type\":\"BreadcrumbList\",\"@id\":\"https:\\\/\\\/www.naturafrig.com.br\\\/a-sua-alimentacao-nao-pode-parar\\\/#breadcrumb\",\"itemListElement\":[{\"@type\":\"ListItem\",\"position\":1,\"name\":\"In\u00edcio\",\"item\":\"https:\\\/\\\/www.naturafrig.com.br\\\/\"},{\"@type\":\"ListItem\",\"position\":2,\"name\":\"A sua alimenta\u00e7\u00e3o n\u00e3o pode parar\"}]},{\"@type\":\"WebSite\",\"@id\":\"https:\\\/\\\/www.naturafrig.com.br\\\/#website\",\"url\":\"https:\\\/\\\/www.naturafrig.com.br\\\/\",\"name\":\"Naturafrig Alimentos\",\"description\":\"Qualidade em cada corte!\",\"publisher\":{\"@id\":\"https:\\\/\\\/www.naturafrig.com.br\\\/#organization\"},\"potentialAction\":[{\"@type\":\"SearchAction\",\"target\":{\"@type\":\"EntryPoint\",\"urlTemplate\":\"https:\\\/\\\/www.naturafrig.com.br\\\/?s={search_term_string}\"},\"query-input\":{\"@type\":\"PropertyValueSpecification\",\"valueRequired\":true,\"valueName\":\"search_term_string\"}}],\"inLanguage\":\"zh-Hans\"},{\"@type\":\"Organization\",\"@id\":\"https:\\\/\\\/www.naturafrig.com.br\\\/#organization\",\"name\":\"Naturafrig Alimentos\",\"url\":\"https:\\\/\\\/www.naturafrig.com.br\\\/\",\"logo\":{\"@type\":\"ImageObject\",\"inLanguage\":\"zh-Hans\",\"@id\":\"https:\\\/\\\/www.naturafrig.com.br\\\/#\\\/schema\\\/logo\\\/image\\\/\",\"url\":\"https:\\\/\\\/www.naturafrig.com.br\\\/wp-content\\\/uploads\\\/2025\\\/11\\\/logo_naturafrig.png\",\"contentUrl\":\"https:\\\/\\\/www.naturafrig.com.br\\\/wp-content\\\/uploads\\\/2025\\\/11\\\/logo_naturafrig.png\",\"width\":450,\"height\":220,\"caption\":\"Naturafrig Alimentos\"},\"image\":{\"@id\":\"https:\\\/\\\/www.naturafrig.com.br\\\/#\\\/schema\\\/logo\\\/image\\\/\"},\"sameAs\":[\"https:\\\/\\\/www.facebook.com\\\/naturafrig\\\/\"]},{\"@type\":\"Person\",\"@id\":\"https:\\\/\\\/www.naturafrig.com.br\\\/#\\\/schema\\\/person\\\/2236af56dd336b8153c73d7ce6952ffa\",\"name\":\"naturafrig\",\"image\":{\"@type\":\"ImageObject\",\"inLanguage\":\"zh-Hans\",\"@id\":\"https:\\\/\\\/secure.gravatar.com\\\/avatar\\\/bf850200d24c8ad5ac328f455ea5424b4aab297cbdf824ea4518f2b240d94a64?s=96&d=mm&r=g\",\"url\":\"https:\\\/\\\/secure.gravatar.com\\\/avatar\\\/bf850200d24c8ad5ac328f455ea5424b4aab297cbdf824ea4518f2b240d94a64?s=96&d=mm&r=g\",\"contentUrl\":\"https:\\\/\\\/secure.gravatar.com\\\/avatar\\\/bf850200d24c8ad5ac328f455ea5424b4aab297cbdf824ea4518f2b240d94a64?s=96&d=mm&r=g\",\"caption\":\"naturafrig\"},\"sameAs\":[\"https:\\\/\\\/www.naturafrig.com.br\"],\"url\":\"https:\\\/\\\/www.naturafrig.com.br\\\/zh\\\/author\\\/naturafrig\\\/\"}]}<\/script>\n<!-- \/ Yoast SEO plugin. -->","yoast_head_json":{"title":"A sua alimenta\u00e7\u00e3o n\u00e3o pode parar - Naturafrig Alimentos","robots":{"index":"index","follow":"follow","max-snippet":"max-snippet:-1","max-image-preview":"max-image-preview:large","max-video-preview":"max-video-preview:-1"},"canonical":"https:\/\/www.naturafrig.com.br\/zh\/a-sua-alimentacao-nao-pode-parar\/","og_locale":"zh_CN","og_type":"article","og_title":"A sua alimenta\u00e7\u00e3o n\u00e3o pode parar - Naturafrig Alimentos","og_description":"A Naturafrig Alimentos est\u00e1 obedecendo as devidas regulamenta\u00e7\u00f5es impostas pelo Minist\u00e9rio da Agricultura, Pecu\u00e1ria e Abastecimento, e sempre mantendo o padr\u00e3o adequado de servi\u00e7o. Estamos cientes do desafio que nosso pa\u00eds e mundo passam, e do nosso compromisso de levar o alimento a toda a popula\u00e7\u00e3o. Portanto seguimos na produ\u00e7\u00e3o e distribui\u00e7\u00e3o das nossas carnes, [&hellip;]","og_url":"https:\/\/www.naturafrig.com.br\/zh\/a-sua-alimentacao-nao-pode-parar\/","og_site_name":"Naturafrig Alimentos","article_publisher":"https:\/\/www.facebook.com\/naturafrig\/","article_published_time":"2020-03-25T14:52:24+00:00","og_image":[{"width":1920,"height":500,"url":"https:\/\/www.naturafrig.com.br\/wp-content\/uploads\/2016\/09\/banner_empresa1.png","type":"image\/png"}],"author":"naturafrig","twitter_card":"summary_large_image","twitter_misc":{"\u4f5c\u8005":"naturafrig","\u9884\u8ba1\u9605\u8bfb\u65f6\u95f4":"1 \u5206"},"schema":{"@context":"https:\/\/schema.org","@graph":[{"@type":"Article","@id":"https:\/\/www.naturafrig.com.br\/a-sua-alimentacao-nao-pode-parar\/#article","isPartOf":{"@id":"https:\/\/www.naturafrig.com.br\/a-sua-alimentacao-nao-pode-parar\/"},"author":{"name":"naturafrig","@id":"https:\/\/www.naturafrig.com.br\/#\/schema\/person\/2236af56dd336b8153c73d7ce6952ffa"},"headline":"A sua alimenta\u00e7\u00e3o n\u00e3o pode parar","datePublished":"2020-03-25T14:52:24+00:00","mainEntityOfPage":{"@id":"https:\/\/www.naturafrig.com.br\/a-sua-alimentacao-nao-pode-parar\/"},"wordCount":168,"commentCount":0,"publisher":{"@id":"https:\/\/www.naturafrig.com.br\/#organization"},"image":{"@id":"https:\/\/www.naturafrig.com.br\/a-sua-alimentacao-nao-pode-parar\/#primaryimage"},"thumbnailUrl":"https:\/\/www.naturafrig.com.br\/wp-content\/uploads\/2016\/09\/banner_empresa1.png","keywords":["Naturafrig","covid","sif"],"articleSection":["Not\u00edcias"],"inLanguage":"zh-Hans"},{"@type":"WebPage","@id":"https:\/\/www.naturafrig.com.br\/a-sua-alimentacao-nao-pode-parar\/","url":"https:\/\/www.naturafrig.com.br\/a-sua-alimentacao-nao-pode-parar\/","name":"A sua alimenta\u00e7\u00e3o n\u00e3o pode parar - Naturafrig Alimentos","isPartOf":{"@id":"https:\/\/www.naturafrig.com.br\/#website"},"primaryImageOfPage":{"@id":"https:\/\/www.naturafrig.com.br\/a-sua-alimentacao-nao-pode-parar\/#primaryimage"},"image":{"@id":"https:\/\/www.naturafrig.com.br\/a-sua-alimentacao-nao-pode-parar\/#primaryimage"},"thumbnailUrl":"https:\/\/www.naturafrig.com.br\/wp-content\/uploads\/2016\/09\/banner_empresa1.png","datePublished":"2020-03-25T14:52:24+00:00","breadcrumb":{"@id":"https:\/\/www.naturafrig.com.br\/a-sua-alimentacao-nao-pode-parar\/#breadcrumb"},"inLanguage":"zh-Hans","potentialAction":[{"@type":"ReadAction","target":["https:\/\/www.naturafrig.com.br\/a-sua-alimentacao-nao-pode-parar\/"]}]},{"@type":"ImageObject","inLanguage":"zh-Hans","@id":"https:\/\/www.naturafrig.com.br\/a-sua-alimentacao-nao-pode-parar\/#primaryimage","url":"https:\/\/www.naturafrig.com.br\/wp-content\/uploads\/2016\/09\/banner_empresa1.png","contentUrl":"https:\/\/www.naturafrig.com.br\/wp-content\/uploads\/2016\/09\/banner_empresa1.png","width":1920,"height":500},{"@type":"BreadcrumbList","@id":"https:\/\/www.naturafrig.com.br\/a-sua-alimentacao-nao-pode-parar\/#breadcrumb","itemListElement":[{"@type":"ListItem","position":1,"name":"In\u00edcio","item":"https:\/\/www.naturafrig.com.br\/"},{"@type":"ListItem","position":2,"name":"A sua alimenta\u00e7\u00e3o n\u00e3o pode parar"}]},{"@type":"WebSite","@id":"https:\/\/www.naturafrig.com.br\/#website","url":"https:\/\/www.naturafrig.com.br\/","name":"Naturafrig Alimentos","description":"Qualidade em cada corte!","publisher":{"@id":"https:\/\/www.naturafrig.com.br\/#organization"},"potentialAction":[{"@type":"SearchAction","target":{"@type":"EntryPoint","urlTemplate":"https:\/\/www.naturafrig.com.br\/?s={search_term_string}"},"query-input":{"@type":"PropertyValueSpecification","valueRequired":true,"valueName":"search_term_string"}}],"inLanguage":"zh-Hans"},{"@type":"Organization","@id":"https:\/\/www.naturafrig.com.br\/#organization","name":"Naturafrig Alimentos","url":"https:\/\/www.naturafrig.com.br\/","logo":{"@type":"ImageObject","inLanguage":"zh-Hans","@id":"https:\/\/www.naturafrig.com.br\/#\/schema\/logo\/image\/","url":"https:\/\/www.naturafrig.com.br\/wp-content\/uploads\/2025\/11\/logo_naturafrig.png","contentUrl":"https:\/\/www.naturafrig.com.br\/wp-content\/uploads\/2025\/11\/logo_naturafrig.png","width":450,"height":220,"caption":"Naturafrig Alimentos"},"image":{"@id":"https:\/\/www.naturafrig.com.br\/#\/schema\/logo\/image\/"},"sameAs":["https:\/\/www.facebook.com\/naturafrig\/"]},{"@type":"Person","@id":"https:\/\/www.naturafrig.com.br\/#\/schema\/person\/2236af56dd336b8153c73d7ce6952ffa","name":"naturafrig","image":{"@type":"ImageObject","inLanguage":"zh-Hans","@id":"https:\/\/secure.gravatar.com\/avatar\/bf850200d24c8ad5ac328f455ea5424b4aab297cbdf824ea4518f2b240d94a64?s=96&d=mm&r=g","url":"https:\/\/secure.gravatar.com\/avatar\/bf850200d24c8ad5ac328f455ea5424b4aab297cbdf824ea4518f2b240d94a64?s=96&d=mm&r=g","contentUrl":"https:\/\/secure.gravatar.com\/avatar\/bf850200d24c8ad5ac328f455ea5424b4aab297cbdf824ea4518f2b240d94a64?s=96&d=mm&r=g","caption":"naturafrig"},"sameAs":["https:\/\/www.naturafrig.com.br"],"url":"https:\/\/www.naturafrig.com.br\/zh\/author\/naturafrig\/"}]}},"_links":{"self":[{"href":"https:\/\/www.naturafrig.com.br\/zh\/wp-json\/wp\/v2\/posts\/917","targetHints":{"allow":["GET"]}}],"collection":[{"href":"https:\/\/www.naturafrig.com.br\/zh\/wp-json\/wp\/v2\/posts"}],"about":[{"href":"https:\/\/www.naturafrig.com.br\/zh\/wp-json\/wp\/v2\/types\/post"}],"author":[{"embeddable":true,"href":"https:\/\/www.naturafrig.com.br\/zh\/wp-json\/wp\/v2\/users\/1"}],"replies":[{"embeddable":true,"href":"https:\/\/www.naturafrig.com.br\/zh\/wp-json\/wp\/v2\/comments?post=917"}],"version-history":[{"count":0,"href":"https:\/\/www.naturafrig.com.br\/zh\/wp-json\/wp\/v2\/posts\/917\/revisions"}],"wp:featuredmedia":[{"embeddable":true,"href":"https:\/\/www.naturafrig.com.br\/zh\/wp-json\/wp\/v2\/media\/598"}],"wp:attachment":[{"href":"https:\/\/www.naturafrig.com.br\/zh\/wp-json\/wp\/v2\/media?parent=917"}],"wp:term":[{"taxonomy":"category","embeddable":true,"href":"https:\/\/www.naturafrig.com.br\/zh\/wp-json\/wp\/v2\/categories?post=917"},{"taxonomy":"post_tag","embeddable":true,"href":"https:\/\/www.naturafrig.com.br\/zh\/wp-json\/wp\/v2\/tags?post=917"}],"curies":[{"name":"wp","href":"https:\/\/api.w.org\/{rel}","templated":true}]}}